{
    "id": 1504,
    "date": "2025-04-03T15:31:18",
    "date_gmt": "2025-04-03T13:31:18",
    "guid": {
        "rendered": "https:\/\/yaracreatyque.fr\/mon-compte\/"
    },
    "modified": "2025-08-22T13:13:01",
    "modified_gmt": "2025-08-22T11:13:01",
    "slug": "mon-compte-espace-personnel",
    "status": "publish",
    "type": "page",
    "link": "https:\/\/yaracreatyque.fr\/en\/?page_id=1504",
    "title": {
        "rendered": "Mon compte &#8211; Espace Personnel"
    },
    "content": {
        "rendered": "<div style=\"height:100px\" aria-hidden=\"true\" class=\"wp-block-spacer\"><\/div>\n\n\n\n<div style=\"height:34px\" aria-hidden=\"true\" class=\"wp-block-spacer\"><\/div>\n\n\n\n<p class=\"has-text-align-center wp-block-paragraph\">Mon compte : <em>cet <strong>espace personnel<\/strong> est le tien. <\/em><\/p>\n\n\n\n<p class=\"has-text-align-center wp-block-paragraph\"><em>Ici, tu peux acc\u00e9der \u00e0 ton compte, tes t\u00e9l\u00e9chargements, tes commandes ou ton abonnement. <\/em><\/p>\n\n\n\n<p class=\"has-text-align-center wp-block-paragraph\"><em>Un lieu intime et prot\u00e9g\u00e9 pour accompagner ton voyage int\u00e9rieur \u00e0 ton rythme.<\/em><\/p>\n\n\n\n<div style=\"height:100px\" aria-hidden=\"true\" class=\"wp-block-spacer\"><\/div>\n\n\n<div class=\"woocommerce\"><div class=\"woocommerce-notices-wrapper\"><\/div>\n\n\t\t<h2 data-no-translation=\"\" data-trp-gettext=\"\">Login<\/h2>\n\n\t\t<form class=\"woocommerce-form woocommerce-form-login login\" method=\"post\" novalidate action=\"\">\n\n\t\t\t\n\t\t\t<p class=\"woocommerce-form-row woocommerce-form-row--wide form-row form-row-wide\">\n\t\t\t\t<label for=\"username\">Username or email address&nbsp;<span class=\"required\" aria-hidden=\"true\">*<\/span><span class=\"screen-reader-text\" data-no-translation=\"\" data-trp-gettext=\"\">Required<\/span><\/label>\n\t\t\t\t<input type=\"text\" class=\"woocommerce-Input woocommerce-Input--text input-text\" name=\"username\" id=\"username\" autocomplete=\"username\" value=\"\" required aria-required=\"true\" \/>\t\t\t<\/p>\n\t\t\t<p class=\"woocommerce-form-row woocommerce-form-row--wide form-row form-row-wide\">\n\t\t\t\t<label for=\"password\">Password&nbsp;<span class=\"required\" aria-hidden=\"true\">*<\/span><span class=\"screen-reader-text\" data-no-translation=\"\" data-trp-gettext=\"\">Required<\/span><\/label>\n\t\t\t\t<input class=\"woocommerce-Input woocommerce-Input--text input-text\" type=\"password\" name=\"password\" id=\"password\" autocomplete=\"current-password\" required aria-required=\"true\" \/>\n\t\t\t<\/p>\n\n\t\t\t\n\t\t\t<p class=\"form-row\">\n\t\t\t\t<label class=\"woocommerce-form__label woocommerce-form__label-for-checkbox woocommerce-form-login__rememberme\">\n\t\t\t\t\t<input class=\"woocommerce-form__input woocommerce-form__input-checkbox\" name=\"rememberme\" type=\"checkbox\" id=\"rememberme\" value=\"forever\" \/> <span data-no-translation=\"\" data-trp-gettext=\"\">Remember me<\/span>\n\t\t\t\t<\/label>\n\t\t\t\t<input type=\"hidden\" id=\"woocommerce-login-nonce\" name=\"woocommerce-login-nonce\" value=\"8ee70a4186\" \/><input type=\"hidden\" name=\"_wp_http_referer\" value=\"\/en\/index.php?rest_route=%2Fwp%2Fv2%2Fpages%2F1504\" \/>\t\t\t\t<button type=\"submit\" class=\"woocommerce-button button woocommerce-form-login__submit wp-element-button\" name=\"login\" value=\"Log in\" data-no-translation=\"\" data-trp-gettext=\"\" data-no-translation-value=\"\">Log in<\/button>\n\t\t\t<\/p>\n\t\t\t<p class=\"woocommerce-LostPassword lost_password\">\n\t\t\t\t<a href=\"https:\/\/yaracreatyque.fr\/en\/?page_id=1504&#038;lost-password\" data-no-translation=\"\" data-trp-gettext=\"\">Lost your password?<\/a>\n\t\t\t<\/p>\n\n\t\t\t\n\t\t<input type=\"hidden\" name=\"trp-form-language\" value=\"en\"\/><\/form>\n\n\n<\/div>\n\n\n\n<div style=\"height:100px\" aria-hidden=\"true\" class=\"wp-block-spacer\"><\/div>\n\n\n\n<p class=\"has-text-align-center wp-block-paragraph\">Bienvenue dans ton espace personnel <br>Ici, tu peux suivre ton propre rythme, retrouver tes t\u00e9l\u00e9chargements, tes commandes, et les contenus qui nourrissent ton chemin.<br>Chaque connexion ici est une reconnexion \u00e0 toi-m\u00eame<\/p>\n\n\n\n<div style=\"height:100px\" aria-hidden=\"true\" class=\"wp-block-spacer\"><\/div>\n\n\n\n<h2 class=\"wp-block-heading has-text-align-center\">\u00c0 lire en ce moment<\/h2>\n\n\n\n<div style=\"height:33px\" aria-hidden=\"true\" class=\"wp-block-spacer\"><\/div>\n\n\n\n<p class=\"has-text-align-center wp-block-paragraph\">Tu veux te mettre \u00e0 jour en un clin d\u2019\u0153il ?<br>Voici les derniers partages publi\u00e9s sur le blog <\/p>\n\n\n\n<p class=\"has-text-align-center wp-block-paragraph\">Des articles pour nourrir ton inspiration du moment.<\/p>\n\n\n\n<div style=\"height:22px\" aria-hidden=\"true\" class=\"wp-block-spacer\"><\/div>\n\n\n\n<p class=\"has-text-align-center wp-block-paragraph\">Et n\u2019h\u00e9site pas \u00e0 partager tes ressentis ou \u00e0 participer <\/p>\n\n\n\n<p class=\"has-text-align-center wp-block-paragraph\">si le c\u0153ur t\u2019en dit<\/p>\n\n\n\n<div style=\"height:33px\" aria-hidden=\"true\" class=\"wp-block-spacer\"><\/div>\n\n\n<ul style=\"letter-spacing:3px;\" class=\"wp-block-latest-posts__list is-grid columns-3 has-dates has-link-color wp-elements-936aaeb9b7db8093836e14112ece9815 wp-block-latest-posts has-background has-custom-color-7-background-color has-montserrat-font-family\"><li><div class=\"wp-block-latest-posts__featured-image aligncenter\"><a href=\"https:\/\/yaracreatyque.fr\/en\/?p=3044\" aria-label=\"Coloriages G\u00e9om\u00e9triques \u00e0 imprimer\"><img loading=\"lazy\" decoding=\"async\" width=\"150\" height=\"150\" src=\"https:\/\/i0.wp.com\/yaracreatyque.fr\/wp-content\/uploads\/2025\/04\/Livres-de-coloriages-geometriques-yara-creatyque.jpg?resize=150%2C150&amp;ssl=1\" class=\"attachment-thumbnail size-thumbnail wp-post-image\" alt=\"Livre de coloriage g\u00e9om\u00e9trique \u00e0 imprimer - Yara Creatyque\" style=\"\" srcset=\"https:\/\/i0.wp.com\/yaracreatyque.fr\/wp-content\/uploads\/2025\/04\/Livres-de-coloriages-geometriques-yara-creatyque.jpg?resize=150%2C150&amp;ssl=1 150w, https:\/\/i0.wp.com\/yaracreatyque.fr\/wp-content\/uploads\/2025\/04\/Livres-de-coloriages-geometriques-yara-creatyque.jpg?resize=300%2C300&amp;ssl=1 300w, https:\/\/i0.wp.com\/yaracreatyque.fr\/wp-content\/uploads\/2025\/04\/Livres-de-coloriages-geometriques-yara-creatyque.jpg?resize=100%2C100&amp;ssl=1 100w, https:\/\/i0.wp.com\/yaracreatyque.fr\/wp-content\/uploads\/2025\/04\/Livres-de-coloriages-geometriques-yara-creatyque.jpg?resize=50%2C50&amp;ssl=1 50w, https:\/\/i0.wp.com\/yaracreatyque.fr\/wp-content\/uploads\/2025\/04\/Livres-de-coloriages-geometriques-yara-creatyque.jpg?zoom=3&amp;resize=150%2C150&amp;ssl=1 450w\" sizes=\"auto, (max-width: 150px) 100vw, 150px\" data-attachment-id=\"1881\" data-permalink=\"https:\/\/yaracreatyque.fr\/en\/?attachment_id=1881\" data-orig-file=\"https:\/\/i0.wp.com\/yaracreatyque.fr\/wp-content\/uploads\/2025\/04\/Livres-de-coloriages-geometriques-yara-creatyque.jpg?fit=1200%2C628&amp;ssl=1\" data-orig-size=\"1200,628\" data-comments-opened=\"1\" data-image-meta=\"{&quot;aperture&quot;:&quot;0&quot;,&quot;credit&quot;:&quot;&quot;,&quot;camera&quot;:&quot;&quot;,&quot;caption&quot;:&quot;&quot;,&quot;created_timestamp&quot;:&quot;0&quot;,&quot;copyright&quot;:&quot;&quot;,&quot;focal_length&quot;:&quot;0&quot;,&quot;iso&quot;:&quot;0&quot;,&quot;shutter_speed&quot;:&quot;0&quot;,&quot;title&quot;:&quot;&quot;,&quot;orientation&quot;:&quot;1&quot;}\" data-image-title=\"Livres de coloriage g\u00e9om\u00e9trique \u2013 Yara Creatyque\" data-image-description=\"&lt;p&gt;Illustration repr\u00e9sentant une femme paisible et heureuse qui colorie des motifs g\u00e9om\u00e9triques.. Un visuel d\u00e9di\u00e9 \u00e0 la page pr\u00e9sentant les livres de coloriage publi\u00e9s par Yara Creatyque, alliant art, m\u00e9ditation et introspection.&lt;\/p&gt;\" data-image-caption=\"&lt;p&gt;Une pratique d\u2019ancrage, de pr\u00e9sence et de joie int\u00e9rieure.&lt;\/p&gt;\" data-large-file=\"https:\/\/i0.wp.com\/yaracreatyque.fr\/wp-content\/uploads\/2025\/04\/Livres-de-coloriages-geometriques-yara-creatyque.jpg?fit=1024%2C536&amp;ssl=1\" \/><\/a><\/div><a class=\"wp-block-latest-posts__post-title\" href=\"https:\/\/yaracreatyque.fr\/en\/?p=3044\">Coloriages G\u00e9om\u00e9triques \u00e0 imprimer<\/a><time datetime=\"2025-08-22T16:02:00+02:00\" class=\"wp-block-latest-posts__post-date\">22 August 2025<\/time><div class=\"wp-block-latest-posts__post-excerpt\">Livre de coloriage g\u00e9om\u00e9trique \u00e0 imprimer, coloriages originaux et uniques, activit\u00e9 cr\u00e9ative anti-stress pour adultes, dessins artistiques \u00e0 colorer,&#8230; Livre de coloriage\u2026 <a class=\"wp-block-latest-posts__read-more\" href=\"https:\/\/yaracreatyque.fr\/en\/?p=3044\" rel=\"noopener noreferrer\">Read more<span class=\"screen-reader-text\">: Coloriages G\u00e9om\u00e9triques \u00e0 imprimer<\/span><\/a><\/div><\/li>\n<li><div class=\"wp-block-latest-posts__featured-image aligncenter\"><a href=\"https:\/\/yaracreatyque.fr\/en\/?p=2853\" aria-label=\"Mandalas en triangles\"><img loading=\"lazy\" decoding=\"async\" width=\"150\" height=\"150\" src=\"https:\/\/i0.wp.com\/yaracreatyque.fr\/wp-content\/uploads\/2025\/08\/Mandala-en-triangles-coquillage-Yara-Creatyque.jpg?resize=150%2C150&amp;ssl=1\" class=\"attachment-thumbnail size-thumbnail wp-post-image\" alt=\"Mandalas en triangles Coquillages Yara Creatyque\" style=\"\" srcset=\"https:\/\/i0.wp.com\/yaracreatyque.fr\/wp-content\/uploads\/2025\/08\/Mandala-en-triangles-coquillage-Yara-Creatyque.jpg?w=2048&amp;ssl=1 2048w, https:\/\/i0.wp.com\/yaracreatyque.fr\/wp-content\/uploads\/2025\/08\/Mandala-en-triangles-coquillage-Yara-Creatyque.jpg?resize=300%2C300&amp;ssl=1 300w, https:\/\/i0.wp.com\/yaracreatyque.fr\/wp-content\/uploads\/2025\/08\/Mandala-en-triangles-coquillage-Yara-Creatyque.jpg?resize=1024%2C1024&amp;ssl=1 1024w, https:\/\/i0.wp.com\/yaracreatyque.fr\/wp-content\/uploads\/2025\/08\/Mandala-en-triangles-coquillage-Yara-Creatyque.jpg?resize=150%2C150&amp;ssl=1 150w, https:\/\/i0.wp.com\/yaracreatyque.fr\/wp-content\/uploads\/2025\/08\/Mandala-en-triangles-coquillage-Yara-Creatyque.jpg?resize=768%2C768&amp;ssl=1 768w, https:\/\/i0.wp.com\/yaracreatyque.fr\/wp-content\/uploads\/2025\/08\/Mandala-en-triangles-coquillage-Yara-Creatyque.jpg?resize=1536%2C1536&amp;ssl=1 1536w, https:\/\/i0.wp.com\/yaracreatyque.fr\/wp-content\/uploads\/2025\/08\/Mandala-en-triangles-coquillage-Yara-Creatyque.jpg?resize=12%2C12&amp;ssl=1 12w, https:\/\/i0.wp.com\/yaracreatyque.fr\/wp-content\/uploads\/2025\/08\/Mandala-en-triangles-coquillage-Yara-Creatyque.jpg?resize=600%2C600&amp;ssl=1 600w, https:\/\/i0.wp.com\/yaracreatyque.fr\/wp-content\/uploads\/2025\/08\/Mandala-en-triangles-coquillage-Yara-Creatyque.jpg?resize=100%2C100&amp;ssl=1 100w, https:\/\/i0.wp.com\/yaracreatyque.fr\/wp-content\/uploads\/2025\/08\/Mandala-en-triangles-coquillage-Yara-Creatyque.jpg?resize=50%2C50&amp;ssl=1 50w\" sizes=\"auto, (max-width: 150px) 100vw, 150px\" data-attachment-id=\"2886\" data-permalink=\"https:\/\/yaracreatyque.fr\/en\/?attachment_id=2886\" data-orig-file=\"https:\/\/i0.wp.com\/yaracreatyque.fr\/wp-content\/uploads\/2025\/08\/Mandala-en-triangles-coquillage-Yara-Creatyque.jpg?fit=2048%2C2048&amp;ssl=1\" data-orig-size=\"2048,2048\" data-comments-opened=\"1\" data-image-meta=\"{&quot;aperture&quot;:&quot;0&quot;,&quot;credit&quot;:&quot;&quot;,&quot;camera&quot;:&quot;&quot;,&quot;caption&quot;:&quot;&quot;,&quot;created_timestamp&quot;:&quot;0&quot;,&quot;copyright&quot;:&quot;&quot;,&quot;focal_length&quot;:&quot;0&quot;,&quot;iso&quot;:&quot;0&quot;,&quot;shutter_speed&quot;:&quot;0&quot;,&quot;title&quot;:&quot;Illustration sans titre&quot;,&quot;orientation&quot;:&quot;0&quot;}\" data-image-title=\"Mandala en triangles Coquillages Yara Creatyque\" data-image-description=\"&lt;p&gt;Mandala g\u00e9om\u00e9trique en triangles th\u00e8me Coquillages par Yara Creatyque&lt;\/p&gt;\" data-image-caption=\"&lt;p&gt;Mandala en triangles Coquillages Yara Creatyque&lt;\/p&gt;\" data-large-file=\"https:\/\/i0.wp.com\/yaracreatyque.fr\/wp-content\/uploads\/2025\/08\/Mandala-en-triangles-coquillage-Yara-Creatyque.jpg?fit=1024%2C1024&amp;ssl=1\" \/><\/a><\/div><a class=\"wp-block-latest-posts__post-title\" href=\"https:\/\/yaracreatyque.fr\/en\/?p=2853\">Mandalas en triangles<\/a><time datetime=\"2025-08-11T10:32:13+02:00\" class=\"wp-block-latest-posts__post-date\">11 August 2025<\/time><div class=\"wp-block-latest-posts__post-excerpt\">Des mandalas avec une forme r\u00e9p\u00e9t\u00e9e : les triangles Ils ont un c\u00f4t\u00e9 un peu cosmique ou quantique En miniatures Ou de\u2026 <a class=\"wp-block-latest-posts__read-more\" href=\"https:\/\/yaracreatyque.fr\/en\/?p=2853\" rel=\"noopener noreferrer\">Read more<span class=\"screen-reader-text\">: Mandalas en triangles<\/span><\/a><\/div><\/li>\n<li><div class=\"wp-block-latest-posts__featured-image aligncenter\"><a href=\"https:\/\/yaracreatyque.fr\/en\/?p=2787\" aria-label=\"Fiche d&rsquo;interpr\u00e9tation Introspective\"><img loading=\"lazy\" decoding=\"async\" width=\"150\" height=\"150\" src=\"https:\/\/i0.wp.com\/yaracreatyque.fr\/wp-content\/uploads\/2025\/08\/LION-SOUVERAINETE-INTERIEURE.png?resize=150%2C150&amp;ssl=1\" class=\"attachment-thumbnail size-thumbnail wp-post-image\" alt=\"LION - SOUVERAINET\u00c9 INT\u00c9RIEUR - COLORIAGE D\u00c9VELOPPEMENT PERSONNEL\" style=\"\" srcset=\"https:\/\/i0.wp.com\/yaracreatyque.fr\/wp-content\/uploads\/2025\/08\/LION-SOUVERAINETE-INTERIEURE.png?resize=150%2C150&amp;ssl=1 150w, https:\/\/i0.wp.com\/yaracreatyque.fr\/wp-content\/uploads\/2025\/08\/LION-SOUVERAINETE-INTERIEURE.png?resize=300%2C300&amp;ssl=1 300w, https:\/\/i0.wp.com\/yaracreatyque.fr\/wp-content\/uploads\/2025\/08\/LION-SOUVERAINETE-INTERIEURE.png?resize=100%2C100&amp;ssl=1 100w, https:\/\/i0.wp.com\/yaracreatyque.fr\/wp-content\/uploads\/2025\/08\/LION-SOUVERAINETE-INTERIEURE.png?resize=50%2C50&amp;ssl=1 50w, https:\/\/i0.wp.com\/yaracreatyque.fr\/wp-content\/uploads\/2025\/08\/LION-SOUVERAINETE-INTERIEURE.png?zoom=3&amp;resize=150%2C150&amp;ssl=1 450w\" sizes=\"auto, (max-width: 150px) 100vw, 150px\" data-attachment-id=\"3070\" data-permalink=\"https:\/\/yaracreatyque.fr\/en\/?attachment_id=3070\" data-orig-file=\"https:\/\/i0.wp.com\/yaracreatyque.fr\/wp-content\/uploads\/2025\/08\/LION-SOUVERAINETE-INTERIEURE.png?fit=1200%2C628&amp;ssl=1\" data-orig-size=\"1200,628\" data-comments-opened=\"0\" data-image-meta=\"{&quot;aperture&quot;:&quot;0&quot;,&quot;credit&quot;:&quot;&quot;,&quot;camera&quot;:&quot;&quot;,&quot;caption&quot;:&quot;&quot;,&quot;created_timestamp&quot;:&quot;0&quot;,&quot;copyright&quot;:&quot;&quot;,&quot;focal_length&quot;:&quot;0&quot;,&quot;iso&quot;:&quot;0&quot;,&quot;shutter_speed&quot;:&quot;0&quot;,&quot;title&quot;:&quot;&quot;,&quot;orientation&quot;:&quot;0&quot;}\" data-image-title=\"LION SOUVERAINETE INTERIEURE\" data-image-description=\"&lt;p&gt;LION &amp;#8211; SOUVERAINET\u00c9 INT\u00c9RIEUR &amp;#8211; COLORIAGE D\u00c9VELOPPEMENT PERSONNEL&lt;\/p&gt;\" data-image-caption=\"\" data-large-file=\"https:\/\/i0.wp.com\/yaracreatyque.fr\/wp-content\/uploads\/2025\/08\/LION-SOUVERAINETE-INTERIEURE.png?fit=1024%2C536&amp;ssl=1\" \/><\/a><\/div><a class=\"wp-block-latest-posts__post-title\" href=\"https:\/\/yaracreatyque.fr\/en\/?p=2787\">Fiche d&rsquo;interpr\u00e9tation Introspective<\/a><time datetime=\"2025-08-09T14:44:05+02:00\" class=\"wp-block-latest-posts__post-date\">9 August 2025<\/time><div class=\"wp-block-latest-posts__post-excerpt\">Lion &#8211; Souverainet\u00e9 Int\u00e9rieure Fiche d&rsquo;interpr\u00e9tation introspective du mod\u00e8le Lion &#8211; Souverainet\u00e9 Int\u00e9rieure. Bienvenue dans cette pr\u00e9sentation des supports propos\u00e9s par Trialogue\u2026 <a class=\"wp-block-latest-posts__read-more\" href=\"https:\/\/yaracreatyque.fr\/en\/?p=2787\" rel=\"noopener noreferrer\">Read more<span class=\"screen-reader-text\">: Fiche d&rsquo;interpr\u00e9tation Introspective<\/span><\/a><\/div><\/li>\n<\/ul>\n\n\n<div style=\"height:122px\" aria-hidden=\"true\" class=\"wp-block-spacer\"><\/div>\n\n\n\n<p class=\"has-text-align-center wp-block-paragraph\"><em>Assieds-toi, souffle un peu,<\/em><br><em>Ce lieu t\u2019appartient, <\/em><\/p>\n\n\n\n<p class=\"has-text-align-center wp-block-paragraph\">Pour ce moment,<br><em>Entre tes mains, le calme est la cl\u00e9,<\/em><br><em>Pour dessiner ce qui veut s\u2019exprimer.<\/em><\/p>\n\n\n\n<div style=\"height:122px\" aria-hidden=\"true\" class=\"wp-block-spacer\"><\/div>\n\n\n\n<h3 class=\"wp-block-heading\">Mon compte &#8211; espace personnel :<\/h3>\n\n\n\n<p class=\"wp-block-paragraph\">Un raccourcis?<\/p>\n\n\n\n<figure data-wp-context=\"{&quot;galleryId&quot;:&quot;69f1bba5c6b5f&quot;}\" data-wp-interactive=\"core\/gallery\" class=\"wp-block-gallery has-nested-images columns-default is-cropped wp-block-gallery-1 is-layout-flex wp-block-gallery-is-layout-flex\">\n<figure data-wp-context=\"{&quot;imageId&quot;:&quot;69f1bba5d1e89&quot;}\" data-wp-interactive=\"core\/image\" data-wp-key=\"69f1bba5d1e89\" class=\"wp-block-image size-large is-style-rounded wp-lightbox-container\"><img data-recalc-dims=\"1\" loading=\"lazy\" decoding=\"async\" width=\"1024\" height=\"536\" data-attachment-id=\"1844\" data-permalink=\"https:\/\/yaracreatyque.fr\/en\/?attachment_id=1844\" data-orig-file=\"https:\/\/i0.wp.com\/yaracreatyque.fr\/wp-content\/uploads\/2025\/04\/Designs-geometriques-yara-creatyque.jpg?fit=1200%2C628&amp;ssl=1\" data-orig-size=\"1200,628\" data-comments-opened=\"1\" data-image-meta=\"{&quot;aperture&quot;:&quot;0&quot;,&quot;credit&quot;:&quot;&quot;,&quot;camera&quot;:&quot;&quot;,&quot;caption&quot;:&quot;&quot;,&quot;created_timestamp&quot;:&quot;0&quot;,&quot;copyright&quot;:&quot;&quot;,&quot;focal_length&quot;:&quot;0&quot;,&quot;iso&quot;:&quot;0&quot;,&quot;shutter_speed&quot;:&quot;0&quot;,&quot;title&quot;:&quot;&quot;,&quot;orientation&quot;:&quot;1&quot;}\" data-image-title=\"Designs g\u00e9om\u00e9triques I Portfolio &amp;#8211; Yara Creatyque\" data-image-description=\"&lt;p&gt;Illustration d\u2019un ensemble de designs g\u00e9om\u00e9triques inspir\u00e9s par la symbolique, l\u2019intuition et la m\u00e9ditation. Ces cr\u00e9ations uniques forment le c\u0153ur de l\u2019univers artistique de Yara Creatyque, alliant art sacr\u00e9 et exploration int\u00e9rieure.&lt;\/p&gt;\" data-image-caption=\"&lt;p&gt;Explorer tous les designs&lt;\/p&gt;\" data-large-file=\"https:\/\/i0.wp.com\/yaracreatyque.fr\/wp-content\/uploads\/2025\/04\/Designs-geometriques-yara-creatyque.jpg?fit=1024%2C536&amp;ssl=1\" data-wp-class--hide=\"state.isContentHidden\" data-wp-class--show=\"state.isContentVisible\" data-wp-init=\"callbacks.setButtonStyles\" data-wp-on--click=\"actions.showLightbox\" data-wp-on--load=\"callbacks.setButtonStyles\" data-wp-on--pointerdown=\"actions.preloadImage\" data-wp-on--pointerenter=\"actions.preloadImageWithDelay\" data-wp-on--pointerleave=\"actions.cancelPreload\" data-wp-on-window--resize=\"callbacks.setButtonStyles\" data-id=\"1844\" src=\"https:\/\/i0.wp.com\/yaracreatyque.fr\/wp-content\/uploads\/2025\/04\/Designs-geometriques-yara-creatyque.jpg?resize=1024%2C536&#038;ssl=1\" alt=\"Designs g\u00e9om\u00e9triques en ligne claire, formes sacr\u00e9es et intuitives \u2013 Designs Yara Creatyque\" class=\"wp-image-1844\" srcset=\"https:\/\/i0.wp.com\/yaracreatyque.fr\/wp-content\/uploads\/2025\/04\/Designs-geometriques-yara-creatyque.jpg?resize=1024%2C536&amp;ssl=1 1024w, https:\/\/i0.wp.com\/yaracreatyque.fr\/wp-content\/uploads\/2025\/04\/Designs-geometriques-yara-creatyque.jpg?resize=300%2C157&amp;ssl=1 300w, https:\/\/i0.wp.com\/yaracreatyque.fr\/wp-content\/uploads\/2025\/04\/Designs-geometriques-yara-creatyque.jpg?resize=768%2C402&amp;ssl=1 768w, https:\/\/i0.wp.com\/yaracreatyque.fr\/wp-content\/uploads\/2025\/04\/Designs-geometriques-yara-creatyque.jpg?resize=18%2C9&amp;ssl=1 18w, https:\/\/i0.wp.com\/yaracreatyque.fr\/wp-content\/uploads\/2025\/04\/Designs-geometriques-yara-creatyque.jpg?resize=600%2C314&amp;ssl=1 600w, https:\/\/i0.wp.com\/yaracreatyque.fr\/wp-content\/uploads\/2025\/04\/Designs-geometriques-yara-creatyque.jpg?w=1200&amp;ssl=1 1200w\" sizes=\"auto, (max-width: 1000px) 100vw, 1000px\" \/><button\n\t\t\tclass=\"lightbox-trigger\"\n\t\t\ttype=\"button\"\n\t\t\taria-haspopup=\"dialog\"\n\t\t\tdata-wp-bind--aria-label=\"state.thisImage.triggerButtonAriaLabel\"\n\t\t\tdata-wp-init=\"callbacks.initTriggerButton\"\n\t\t\tdata-wp-on--click=\"actions.showLightbox\"\n\t\t\tdata-wp-style--right=\"state.thisImage.buttonRight\"\n\t\t\tdata-wp-style--top=\"state.thisImage.buttonTop\"\n\t\t>\n\t\t\t<svg xmlns=\"http:\/\/www.w3.org\/2000\/svg\" width=\"12\" height=\"12\" fill=\"none\" viewbox=\"0 0 12 12\">\n\t\t\t\t<path fill=\"#fff\" d=\"M2 0a2 2 0 0 0-2 2v2h1.5V2a.5.5 0 0 1 .5-.5h2V0H2Zm2 10.5H2a.5.5 0 0 1-.5-.5V8H0v2a2 2 0 0 0 2 2h2v-1.5ZM8 12v-1.5h2a.5.5 0 0 0 .5-.5V8H12v2a2 2 0 0 1-2 2H8Zm2-12a2 2 0 0 1 2 2v2h-1.5V2a.5.5 0 0 0-.5-.5H8V0h2Z\" \/>\n\t\t\t<\/svg>\n\t\t<\/button><figcaption class=\"wp-element-caption\"><mark style=\"background-color:rgba(0, 0, 0, 0)\" class=\"has-inline-color has-custom-color-1-color\"><strong>D\u00e9couvre les derniers designs<\/strong><\/mark><\/figcaption><\/figure>\n\n\n\n<figure data-wp-context=\"{&quot;imageId&quot;:&quot;69f1bba5d3624&quot;}\" data-wp-interactive=\"core\/image\" data-wp-key=\"69f1bba5d3624\" class=\"wp-block-image size-large is-style-rounded wp-lightbox-container\"><img data-recalc-dims=\"1\" loading=\"lazy\" decoding=\"async\" width=\"1024\" height=\"536\" data-attachment-id=\"1849\" data-permalink=\"https:\/\/yaracreatyque.fr\/en\/?attachment_id=1849\" data-orig-file=\"https:\/\/i0.wp.com\/yaracreatyque.fr\/wp-content\/uploads\/2025\/04\/espace-creatif-d-introspection-trialogue-yara-creatyque.jpg?fit=1200%2C628&amp;ssl=1\" data-orig-size=\"1200,628\" data-comments-opened=\"1\" data-image-meta=\"{&quot;aperture&quot;:&quot;0&quot;,&quot;credit&quot;:&quot;&quot;,&quot;camera&quot;:&quot;&quot;,&quot;caption&quot;:&quot;&quot;,&quot;created_timestamp&quot;:&quot;0&quot;,&quot;copyright&quot;:&quot;&quot;,&quot;focal_length&quot;:&quot;0&quot;,&quot;iso&quot;:&quot;0&quot;,&quot;shutter_speed&quot;:&quot;0&quot;,&quot;title&quot;:&quot;&quot;,&quot;orientation&quot;:&quot;1&quot;}\" data-image-title=\"Trialogue \u2013 Espace cr\u00e9atif d\u2019introspection \u2013 Yara Creatyque\" data-image-description=\"&lt;p&gt; Visuel symbolique repr\u00e9sentant l\u2019univers de Trialogue, une m\u00e9thode d\u2019introspection par la g\u00e9om\u00e9trie, la symbolique et la couleur. L\u2019image \u00e9voque le rassemblement autour de la cr\u00e9ation et de l&amp;rsquo;introspection, la transformation int\u00e9rieure, la r\u00e9sonance personnelle et collective et la beaut\u00e9 du cheminement.&lt;\/p&gt;\" data-image-caption=\"&lt;p&gt;Un espace o\u00f9 l\u2019art devient un miroir de l\u2019\u00e2me.&lt;\/p&gt;\" data-large-file=\"https:\/\/i0.wp.com\/yaracreatyque.fr\/wp-content\/uploads\/2025\/04\/espace-creatif-d-introspection-trialogue-yara-creatyque.jpg?fit=1024%2C536&amp;ssl=1\" data-wp-class--hide=\"state.isContentHidden\" data-wp-class--show=\"state.isContentVisible\" data-wp-init=\"callbacks.setButtonStyles\" data-wp-on--click=\"actions.showLightbox\" data-wp-on--load=\"callbacks.setButtonStyles\" data-wp-on--pointerdown=\"actions.preloadImage\" data-wp-on--pointerenter=\"actions.preloadImageWithDelay\" data-wp-on--pointerleave=\"actions.cancelPreload\" data-wp-on-window--resize=\"callbacks.setButtonStyles\" data-id=\"1849\" src=\"https:\/\/i0.wp.com\/yaracreatyque.fr\/wp-content\/uploads\/2025\/04\/espace-creatif-d-introspection-trialogue-yara-creatyque.jpg?resize=1024%2C536&#038;ssl=1\" alt=\"illustration d'un groupe de femmes rassembl\u00e9es autour de la cr\u00e9ativit\u00e9 et l'introspection refl\u00e9tant le concept et l'ambiance de l'espace cr\u00e9atif d'introspection trialogue.\" class=\"wp-image-1849\" srcset=\"https:\/\/i0.wp.com\/yaracreatyque.fr\/wp-content\/uploads\/2025\/04\/espace-creatif-d-introspection-trialogue-yara-creatyque.jpg?resize=1024%2C536&amp;ssl=1 1024w, https:\/\/i0.wp.com\/yaracreatyque.fr\/wp-content\/uploads\/2025\/04\/espace-creatif-d-introspection-trialogue-yara-creatyque.jpg?resize=300%2C157&amp;ssl=1 300w, https:\/\/i0.wp.com\/yaracreatyque.fr\/wp-content\/uploads\/2025\/04\/espace-creatif-d-introspection-trialogue-yara-creatyque.jpg?resize=768%2C402&amp;ssl=1 768w, https:\/\/i0.wp.com\/yaracreatyque.fr\/wp-content\/uploads\/2025\/04\/espace-creatif-d-introspection-trialogue-yara-creatyque.jpg?resize=18%2C9&amp;ssl=1 18w, https:\/\/i0.wp.com\/yaracreatyque.fr\/wp-content\/uploads\/2025\/04\/espace-creatif-d-introspection-trialogue-yara-creatyque.jpg?resize=600%2C314&amp;ssl=1 600w, https:\/\/i0.wp.com\/yaracreatyque.fr\/wp-content\/uploads\/2025\/04\/espace-creatif-d-introspection-trialogue-yara-creatyque.jpg?w=1200&amp;ssl=1 1200w\" sizes=\"auto, (max-width: 1000px) 100vw, 1000px\" \/><button\n\t\t\tclass=\"lightbox-trigger\"\n\t\t\ttype=\"button\"\n\t\t\taria-haspopup=\"dialog\"\n\t\t\tdata-wp-bind--aria-label=\"state.thisImage.triggerButtonAriaLabel\"\n\t\t\tdata-wp-init=\"callbacks.initTriggerButton\"\n\t\t\tdata-wp-on--click=\"actions.showLightbox\"\n\t\t\tdata-wp-style--right=\"state.thisImage.buttonRight\"\n\t\t\tdata-wp-style--top=\"state.thisImage.buttonTop\"\n\t\t>\n\t\t\t<svg xmlns=\"http:\/\/www.w3.org\/2000\/svg\" width=\"12\" height=\"12\" fill=\"none\" viewbox=\"0 0 12 12\">\n\t\t\t\t<path fill=\"#fff\" d=\"M2 0a2 2 0 0 0-2 2v2h1.5V2a.5.5 0 0 1 .5-.5h2V0H2Zm2 10.5H2a.5.5 0 0 1-.5-.5V8H0v2a2 2 0 0 0 2 2h2v-1.5ZM8 12v-1.5h2a.5.5 0 0 0 .5-.5V8H12v2a2 2 0 0 1-2 2H8Zm2-12a2 2 0 0 1 2 2v2h-1.5V2a.5.5 0 0 0-.5-.5H8V0h2Z\" \/>\n\t\t\t<\/svg>\n\t\t<\/button><figcaption class=\"wp-element-caption\"><mark style=\"background-color:rgba(0, 0, 0, 0)\" class=\"has-inline-color has-custom-color-1-color\"><strong>L&rsquo;espace cr\u00e9atif d&rsquo;introspection<\/strong><\/mark><\/figcaption><\/figure>\n\n\n\n<figure data-wp-context=\"{&quot;imageId&quot;:&quot;69f1bba5d4f2c&quot;}\" data-wp-interactive=\"core\/image\" data-wp-key=\"69f1bba5d4f2c\" class=\"wp-block-image size-large is-style-rounded wp-lightbox-container\"><img data-recalc-dims=\"1\" loading=\"lazy\" decoding=\"async\" width=\"1024\" height=\"536\" data-attachment-id=\"1818\" data-permalink=\"https:\/\/yaracreatyque.fr\/en\/?attachment_id=1818\" data-orig-file=\"https:\/\/i0.wp.com\/yaracreatyque.fr\/wp-content\/uploads\/2025\/04\/Blog-art-et-introspection-yara-creatyque-1.jpg?fit=1200%2C628&amp;ssl=1\" data-orig-size=\"1200,628\" data-comments-opened=\"1\" data-image-meta=\"{&quot;aperture&quot;:&quot;0&quot;,&quot;credit&quot;:&quot;&quot;,&quot;camera&quot;:&quot;&quot;,&quot;caption&quot;:&quot;&quot;,&quot;created_timestamp&quot;:&quot;0&quot;,&quot;copyright&quot;:&quot;&quot;,&quot;focal_length&quot;:&quot;0&quot;,&quot;iso&quot;:&quot;0&quot;,&quot;shutter_speed&quot;:&quot;0&quot;,&quot;title&quot;:&quot;&quot;,&quot;orientation&quot;:&quot;1&quot;}\" data-image-title=\"Blog art et introspection \u2013 Yara Creatyque\" data-image-description=\"&lt;p&gt;Blog art et introspection Yara Creatyque&lt;\/p&gt;\" data-image-caption=\"&lt;p&gt;Lire le blog et participer aux discutions&lt;\/p&gt;\" data-large-file=\"https:\/\/i0.wp.com\/yaracreatyque.fr\/wp-content\/uploads\/2025\/04\/Blog-art-et-introspection-yara-creatyque-1.jpg?fit=1024%2C536&amp;ssl=1\" data-wp-class--hide=\"state.isContentHidden\" data-wp-class--show=\"state.isContentVisible\" data-wp-init=\"callbacks.setButtonStyles\" data-wp-on--click=\"actions.showLightbox\" data-wp-on--load=\"callbacks.setButtonStyles\" data-wp-on--pointerdown=\"actions.preloadImage\" data-wp-on--pointerenter=\"actions.preloadImageWithDelay\" data-wp-on--pointerleave=\"actions.cancelPreload\" data-wp-on-window--resize=\"callbacks.setButtonStyles\" data-id=\"1818\" src=\"https:\/\/i0.wp.com\/yaracreatyque.fr\/wp-content\/uploads\/2025\/04\/Blog-art-et-introspection-yara-creatyque-1.jpg?resize=1024%2C536&#038;ssl=1\" alt=\"Illustration repr\u00e9sentative d'une femme en r\u00e9flexion devant un ordinateur pr\u00eate \u00e0 partager son int\u00e9rieur\" class=\"wp-image-1818\" srcset=\"https:\/\/i0.wp.com\/yaracreatyque.fr\/wp-content\/uploads\/2025\/04\/Blog-art-et-introspection-yara-creatyque-1.jpg?resize=1024%2C536&amp;ssl=1 1024w, https:\/\/i0.wp.com\/yaracreatyque.fr\/wp-content\/uploads\/2025\/04\/Blog-art-et-introspection-yara-creatyque-1.jpg?resize=300%2C157&amp;ssl=1 300w, https:\/\/i0.wp.com\/yaracreatyque.fr\/wp-content\/uploads\/2025\/04\/Blog-art-et-introspection-yara-creatyque-1.jpg?resize=768%2C402&amp;ssl=1 768w, https:\/\/i0.wp.com\/yaracreatyque.fr\/wp-content\/uploads\/2025\/04\/Blog-art-et-introspection-yara-creatyque-1.jpg?resize=18%2C9&amp;ssl=1 18w, https:\/\/i0.wp.com\/yaracreatyque.fr\/wp-content\/uploads\/2025\/04\/Blog-art-et-introspection-yara-creatyque-1.jpg?resize=600%2C314&amp;ssl=1 600w, https:\/\/i0.wp.com\/yaracreatyque.fr\/wp-content\/uploads\/2025\/04\/Blog-art-et-introspection-yara-creatyque-1.jpg?w=1200&amp;ssl=1 1200w\" sizes=\"auto, (max-width: 1000px) 100vw, 1000px\" \/><button\n\t\t\tclass=\"lightbox-trigger\"\n\t\t\ttype=\"button\"\n\t\t\taria-haspopup=\"dialog\"\n\t\t\tdata-wp-bind--aria-label=\"state.thisImage.triggerButtonAriaLabel\"\n\t\t\tdata-wp-init=\"callbacks.initTriggerButton\"\n\t\t\tdata-wp-on--click=\"actions.showLightbox\"\n\t\t\tdata-wp-style--right=\"state.thisImage.buttonRight\"\n\t\t\tdata-wp-style--top=\"state.thisImage.buttonTop\"\n\t\t>\n\t\t\t<svg xmlns=\"http:\/\/www.w3.org\/2000\/svg\" width=\"12\" height=\"12\" fill=\"none\" viewbox=\"0 0 12 12\">\n\t\t\t\t<path fill=\"#fff\" d=\"M2 0a2 2 0 0 0-2 2v2h1.5V2a.5.5 0 0 1 .5-.5h2V0H2Zm2 10.5H2a.5.5 0 0 1-.5-.5V8H0v2a2 2 0 0 0 2 2h2v-1.5ZM8 12v-1.5h2a.5.5 0 0 0 .5-.5V8H12v2a2 2 0 0 1-2 2H8Zm2-12a2 2 0 0 1 2 2v2h-1.5V2a.5.5 0 0 0-.5-.5H8V0h2Z\" \/>\n\t\t\t<\/svg>\n\t\t<\/button><figcaption class=\"wp-element-caption\"><mark style=\"background-color:rgba(0, 0, 0, 0)\" class=\"has-inline-color has-custom-color-1-color\"><strong>Lire le blog et participer aux discutions<\/strong><\/mark><\/figcaption><\/figure>\n\n\n\n<figure data-wp-context=\"{&quot;imageId&quot;:&quot;69f1bba5d75c5&quot;}\" data-wp-interactive=\"core\/image\" data-wp-key=\"69f1bba5d75c5\" class=\"wp-block-image size-large is-style-rounded wp-lightbox-container\"><img data-recalc-dims=\"1\" loading=\"lazy\" decoding=\"async\" width=\"1024\" height=\"536\" data-attachment-id=\"1821\" data-permalink=\"https:\/\/yaracreatyque.fr\/en\/?attachment_id=1821\" data-orig-file=\"https:\/\/i0.wp.com\/yaracreatyque.fr\/wp-content\/uploads\/2025\/04\/Boutique-activites-creatives-et-objets-a-personnaliser-yara-creatyque.jpg?fit=1200%2C628&amp;ssl=1\" data-orig-size=\"1200,628\" data-comments-opened=\"1\" data-image-meta=\"{&quot;aperture&quot;:&quot;0&quot;,&quot;credit&quot;:&quot;&quot;,&quot;camera&quot;:&quot;&quot;,&quot;caption&quot;:&quot;&quot;,&quot;created_timestamp&quot;:&quot;0&quot;,&quot;copyright&quot;:&quot;&quot;,&quot;focal_length&quot;:&quot;0&quot;,&quot;iso&quot;:&quot;0&quot;,&quot;shutter_speed&quot;:&quot;0&quot;,&quot;title&quot;:&quot;&quot;,&quot;orientation&quot;:&quot;1&quot;}\" data-image-title=\"Boutique cr\u00e9ative et objets \u00e0 personnaliser \u2013 Yara Creatyque\" data-image-description=\"&lt;p&gt;Visuel repr\u00e9sentant l\u2019univers de la boutique de Yara Creatyque : activit\u00e9s cr\u00e9atives de coloriage, objets du quotidien, motifs g\u00e9om\u00e9triques, outils cr\u00e9atifs \u00e0 personnaliser. Un espace pour prolonger l\u2019exp\u00e9rience int\u00e9rieure dans la mati\u00e8re.&lt;\/p&gt;\" data-image-caption=\"&lt;p&gt;Faire du shopping&lt;\/p&gt;\" data-large-file=\"https:\/\/i0.wp.com\/yaracreatyque.fr\/wp-content\/uploads\/2025\/04\/Boutique-activites-creatives-et-objets-a-personnaliser-yara-creatyque.jpg?fit=1024%2C536&amp;ssl=1\" data-wp-class--hide=\"state.isContentHidden\" data-wp-class--show=\"state.isContentVisible\" data-wp-init=\"callbacks.setButtonStyles\" data-wp-on--click=\"actions.showLightbox\" data-wp-on--load=\"callbacks.setButtonStyles\" data-wp-on--pointerdown=\"actions.preloadImage\" data-wp-on--pointerenter=\"actions.preloadImageWithDelay\" data-wp-on--pointerleave=\"actions.cancelPreload\" data-wp-on-window--resize=\"callbacks.setButtonStyles\" data-id=\"1821\" src=\"https:\/\/i0.wp.com\/yaracreatyque.fr\/wp-content\/uploads\/2025\/04\/Boutique-activites-creatives-et-objets-a-personnaliser-yara-creatyque.jpg?resize=1024%2C536&#038;ssl=1\" alt=\"Activit\u00e9s cr\u00e9atives artistiques et objets du quotidien illustr\u00e9s dans un style g\u00e9om\u00e9trique \u2013 Boutique Yara Creatyque\" class=\"wp-image-1821\" srcset=\"https:\/\/i0.wp.com\/yaracreatyque.fr\/wp-content\/uploads\/2025\/04\/Boutique-activites-creatives-et-objets-a-personnaliser-yara-creatyque.jpg?resize=1024%2C536&amp;ssl=1 1024w, https:\/\/i0.wp.com\/yaracreatyque.fr\/wp-content\/uploads\/2025\/04\/Boutique-activites-creatives-et-objets-a-personnaliser-yara-creatyque.jpg?resize=300%2C157&amp;ssl=1 300w, https:\/\/i0.wp.com\/yaracreatyque.fr\/wp-content\/uploads\/2025\/04\/Boutique-activites-creatives-et-objets-a-personnaliser-yara-creatyque.jpg?resize=768%2C402&amp;ssl=1 768w, https:\/\/i0.wp.com\/yaracreatyque.fr\/wp-content\/uploads\/2025\/04\/Boutique-activites-creatives-et-objets-a-personnaliser-yara-creatyque.jpg?resize=18%2C9&amp;ssl=1 18w, https:\/\/i0.wp.com\/yaracreatyque.fr\/wp-content\/uploads\/2025\/04\/Boutique-activites-creatives-et-objets-a-personnaliser-yara-creatyque.jpg?resize=600%2C314&amp;ssl=1 600w, https:\/\/i0.wp.com\/yaracreatyque.fr\/wp-content\/uploads\/2025\/04\/Boutique-activites-creatives-et-objets-a-personnaliser-yara-creatyque.jpg?w=1200&amp;ssl=1 1200w\" sizes=\"auto, (max-width: 1000px) 100vw, 1000px\" \/><button\n\t\t\tclass=\"lightbox-trigger\"\n\t\t\ttype=\"button\"\n\t\t\taria-haspopup=\"dialog\"\n\t\t\tdata-wp-bind--aria-label=\"state.thisImage.triggerButtonAriaLabel\"\n\t\t\tdata-wp-init=\"callbacks.initTriggerButton\"\n\t\t\tdata-wp-on--click=\"actions.showLightbox\"\n\t\t\tdata-wp-style--right=\"state.thisImage.buttonRight\"\n\t\t\tdata-wp-style--top=\"state.thisImage.buttonTop\"\n\t\t>\n\t\t\t<svg xmlns=\"http:\/\/www.w3.org\/2000\/svg\" width=\"12\" height=\"12\" fill=\"none\" viewbox=\"0 0 12 12\">\n\t\t\t\t<path fill=\"#fff\" d=\"M2 0a2 2 0 0 0-2 2v2h1.5V2a.5.5 0 0 1 .5-.5h2V0H2Zm2 10.5H2a.5.5 0 0 1-.5-.5V8H0v2a2 2 0 0 0 2 2h2v-1.5ZM8 12v-1.5h2a.5.5 0 0 0 .5-.5V8H12v2a2 2 0 0 1-2 2H8Zm2-12a2 2 0 0 1 2 2v2h-1.5V2a.5.5 0 0 0-.5-.5H8V0h2Z\" \/>\n\t\t\t<\/svg>\n\t\t<\/button><figcaption class=\"wp-element-caption\"><mark style=\"background-color:rgba(0, 0, 0, 0)\" class=\"has-inline-color has-custom-color-1-color\"><strong>Faire du shopping<\/strong><\/mark><\/figcaption><\/figure>\n<\/figure>\n\n\n\n<div style=\"height:122px\" aria-hidden=\"true\" class=\"wp-block-spacer\"><\/div>\n\n\n\n<h2 class=\"wp-block-heading has-text-align-center\">as-tu d\u00e9j\u00e0 t\u00e9l\u00e9charg\u00e9 la fiche compl\u00e8te du mod\u00e8le du lion &#8211; souverainet\u00e9 int\u00e9rieure ?<\/h2>\n\n\n\n<div style=\"height:55px\" aria-hidden=\"true\" class=\"wp-block-spacer\"><\/div>\n\n\n\n<p class=\"wp-block-paragraph\">En cliquant sur l&rsquo;image ci-dessous, tu acc\u00e8des directement \u00e0 l&rsquo;article qui pr\u00e9sente la fiche d\u2019interpr\u00e9tation introspective, supports propos\u00e9s dans l&rsquo;espace abonn\u00e9s Trialogue. <\/p>\n\n\n\n<p class=\"wp-block-paragraph\">24 pages pour s&rsquo;inspirer du mod\u00e8le, l&rsquo;interpr\u00e9ter et un guide proposant des orientations introspectives dans le th\u00e8me du dessin. <\/p>\n\n\n\n<p class=\"wp-block-paragraph\">Je t&rsquo;invite \u00e0 le d\u00e9couvrir si ce n&rsquo;est pas d\u00e9j\u00e0 le cas ^^<\/p>\n\n\n\n<div style=\"height:55px\" aria-hidden=\"true\" class=\"wp-block-spacer\"><\/div>\n\n\n\n<figure class=\"wp-block-image size-large\"><a href=\"https:\/\/yaracreatyque.fr\/en\/?p=2787\"><img data-recalc-dims=\"1\" loading=\"lazy\" decoding=\"async\" width=\"1024\" height=\"536\" data-attachment-id=\"2834\" data-permalink=\"https:\/\/yaracreatyque.fr\/en\/?attachment_id=2834\" data-orig-file=\"https:\/\/i0.wp.com\/yaracreatyque.fr\/wp-content\/uploads\/2025\/08\/Fiche-dinterpretation-introspective-lion-souverainete-interieure-yara-creatyque.png?fit=1200%2C628&amp;ssl=1\" data-orig-size=\"1200,628\" data-comments-opened=\"1\" data-image-meta=\"{&quot;aperture&quot;:&quot;0&quot;,&quot;credit&quot;:&quot;&quot;,&quot;camera&quot;:&quot;&quot;,&quot;caption&quot;:&quot;&quot;,&quot;created_timestamp&quot;:&quot;0&quot;,&quot;copyright&quot;:&quot;&quot;,&quot;focal_length&quot;:&quot;0&quot;,&quot;iso&quot;:&quot;0&quot;,&quot;shutter_speed&quot;:&quot;0&quot;,&quot;title&quot;:&quot;&quot;,&quot;orientation&quot;:&quot;0&quot;}\" data-image-title=\"Fiche dinterpretation introspective lion souverainete interieure yara creatyque\" data-image-description=\"&lt;p&gt;Pr\u00e9sentation fiche d\u2019interpr\u00e9tation introspective du lion de yara creatyque support propos\u00e9 dans son espace trialogue&lt;\/p&gt;\" data-image-caption=\"&lt;p&gt;Explorer l&amp;rsquo;exp\u00e9rience en t\u00e9l\u00e9chargeant la fiche compl\u00e8te du Lion &amp;#8211; souverainet\u00e9 Int\u00e9rieures de Yara Creatyque&lt;\/p&gt;\" data-large-file=\"https:\/\/i0.wp.com\/yaracreatyque.fr\/wp-content\/uploads\/2025\/08\/Fiche-dinterpretation-introspective-lion-souverainete-interieure-yara-creatyque.png?fit=1024%2C536&amp;ssl=1\" src=\"https:\/\/i0.wp.com\/yaracreatyque.fr\/wp-content\/uploads\/2025\/08\/Fiche-dinterpretation-introspective-lion-souverainete-interieure-yara-creatyque.png?resize=1024%2C536&#038;ssl=1\" alt=\"Pr\u00e9sentation fiche d'interpretation introspective du lion de yara creatyque\" class=\"wp-image-2834\" srcset=\"https:\/\/i0.wp.com\/yaracreatyque.fr\/wp-content\/uploads\/2025\/08\/Fiche-dinterpretation-introspective-lion-souverainete-interieure-yara-creatyque.png?resize=1024%2C536&amp;ssl=1 1024w, https:\/\/i0.wp.com\/yaracreatyque.fr\/wp-content\/uploads\/2025\/08\/Fiche-dinterpretation-introspective-lion-souverainete-interieure-yara-creatyque.png?resize=300%2C157&amp;ssl=1 300w, https:\/\/i0.wp.com\/yaracreatyque.fr\/wp-content\/uploads\/2025\/08\/Fiche-dinterpretation-introspective-lion-souverainete-interieure-yara-creatyque.png?resize=768%2C402&amp;ssl=1 768w, https:\/\/i0.wp.com\/yaracreatyque.fr\/wp-content\/uploads\/2025\/08\/Fiche-dinterpretation-introspective-lion-souverainete-interieure-yara-creatyque.png?resize=18%2C9&amp;ssl=1 18w, https:\/\/i0.wp.com\/yaracreatyque.fr\/wp-content\/uploads\/2025\/08\/Fiche-dinterpretation-introspective-lion-souverainete-interieure-yara-creatyque.png?resize=600%2C314&amp;ssl=1 600w, https:\/\/i0.wp.com\/yaracreatyque.fr\/wp-content\/uploads\/2025\/08\/Fiche-dinterpretation-introspective-lion-souverainete-interieure-yara-creatyque.png?w=1200&amp;ssl=1 1200w\" sizes=\"auto, (max-width: 1000px) 100vw, 1000px\" \/><\/a><figcaption class=\"wp-element-caption\">Explorer l&rsquo;exp\u00e9rience en t\u00e9l\u00e9chargeant la fiche compl\u00e8te du Lion &#8211; souverainet\u00e9 Int\u00e9rieures de Yara Creatyque<\/figcaption><\/figure>\n\n\n\n<div style=\"height:100px\" aria-hidden=\"true\" class=\"wp-block-spacer\"><\/div>\n\n\n\n<p class=\"wp-block-paragraph\"><strong>Rejoins-moi ici :<\/strong><br>\u2192 [Instagram] : pour voir les derniers designs et mes partages sensibles<br>\u2192 [TikTok] : pour entrer dans l\u2019univers Trialogue en vid\u00e9o<br>\u2192 [Facebook] : pour lire, commenter, et tisser du lien autour de l\u2019art introspectif, rejoindre le groupe Facebook d\u00e9di\u00e9<\/p>\n\n\n\n<p class=\"wp-block-paragraph\">\u2192 [Youtube] : des playlists pour t&rsquo;inspirer et t&rsquo;accompagner dans la pratique<\/p>\n\n\n\n<div style=\"height:100px\" aria-hidden=\"true\" class=\"wp-block-spacer\"><\/div>\n\n\n\n<figure class=\"wp-block-gallery has-nested-images columns-default is-cropped wp-block-gallery-2 is-layout-flex wp-block-gallery-is-layout-flex\">\n<figure class=\"wp-block-image size-large is-style-rounded\"><a href=\"https:\/\/www.amazon.fr\/stores\/Yara-Creatyque\/author\/B0DNTC8F44?ref=ap_rdr&amp;isDramIntegrated=true&amp;shoppingPortalEnabled=true\"><img data-recalc-dims=\"1\" loading=\"lazy\" decoding=\"async\" width=\"1024\" height=\"536\" data-attachment-id=\"2310\" data-permalink=\"https:\/\/yaracreatyque.fr\/en\/?attachment_id=2310\" data-orig-file=\"https:\/\/i0.wp.com\/yaracreatyque.fr\/wp-content\/uploads\/2025\/04\/Logo-yara-creatyque-presence-amazon-livraison-prime-livres-de-coloriages.jpg?fit=1200%2C628&amp;ssl=1\" data-orig-size=\"1200,628\" data-comments-opened=\"1\" data-image-meta=\"{&quot;aperture&quot;:&quot;0&quot;,&quot;credit&quot;:&quot;&quot;,&quot;camera&quot;:&quot;&quot;,&quot;caption&quot;:&quot;&quot;,&quot;created_timestamp&quot;:&quot;0&quot;,&quot;copyright&quot;:&quot;&quot;,&quot;focal_length&quot;:&quot;0&quot;,&quot;iso&quot;:&quot;0&quot;,&quot;shutter_speed&quot;:&quot;0&quot;,&quot;title&quot;:&quot;&quot;,&quot;orientation&quot;:&quot;1&quot;}\" data-image-title=\"Commander les livres de coloriages sur Amazon en Prime\" data-image-description=\"&lt;p&gt;illustration repr\u00e9sentant l&amp;rsquo;identit\u00e9 visuelle de yara creatyque et son partenariat avec amazon prime&lt;\/p&gt;\" data-image-caption=\"&lt;p&gt;Page Auteur Amazon&lt;\/p&gt;\" data-large-file=\"https:\/\/i0.wp.com\/yaracreatyque.fr\/wp-content\/uploads\/2025\/04\/Logo-yara-creatyque-presence-amazon-livraison-prime-livres-de-coloriages.jpg?fit=1024%2C536&amp;ssl=1\" data-id=\"2310\" src=\"https:\/\/i0.wp.com\/yaracreatyque.fr\/wp-content\/uploads\/2025\/04\/Logo-yara-creatyque-presence-amazon-livraison-prime-livres-de-coloriages.jpg?resize=1024%2C536&#038;ssl=1\" alt=\"illustration repr\u00e9sentant l'identit\u00e9 visuelle de yara creatyque et son partenariat avec amazon prime\" class=\"wp-image-2310\" srcset=\"https:\/\/i0.wp.com\/yaracreatyque.fr\/wp-content\/uploads\/2025\/04\/Logo-yara-creatyque-presence-amazon-livraison-prime-livres-de-coloriages.jpg?resize=1024%2C536&amp;ssl=1 1024w, https:\/\/i0.wp.com\/yaracreatyque.fr\/wp-content\/uploads\/2025\/04\/Logo-yara-creatyque-presence-amazon-livraison-prime-livres-de-coloriages.jpg?resize=300%2C157&amp;ssl=1 300w, https:\/\/i0.wp.com\/yaracreatyque.fr\/wp-content\/uploads\/2025\/04\/Logo-yara-creatyque-presence-amazon-livraison-prime-livres-de-coloriages.jpg?resize=768%2C402&amp;ssl=1 768w, https:\/\/i0.wp.com\/yaracreatyque.fr\/wp-content\/uploads\/2025\/04\/Logo-yara-creatyque-presence-amazon-livraison-prime-livres-de-coloriages.jpg?resize=18%2C9&amp;ssl=1 18w, https:\/\/i0.wp.com\/yaracreatyque.fr\/wp-content\/uploads\/2025\/04\/Logo-yara-creatyque-presence-amazon-livraison-prime-livres-de-coloriages.jpg?resize=600%2C314&amp;ssl=1 600w, https:\/\/i0.wp.com\/yaracreatyque.fr\/wp-content\/uploads\/2025\/04\/Logo-yara-creatyque-presence-amazon-livraison-prime-livres-de-coloriages.jpg?w=1200&amp;ssl=1 1200w\" sizes=\"auto, (max-width: 1000px) 100vw, 1000px\" \/><\/a><figcaption class=\"wp-element-caption\">Page Auteur Amazon<\/figcaption><\/figure>\n\n\n\n<figure class=\"wp-block-image size-large is-style-rounded\"><a href=\"https:\/\/www.tiktok.com\/@yara.creatyque\"><img data-recalc-dims=\"1\" loading=\"lazy\" decoding=\"async\" width=\"1024\" height=\"536\" data-attachment-id=\"2314\" data-permalink=\"https:\/\/yaracreatyque.fr\/en\/?attachment_id=2314\" data-orig-file=\"https:\/\/i0.wp.com\/yaracreatyque.fr\/wp-content\/uploads\/2025\/04\/Logo-yara-creatyque-presence-tiktok-videos-inspirantes.jpg?fit=1200%2C628&amp;ssl=1\" data-orig-size=\"1200,628\" data-comments-opened=\"1\" data-image-meta=\"{&quot;aperture&quot;:&quot;0&quot;,&quot;credit&quot;:&quot;&quot;,&quot;camera&quot;:&quot;&quot;,&quot;caption&quot;:&quot;&quot;,&quot;created_timestamp&quot;:&quot;0&quot;,&quot;copyright&quot;:&quot;&quot;,&quot;focal_length&quot;:&quot;0&quot;,&quot;iso&quot;:&quot;0&quot;,&quot;shutter_speed&quot;:&quot;0&quot;,&quot;title&quot;:&quot;&quot;,&quot;orientation&quot;:&quot;1&quot;}\" data-image-title=\"Logo-yara-creatyque-presence-tiktok-videos-inspirantes\" data-image-description=\"&lt;p&gt;logo yara creatyque pr\u00e9sence tiktok &amp;#8211; partages de contenus vid\u00e9os inspirantes&lt;\/p&gt;\" data-image-caption=\"&lt;p&gt;Rejoins-moi sur TikTok&lt;\/p&gt;\" data-large-file=\"https:\/\/i0.wp.com\/yaracreatyque.fr\/wp-content\/uploads\/2025\/04\/Logo-yara-creatyque-presence-tiktok-videos-inspirantes.jpg?fit=1024%2C536&amp;ssl=1\" data-id=\"2314\" src=\"https:\/\/i0.wp.com\/yaracreatyque.fr\/wp-content\/uploads\/2025\/04\/Logo-yara-creatyque-presence-tiktok-videos-inspirantes.jpg?resize=1024%2C536&#038;ssl=1\" alt=\"logo yara creatyque pr\u00e9sence tiktok - partages de contenus vid\u00e9os inspirantes\" class=\"wp-image-2314\" srcset=\"https:\/\/i0.wp.com\/yaracreatyque.fr\/wp-content\/uploads\/2025\/04\/Logo-yara-creatyque-presence-tiktok-videos-inspirantes.jpg?resize=1024%2C536&amp;ssl=1 1024w, https:\/\/i0.wp.com\/yaracreatyque.fr\/wp-content\/uploads\/2025\/04\/Logo-yara-creatyque-presence-tiktok-videos-inspirantes.jpg?resize=300%2C157&amp;ssl=1 300w, https:\/\/i0.wp.com\/yaracreatyque.fr\/wp-content\/uploads\/2025\/04\/Logo-yara-creatyque-presence-tiktok-videos-inspirantes.jpg?resize=768%2C402&amp;ssl=1 768w, https:\/\/i0.wp.com\/yaracreatyque.fr\/wp-content\/uploads\/2025\/04\/Logo-yara-creatyque-presence-tiktok-videos-inspirantes.jpg?resize=18%2C9&amp;ssl=1 18w, https:\/\/i0.wp.com\/yaracreatyque.fr\/wp-content\/uploads\/2025\/04\/Logo-yara-creatyque-presence-tiktok-videos-inspirantes.jpg?resize=600%2C314&amp;ssl=1 600w, https:\/\/i0.wp.com\/yaracreatyque.fr\/wp-content\/uploads\/2025\/04\/Logo-yara-creatyque-presence-tiktok-videos-inspirantes.jpg?w=1200&amp;ssl=1 1200w\" sizes=\"auto, (max-width: 1000px) 100vw, 1000px\" \/><\/a><figcaption class=\"wp-element-caption\"> TikTok<\/figcaption><\/figure>\n\n\n\n<figure class=\"wp-block-image size-large is-style-rounded\"><a href=\"http:\/\/www.instagram.com\/yara.creatyque\/\"><img data-recalc-dims=\"1\" loading=\"lazy\" decoding=\"async\" width=\"1024\" height=\"536\" data-attachment-id=\"2308\" data-permalink=\"https:\/\/yaracreatyque.fr\/en\/?attachment_id=2308\" data-orig-file=\"https:\/\/i0.wp.com\/yaracreatyque.fr\/wp-content\/uploads\/2025\/04\/Logo-trialogue-yara-creatyque-presence-instagram-designs-interpretations.jpg?fit=1200%2C628&amp;ssl=1\" data-orig-size=\"1200,628\" data-comments-opened=\"1\" data-image-meta=\"{&quot;aperture&quot;:&quot;0&quot;,&quot;credit&quot;:&quot;&quot;,&quot;camera&quot;:&quot;&quot;,&quot;caption&quot;:&quot;&quot;,&quot;created_timestamp&quot;:&quot;0&quot;,&quot;copyright&quot;:&quot;&quot;,&quot;focal_length&quot;:&quot;0&quot;,&quot;iso&quot;:&quot;0&quot;,&quot;shutter_speed&quot;:&quot;0&quot;,&quot;title&quot;:&quot;&quot;,&quot;orientation&quot;:&quot;1&quot;}\" data-image-title=\"Logo-trialogue-yara-creatyque-presence-instagram-designs-interpretations\" data-image-description=\"&lt;p&gt;logo trialogue yara creatyque profil instagram partages des mod\u00e8les et inspirations d&amp;rsquo;interpr\u00e9tation&lt;\/p&gt;\" data-image-caption=\"&lt;p&gt;Rejoins-moi sur Instagram&lt;\/p&gt;\" data-large-file=\"https:\/\/i0.wp.com\/yaracreatyque.fr\/wp-content\/uploads\/2025\/04\/Logo-trialogue-yara-creatyque-presence-instagram-designs-interpretations.jpg?fit=1024%2C536&amp;ssl=1\" data-id=\"2308\" src=\"https:\/\/i0.wp.com\/yaracreatyque.fr\/wp-content\/uploads\/2025\/04\/Logo-trialogue-yara-creatyque-presence-instagram-designs-interpretations.jpg?resize=1024%2C536&#038;ssl=1\" alt=\"logo trialogue yara creatyque profil instagram partages des mod\u00e8les et inspirations d'interpr\u00e9tation\" class=\"wp-image-2308\" srcset=\"https:\/\/i0.wp.com\/yaracreatyque.fr\/wp-content\/uploads\/2025\/04\/Logo-trialogue-yara-creatyque-presence-instagram-designs-interpretations.jpg?resize=1024%2C536&amp;ssl=1 1024w, https:\/\/i0.wp.com\/yaracreatyque.fr\/wp-content\/uploads\/2025\/04\/Logo-trialogue-yara-creatyque-presence-instagram-designs-interpretations.jpg?resize=300%2C157&amp;ssl=1 300w, https:\/\/i0.wp.com\/yaracreatyque.fr\/wp-content\/uploads\/2025\/04\/Logo-trialogue-yara-creatyque-presence-instagram-designs-interpretations.jpg?resize=768%2C402&amp;ssl=1 768w, https:\/\/i0.wp.com\/yaracreatyque.fr\/wp-content\/uploads\/2025\/04\/Logo-trialogue-yara-creatyque-presence-instagram-designs-interpretations.jpg?resize=18%2C9&amp;ssl=1 18w, https:\/\/i0.wp.com\/yaracreatyque.fr\/wp-content\/uploads\/2025\/04\/Logo-trialogue-yara-creatyque-presence-instagram-designs-interpretations.jpg?resize=600%2C314&amp;ssl=1 600w, https:\/\/i0.wp.com\/yaracreatyque.fr\/wp-content\/uploads\/2025\/04\/Logo-trialogue-yara-creatyque-presence-instagram-designs-interpretations.jpg?w=1200&amp;ssl=1 1200w\" sizes=\"auto, (max-width: 1000px) 100vw, 1000px\" \/><\/a><figcaption class=\"wp-element-caption\">Instagram<\/figcaption><\/figure>\n\n\n\n<figure class=\"wp-block-image size-large is-style-rounded\"><a href=\"https:\/\/fr.pinterest.com\/yaracreatyque\/\"><img data-recalc-dims=\"1\" loading=\"lazy\" decoding=\"async\" width=\"1024\" height=\"536\" data-attachment-id=\"2312\" data-permalink=\"https:\/\/yaracreatyque.fr\/en\/?attachment_id=2312\" data-orig-file=\"https:\/\/i0.wp.com\/yaracreatyque.fr\/wp-content\/uploads\/2025\/04\/Logo-yara-creatyque-presence-pinterest-favoris.jpg?fit=1200%2C628&amp;ssl=1\" data-orig-size=\"1200,628\" data-comments-opened=\"1\" data-image-meta=\"{&quot;aperture&quot;:&quot;0&quot;,&quot;credit&quot;:&quot;&quot;,&quot;camera&quot;:&quot;&quot;,&quot;caption&quot;:&quot;&quot;,&quot;created_timestamp&quot;:&quot;0&quot;,&quot;copyright&quot;:&quot;&quot;,&quot;focal_length&quot;:&quot;0&quot;,&quot;iso&quot;:&quot;0&quot;,&quot;shutter_speed&quot;:&quot;0&quot;,&quot;title&quot;:&quot;&quot;,&quot;orientation&quot;:&quot;1&quot;}\" data-image-title=\"Logo-yara-creatyque-presence-pinterest-favoris\" data-image-description=\"&lt;p&gt;logo yara creatyque pr\u00e9sence Pinterest &amp;#8211; partage des mod\u00e8les, tableaux de favoris et inspirations d&amp;rsquo;interpr\u00e9tation&lt;\/p&gt;\" data-image-caption=\"&lt;p&gt;Rejoins-moi sur Pinterest&lt;\/p&gt;\" data-large-file=\"https:\/\/i0.wp.com\/yaracreatyque.fr\/wp-content\/uploads\/2025\/04\/Logo-yara-creatyque-presence-pinterest-favoris.jpg?fit=1024%2C536&amp;ssl=1\" data-id=\"2312\" src=\"https:\/\/i0.wp.com\/yaracreatyque.fr\/wp-content\/uploads\/2025\/04\/Logo-yara-creatyque-presence-pinterest-favoris.jpg?resize=1024%2C536&#038;ssl=1\" alt=\"logo yara creatyque pr\u00e9sence Pinterest - partage des mod\u00e8les, tableaux de favoris et inspirations d'interpr\u00e9tation\" class=\"wp-image-2312\" srcset=\"https:\/\/i0.wp.com\/yaracreatyque.fr\/wp-content\/uploads\/2025\/04\/Logo-yara-creatyque-presence-pinterest-favoris.jpg?resize=1024%2C536&amp;ssl=1 1024w, https:\/\/i0.wp.com\/yaracreatyque.fr\/wp-content\/uploads\/2025\/04\/Logo-yara-creatyque-presence-pinterest-favoris.jpg?resize=300%2C157&amp;ssl=1 300w, https:\/\/i0.wp.com\/yaracreatyque.fr\/wp-content\/uploads\/2025\/04\/Logo-yara-creatyque-presence-pinterest-favoris.jpg?resize=768%2C402&amp;ssl=1 768w, https:\/\/i0.wp.com\/yaracreatyque.fr\/wp-content\/uploads\/2025\/04\/Logo-yara-creatyque-presence-pinterest-favoris.jpg?resize=18%2C9&amp;ssl=1 18w, https:\/\/i0.wp.com\/yaracreatyque.fr\/wp-content\/uploads\/2025\/04\/Logo-yara-creatyque-presence-pinterest-favoris.jpg?resize=600%2C314&amp;ssl=1 600w, https:\/\/i0.wp.com\/yaracreatyque.fr\/wp-content\/uploads\/2025\/04\/Logo-yara-creatyque-presence-pinterest-favoris.jpg?w=1200&amp;ssl=1 1200w\" sizes=\"auto, (max-width: 1000px) 100vw, 1000px\" \/><\/a><figcaption class=\"wp-element-caption\">Pinterest<\/figcaption><\/figure>\n\n\n\n<figure class=\"wp-block-image size-large is-style-rounded\"><a href=\"https:\/\/www.youtube.com\/@YaraCreatyque\"><img data-recalc-dims=\"1\" loading=\"lazy\" decoding=\"async\" width=\"1024\" height=\"536\" data-attachment-id=\"2309\" data-permalink=\"https:\/\/yaracreatyque.fr\/en\/?attachment_id=2309\" data-orig-file=\"https:\/\/i0.wp.com\/yaracreatyque.fr\/wp-content\/uploads\/2025\/04\/Logo-trialogue-yara-creatyque-presence-youtube-presence-inspirante-ambiance-musicale.jpg?fit=1200%2C628&amp;ssl=1\" data-orig-size=\"1200,628\" data-comments-opened=\"1\" data-image-meta=\"{&quot;aperture&quot;:&quot;0&quot;,&quot;credit&quot;:&quot;&quot;,&quot;camera&quot;:&quot;&quot;,&quot;caption&quot;:&quot;&quot;,&quot;created_timestamp&quot;:&quot;0&quot;,&quot;copyright&quot;:&quot;&quot;,&quot;focal_length&quot;:&quot;0&quot;,&quot;iso&quot;:&quot;0&quot;,&quot;shutter_speed&quot;:&quot;0&quot;,&quot;title&quot;:&quot;&quot;,&quot;orientation&quot;:&quot;1&quot;}\" data-image-title=\"Logo-trialogue-yara-creatyque-presence-youtube-presence-inspirante-ambiance-musicale\" data-image-description=\"&lt;p&gt;logo trialogue yara creatyque profil youtube partages de playlists inspirantes et ambiances musicales pour la pratique&lt;\/p&gt;\" data-image-caption=\"&lt;p&gt;Rejoins-moi sur Youtube&lt;\/p&gt;\" data-large-file=\"https:\/\/i0.wp.com\/yaracreatyque.fr\/wp-content\/uploads\/2025\/04\/Logo-trialogue-yara-creatyque-presence-youtube-presence-inspirante-ambiance-musicale.jpg?fit=1024%2C536&amp;ssl=1\" data-id=\"2309\" src=\"https:\/\/i0.wp.com\/yaracreatyque.fr\/wp-content\/uploads\/2025\/04\/Logo-trialogue-yara-creatyque-presence-youtube-presence-inspirante-ambiance-musicale.jpg?resize=1024%2C536&#038;ssl=1\" alt=\"logo trialogue yara creatyque profil youtube partages de playlists inspirantes et ambiances musicales pour la pratique\" class=\"wp-image-2309\" srcset=\"https:\/\/i0.wp.com\/yaracreatyque.fr\/wp-content\/uploads\/2025\/04\/Logo-trialogue-yara-creatyque-presence-youtube-presence-inspirante-ambiance-musicale.jpg?resize=1024%2C536&amp;ssl=1 1024w, https:\/\/i0.wp.com\/yaracreatyque.fr\/wp-content\/uploads\/2025\/04\/Logo-trialogue-yara-creatyque-presence-youtube-presence-inspirante-ambiance-musicale.jpg?resize=300%2C157&amp;ssl=1 300w, https:\/\/i0.wp.com\/yaracreatyque.fr\/wp-content\/uploads\/2025\/04\/Logo-trialogue-yara-creatyque-presence-youtube-presence-inspirante-ambiance-musicale.jpg?resize=768%2C402&amp;ssl=1 768w, https:\/\/i0.wp.com\/yaracreatyque.fr\/wp-content\/uploads\/2025\/04\/Logo-trialogue-yara-creatyque-presence-youtube-presence-inspirante-ambiance-musicale.jpg?resize=18%2C9&amp;ssl=1 18w, https:\/\/i0.wp.com\/yaracreatyque.fr\/wp-content\/uploads\/2025\/04\/Logo-trialogue-yara-creatyque-presence-youtube-presence-inspirante-ambiance-musicale.jpg?resize=600%2C314&amp;ssl=1 600w, https:\/\/i0.wp.com\/yaracreatyque.fr\/wp-content\/uploads\/2025\/04\/Logo-trialogue-yara-creatyque-presence-youtube-presence-inspirante-ambiance-musicale.jpg?w=1200&amp;ssl=1 1200w\" sizes=\"auto, (max-width: 1000px) 100vw, 1000px\" \/><\/a><figcaption class=\"wp-element-caption\"> Youtube<\/figcaption><\/figure>\n\n\n\n<figure class=\"wp-block-image size-large is-style-rounded\"><a href=\"https:\/\/www.facebook.com\/people\/Yara-Creatyque\/pfbid0kiAcHcnnUHqeFh9kVyD9hfhigSphpaB2SWNRLygSKduRA8ZroPSL7xFzhdnoWCH7l\/\"><img data-recalc-dims=\"1\" loading=\"lazy\" decoding=\"async\" width=\"1024\" height=\"536\" data-attachment-id=\"2311\" data-permalink=\"https:\/\/yaracreatyque.fr\/en\/?attachment_id=2311\" data-orig-file=\"https:\/\/i0.wp.com\/yaracreatyque.fr\/wp-content\/uploads\/2025\/04\/Logo-yara-creatyque-presence-facebook-actualites-partages-darticles.jpg?fit=1200%2C628&amp;ssl=1\" data-orig-size=\"1200,628\" data-comments-opened=\"1\" data-image-meta=\"{&quot;aperture&quot;:&quot;0&quot;,&quot;credit&quot;:&quot;&quot;,&quot;camera&quot;:&quot;&quot;,&quot;caption&quot;:&quot;&quot;,&quot;created_timestamp&quot;:&quot;0&quot;,&quot;copyright&quot;:&quot;&quot;,&quot;focal_length&quot;:&quot;0&quot;,&quot;iso&quot;:&quot;0&quot;,&quot;shutter_speed&quot;:&quot;0&quot;,&quot;title&quot;:&quot;&quot;,&quot;orientation&quot;:&quot;1&quot;}\" data-image-title=\"Logo-yara-creatyque-presence-facebook-actualites-partages-darticles\" data-image-description=\"&lt;p&gt;logo yara creatyque page facebook de partages d&amp;rsquo;actualit\u00e9s et d&amp;rsquo;articles inspirants&lt;\/p&gt;\" data-image-caption=\"&lt;p&gt;Rejoins-moi sur Facebook&lt;\/p&gt;\" data-large-file=\"https:\/\/i0.wp.com\/yaracreatyque.fr\/wp-content\/uploads\/2025\/04\/Logo-yara-creatyque-presence-facebook-actualites-partages-darticles.jpg?fit=1024%2C536&amp;ssl=1\" data-id=\"2311\" src=\"https:\/\/i0.wp.com\/yaracreatyque.fr\/wp-content\/uploads\/2025\/04\/Logo-yara-creatyque-presence-facebook-actualites-partages-darticles.jpg?resize=1024%2C536&#038;ssl=1\" alt=\"logo yara creatyque page facebook de partages d'actualit\u00e9s et d'articles inspirants\" class=\"wp-image-2311\" srcset=\"https:\/\/i0.wp.com\/yaracreatyque.fr\/wp-content\/uploads\/2025\/04\/Logo-yara-creatyque-presence-facebook-actualites-partages-darticles.jpg?resize=1024%2C536&amp;ssl=1 1024w, https:\/\/i0.wp.com\/yaracreatyque.fr\/wp-content\/uploads\/2025\/04\/Logo-yara-creatyque-presence-facebook-actualites-partages-darticles.jpg?resize=300%2C157&amp;ssl=1 300w, https:\/\/i0.wp.com\/yaracreatyque.fr\/wp-content\/uploads\/2025\/04\/Logo-yara-creatyque-presence-facebook-actualites-partages-darticles.jpg?resize=768%2C402&amp;ssl=1 768w, https:\/\/i0.wp.com\/yaracreatyque.fr\/wp-content\/uploads\/2025\/04\/Logo-yara-creatyque-presence-facebook-actualites-partages-darticles.jpg?resize=18%2C9&amp;ssl=1 18w, https:\/\/i0.wp.com\/yaracreatyque.fr\/wp-content\/uploads\/2025\/04\/Logo-yara-creatyque-presence-facebook-actualites-partages-darticles.jpg?resize=600%2C314&amp;ssl=1 600w, https:\/\/i0.wp.com\/yaracreatyque.fr\/wp-content\/uploads\/2025\/04\/Logo-yara-creatyque-presence-facebook-actualites-partages-darticles.jpg?w=1200&amp;ssl=1 1200w\" sizes=\"auto, (max-width: 1000px) 100vw, 1000px\" \/><\/a><figcaption class=\"wp-element-caption\">Facebook<\/figcaption><\/figure>\n\n\n\n<figure class=\"wp-block-image size-large is-style-rounded\"><a href=\"https:\/\/www.facebook.com\/groups\/1037347194876490\/\"><img data-recalc-dims=\"1\" loading=\"lazy\" decoding=\"async\" width=\"1024\" height=\"536\" data-attachment-id=\"2307\" data-permalink=\"https:\/\/yaracreatyque.fr\/en\/?attachment_id=2307\" data-orig-file=\"https:\/\/i0.wp.com\/yaracreatyque.fr\/wp-content\/uploads\/2025\/04\/Logo-trialogue-yara-creatyque-presence-facebook-groupe-partages-et-echanges.jpg?fit=1200%2C628&amp;ssl=1\" data-orig-size=\"1200,628\" data-comments-opened=\"1\" data-image-meta=\"{&quot;aperture&quot;:&quot;0&quot;,&quot;credit&quot;:&quot;&quot;,&quot;camera&quot;:&quot;&quot;,&quot;caption&quot;:&quot;&quot;,&quot;created_timestamp&quot;:&quot;0&quot;,&quot;copyright&quot;:&quot;&quot;,&quot;focal_length&quot;:&quot;0&quot;,&quot;iso&quot;:&quot;0&quot;,&quot;shutter_speed&quot;:&quot;0&quot;,&quot;title&quot;:&quot;&quot;,&quot;orientation&quot;:&quot;1&quot;}\" data-image-title=\"Logo-trialogue-yara-creatyque-presence-facebook-groupe-partages-et-echanges\" data-image-description=\"&lt;p&gt;logo trialogue yara creatyque groupe facebook de partages et d&amp;rsquo;\u00e9changes art-th\u00e9rapie et coloriages &lt;\/p&gt;\" data-image-caption=\"&lt;p&gt;Rejoins-moi sur Trialogue &amp;#8211; Facebook&lt;\/p&gt;\" data-large-file=\"https:\/\/i0.wp.com\/yaracreatyque.fr\/wp-content\/uploads\/2025\/04\/Logo-trialogue-yara-creatyque-presence-facebook-groupe-partages-et-echanges.jpg?fit=1024%2C536&amp;ssl=1\" data-id=\"2307\" src=\"https:\/\/i0.wp.com\/yaracreatyque.fr\/wp-content\/uploads\/2025\/04\/Logo-trialogue-yara-creatyque-presence-facebook-groupe-partages-et-echanges-1024x536.jpg?resize=1024%2C536&#038;ssl=1\" alt=\"logo trialogue yara creatyque groupe facebook de partages et d'\u00e9changes art-th\u00e9rapie et coloriages\" class=\"wp-image-2307\" srcset=\"https:\/\/i0.wp.com\/yaracreatyque.fr\/wp-content\/uploads\/2025\/04\/Logo-trialogue-yara-creatyque-presence-facebook-groupe-partages-et-echanges.jpg?resize=1024%2C536&amp;ssl=1 1024w, https:\/\/i0.wp.com\/yaracreatyque.fr\/wp-content\/uploads\/2025\/04\/Logo-trialogue-yara-creatyque-presence-facebook-groupe-partages-et-echanges.jpg?resize=300%2C157&amp;ssl=1 300w, https:\/\/i0.wp.com\/yaracreatyque.fr\/wp-content\/uploads\/2025\/04\/Logo-trialogue-yara-creatyque-presence-facebook-groupe-partages-et-echanges.jpg?resize=768%2C402&amp;ssl=1 768w, https:\/\/i0.wp.com\/yaracreatyque.fr\/wp-content\/uploads\/2025\/04\/Logo-trialogue-yara-creatyque-presence-facebook-groupe-partages-et-echanges.jpg?resize=18%2C9&amp;ssl=1 18w, https:\/\/i0.wp.com\/yaracreatyque.fr\/wp-content\/uploads\/2025\/04\/Logo-trialogue-yara-creatyque-presence-facebook-groupe-partages-et-echanges.jpg?resize=600%2C314&amp;ssl=1 600w, https:\/\/i0.wp.com\/yaracreatyque.fr\/wp-content\/uploads\/2025\/04\/Logo-trialogue-yara-creatyque-presence-facebook-groupe-partages-et-echanges.jpg?w=1200&amp;ssl=1 1200w\" sizes=\"auto, (max-width: 1000px) 100vw, 1000px\" \/><\/a><figcaption class=\"wp-element-caption\">Rejoins-moi sur Trialogue &#8211; Facebook<\/figcaption><\/figure>\n\n\n\n<figure class=\"wp-block-image size-large is-style-rounded\"><a href=\"https:\/\/www.redbubble.com\/fr\/people\/YaraCreatyque\/shop?asc=u\"><img data-recalc-dims=\"1\" loading=\"lazy\" decoding=\"async\" width=\"1024\" height=\"536\" data-attachment-id=\"2313\" data-permalink=\"https:\/\/yaracreatyque.fr\/en\/?attachment_id=2313\" data-orig-file=\"https:\/\/i0.wp.com\/yaracreatyque.fr\/wp-content\/uploads\/2025\/04\/Logo-yara-creatyque-presence-redbubble-activites-creatives-et-objets-a-personnaliser.jpg?fit=1200%2C628&amp;ssl=1\" data-orig-size=\"1200,628\" data-comments-opened=\"1\" data-image-meta=\"{&quot;aperture&quot;:&quot;0&quot;,&quot;credit&quot;:&quot;&quot;,&quot;camera&quot;:&quot;&quot;,&quot;caption&quot;:&quot;&quot;,&quot;created_timestamp&quot;:&quot;0&quot;,&quot;copyright&quot;:&quot;&quot;,&quot;focal_length&quot;:&quot;0&quot;,&quot;iso&quot;:&quot;0&quot;,&quot;shutter_speed&quot;:&quot;0&quot;,&quot;title&quot;:&quot;&quot;,&quot;orientation&quot;:&quot;1&quot;}\" data-image-title=\"Logo-yara-creatyque-presence-redbubble-activites-creatives-et-objets-a-personnaliser\" data-image-description=\"&lt;p&gt;logo yara creatyque pr\u00e9sence Redbubble &amp;#8211; activit\u00e9s cr\u00e9atives et objets \u00e0 personnaliser&lt;\/p&gt;\" data-image-caption=\"&lt;p&gt;Rejoins-moi sur Redbubble&lt;\/p&gt;\" data-large-file=\"https:\/\/i0.wp.com\/yaracreatyque.fr\/wp-content\/uploads\/2025\/04\/Logo-yara-creatyque-presence-redbubble-activites-creatives-et-objets-a-personnaliser.jpg?fit=1024%2C536&amp;ssl=1\" data-id=\"2313\" src=\"https:\/\/i0.wp.com\/yaracreatyque.fr\/wp-content\/uploads\/2025\/04\/Logo-yara-creatyque-presence-redbubble-activites-creatives-et-objets-a-personnaliser.jpg?resize=1024%2C536&#038;ssl=1\" alt=\"logo yara creatyque pr\u00e9sence Redbubble - activit\u00e9s cr\u00e9atives et objets \u00e0 personnaliser\" class=\"wp-image-2313\" srcset=\"https:\/\/i0.wp.com\/yaracreatyque.fr\/wp-content\/uploads\/2025\/04\/Logo-yara-creatyque-presence-redbubble-activites-creatives-et-objets-a-personnaliser.jpg?resize=1024%2C536&amp;ssl=1 1024w, https:\/\/i0.wp.com\/yaracreatyque.fr\/wp-content\/uploads\/2025\/04\/Logo-yara-creatyque-presence-redbubble-activites-creatives-et-objets-a-personnaliser.jpg?resize=300%2C157&amp;ssl=1 300w, https:\/\/i0.wp.com\/yaracreatyque.fr\/wp-content\/uploads\/2025\/04\/Logo-yara-creatyque-presence-redbubble-activites-creatives-et-objets-a-personnaliser.jpg?resize=768%2C402&amp;ssl=1 768w, https:\/\/i0.wp.com\/yaracreatyque.fr\/wp-content\/uploads\/2025\/04\/Logo-yara-creatyque-presence-redbubble-activites-creatives-et-objets-a-personnaliser.jpg?resize=18%2C9&amp;ssl=1 18w, https:\/\/i0.wp.com\/yaracreatyque.fr\/wp-content\/uploads\/2025\/04\/Logo-yara-creatyque-presence-redbubble-activites-creatives-et-objets-a-personnaliser.jpg?resize=600%2C314&amp;ssl=1 600w, https:\/\/i0.wp.com\/yaracreatyque.fr\/wp-content\/uploads\/2025\/04\/Logo-yara-creatyque-presence-redbubble-activites-creatives-et-objets-a-personnaliser.jpg?w=1200&amp;ssl=1 1200w\" sizes=\"auto, (max-width: 1000px) 100vw, 1000px\" \/><\/a><figcaption class=\"wp-element-caption\">Redbubble<\/figcaption><\/figure>\n<\/figure>",
        "protected": false
    },
    "excerpt": {
        "rendered": "<p>Mon compte : cet espace personnel est le tien. Ici, tu peux acc\u00e9der \u00e0 ton compte, tes t\u00e9l\u00e9chargements, tes commandes ou ton abonnement. Un lieu intime et prot\u00e9g\u00e9 pour accompagner ton voyage int\u00e9rieur \u00e0 ton rythme. Bienvenue dans ton espace personnel Ici, tu peux suivre ton propre rythme, retrouver tes t\u00e9l\u00e9chargements, tes commandes, et les [&hellip;]<\/p>",
        "protected": false
    },
    "author": 1,
    "featured_media": 1854,
    "parent": 0,
    "menu_order": 0,
    "comment_status": "closed",
    "ping_status": "closed",
    "template": "",
    "meta": {
        "_crdt_document": "",
        "footnotes": ""
    },
    "class_list": [
        "post-1504",
        "page",
        "type-page",
        "status-publish",
        "has-post-thumbnail",
        "hentry"
    ],
    "yoast_head": "<!-- This site is optimized with the Yoast SEO plugin v27.5 - https:\/\/yoast.com\/product\/yoast-seo-wordpress\/ -->\n<title>Mon compte - Espace Personnel - Yara Creatyque<\/title>\n<meta name=\"description\" content=\"Mon compte, acc\u00e8de \u00e0 ton espace personnel : commandes, t\u00e9l\u00e9chargements, abonnements et ressources cr\u00e9atives pour poursuivre ton chemin int\u00e9rieur.\" \/>\n<meta name=\"robots\" content=\"index, follow, max-snippet:-1, max-image-preview:large, max-video-preview:-1\" \/>\n<link rel=\"canonical\" href=\"https:\/\/yaracreatyque.fr\/en\/?page_id=1504\" \/>\n<meta property=\"og:locale\" content=\"en_GB\" \/>\n<meta property=\"og:type\" content=\"article\" \/>\n<meta property=\"og:title\" content=\"Mon compte - Espace Personnel - Yara Creatyque\" \/>\n<meta property=\"og:description\" content=\"Mon compte, acc\u00e8de \u00e0 ton espace personnel : commandes, t\u00e9l\u00e9chargements, abonnements et ressources cr\u00e9atives pour poursuivre ton chemin int\u00e9rieur.\" \/>\n<meta property=\"og:url\" content=\"https:\/\/yaracreatyque.fr\/en\/?page_id=1504\" \/>\n<meta property=\"og:site_name\" content=\"Yara Creatyque\" \/>\n<meta property=\"article:modified_time\" content=\"2025-08-22T11:13:01+00:00\" \/>\n<meta property=\"og:image\" content=\"https:\/\/yaracreatyque.fr\/wp-content\/uploads\/2025\/04\/espace-personnel-mon-compte-yara-creatyque.jpg\" \/>\n\t<meta property=\"og:image:width\" content=\"1200\" \/>\n\t<meta property=\"og:image:height\" content=\"628\" \/>\n\t<meta property=\"og:image:type\" content=\"image\/jpeg\" \/>\n<meta name=\"twitter:card\" content=\"summary_large_image\" \/>\n<meta name=\"twitter:label1\" content=\"Estimated reading time\" \/>\n\t<meta name=\"twitter:data1\" content=\"5 minutes\" \/>\n<script type=\"application\/ld+json\" class=\"yoast-schema-graph\">{\"@context\":\"https:\\\/\\\/schema.org\",\"@graph\":[{\"@type\":\"WebPage\",\"@id\":\"https:\\\/\\\/yaracreatyque.fr\\\/?page_id=1504\",\"url\":\"https:\\\/\\\/yaracreatyque.fr\\\/?page_id=1504\",\"name\":\"Mon compte - Espace Personnel - Yara Creatyque\",\"isPartOf\":{\"@id\":\"https:\\\/\\\/yaracreatyque.fr\\\/#website\"},\"primaryImageOfPage\":{\"@id\":\"https:\\\/\\\/yaracreatyque.fr\\\/?page_id=1504#primaryimage\"},\"image\":{\"@id\":\"https:\\\/\\\/yaracreatyque.fr\\\/?page_id=1504#primaryimage\"},\"thumbnailUrl\":\"https:\\\/\\\/i0.wp.com\\\/yaracreatyque.fr\\\/wp-content\\\/uploads\\\/2025\\\/04\\\/espace-personnel-mon-compte-yara-creatyque.jpg?fit=1200%2C628&ssl=1\",\"datePublished\":\"2025-04-03T13:31:18+00:00\",\"dateModified\":\"2025-08-22T11:13:01+00:00\",\"description\":\"Mon compte, acc\u00e8de \u00e0 ton espace personnel : commandes, t\u00e9l\u00e9chargements, abonnements et ressources cr\u00e9atives pour poursuivre ton chemin int\u00e9rieur.\",\"breadcrumb\":{\"@id\":\"https:\\\/\\\/yaracreatyque.fr\\\/?page_id=1504#breadcrumb\"},\"inLanguage\":\"en-GB\",\"potentialAction\":[{\"@type\":\"ReadAction\",\"target\":[\"https:\\\/\\\/yaracreatyque.fr\\\/?page_id=1504\"]}]},{\"@type\":\"ImageObject\",\"inLanguage\":\"en-GB\",\"@id\":\"https:\\\/\\\/yaracreatyque.fr\\\/?page_id=1504#primaryimage\",\"url\":\"https:\\\/\\\/i0.wp.com\\\/yaracreatyque.fr\\\/wp-content\\\/uploads\\\/2025\\\/04\\\/espace-personnel-mon-compte-yara-creatyque.jpg?fit=1200%2C628&ssl=1\",\"contentUrl\":\"https:\\\/\\\/i0.wp.com\\\/yaracreatyque.fr\\\/wp-content\\\/uploads\\\/2025\\\/04\\\/espace-personnel-mon-compte-yara-creatyque.jpg?fit=1200%2C628&ssl=1\",\"width\":1200,\"height\":628,\"caption\":\"Un espace rien qu\u2019\u00e0 toi, pour suivre ton propre rythme.\"},{\"@type\":\"BreadcrumbList\",\"@id\":\"https:\\\/\\\/yaracreatyque.fr\\\/?page_id=1504#breadcrumb\",\"itemListElement\":[{\"@type\":\"ListItem\",\"position\":1,\"name\":\"Accueil\",\"item\":\"https:\\\/\\\/yaracreatyque.fr\\\/\"},{\"@type\":\"ListItem\",\"position\":2,\"name\":\"Mon compte &#8211; Espace Personnel\"}]},{\"@type\":\"WebSite\",\"@id\":\"https:\\\/\\\/yaracreatyque.fr\\\/#website\",\"url\":\"https:\\\/\\\/yaracreatyque.fr\\\/\",\"name\":\"Yara Creatyque\",\"description\":\"Explorez l&#039;art du coloriage g\u00e9om\u00e9trique et introspectif \u00e0 travers un espace d\u00e9di\u00e9 \u00e0 la cr\u00e9ation et au bien-\u00eatre par le coloriage th\u00e9rapeutique. D\u00e9couvrez des livres de coloriages uniques alliant designs g\u00e9om\u00e9triques modernes et introspection, con\u00e7us pour stimuler la cr\u00e9ativit\u00e9, favoriser la relaxation et encourager l&#039;expression de soi.\",\"publisher\":{\"@id\":\"https:\\\/\\\/yaracreatyque.fr\\\/#organization\"},\"potentialAction\":[{\"@type\":\"SearchAction\",\"target\":{\"@type\":\"EntryPoint\",\"urlTemplate\":\"https:\\\/\\\/yaracreatyque.fr\\\/?s={search_term_string}\"},\"query-input\":{\"@type\":\"PropertyValueSpecification\",\"valueRequired\":true,\"valueName\":\"search_term_string\"}}],\"inLanguage\":\"en-GB\"},{\"@type\":\"Organization\",\"@id\":\"https:\\\/\\\/yaracreatyque.fr\\\/#organization\",\"name\":\"Yara Creatyque\",\"url\":\"https:\\\/\\\/yaracreatyque.fr\\\/\",\"logo\":{\"@type\":\"ImageObject\",\"inLanguage\":\"en-GB\",\"@id\":\"https:\\\/\\\/yaracreatyque.fr\\\/#\\\/schema\\\/logo\\\/image\\\/\",\"url\":\"https:\\\/\\\/i0.wp.com\\\/yaracreatyque.fr\\\/wp-content\\\/uploads\\\/2025\\\/04\\\/cropped-logo-yara-creatyque.png?fit=760%2C100&ssl=1\",\"contentUrl\":\"https:\\\/\\\/i0.wp.com\\\/yaracreatyque.fr\\\/wp-content\\\/uploads\\\/2025\\\/04\\\/cropped-logo-yara-creatyque.png?fit=760%2C100&ssl=1\",\"width\":760,\"height\":100,\"caption\":\"Yara Creatyque\"},\"image\":{\"@id\":\"https:\\\/\\\/yaracreatyque.fr\\\/#\\\/schema\\\/logo\\\/image\\\/\"}}]}<\/script>\n<!-- \/ Yoast SEO plugin. -->",
    "yoast_head_json": {
        "title": "Mon compte - Espace Personnel - Yara Creatyque",
        "description": "Mon compte, acc\u00e8de \u00e0 ton espace personnel : commandes, t\u00e9l\u00e9chargements, abonnements et ressources cr\u00e9atives pour poursuivre ton chemin int\u00e9rieur.",
        "robots": {
            "index": "index",
            "follow": "follow",
            "max-snippet": "max-snippet:-1",
            "max-image-preview": "max-image-preview:large",
            "max-video-preview": "max-video-preview:-1"
        },
        "canonical": "https:\/\/yaracreatyque.fr\/en\/?page_id=1504",
        "og_locale": "en_GB",
        "og_type": "article",
        "og_title": "Mon compte - Espace Personnel - Yara Creatyque",
        "og_description": "Mon compte, acc\u00e8de \u00e0 ton espace personnel : commandes, t\u00e9l\u00e9chargements, abonnements et ressources cr\u00e9atives pour poursuivre ton chemin int\u00e9rieur.",
        "og_url": "https:\/\/yaracreatyque.fr\/en\/?page_id=1504",
        "og_site_name": "Yara Creatyque",
        "article_modified_time": "2025-08-22T11:13:01+00:00",
        "og_image": [
            {
                "width": 1200,
                "height": 628,
                "url": "https:\/\/yaracreatyque.fr\/wp-content\/uploads\/2025\/04\/espace-personnel-mon-compte-yara-creatyque.jpg",
                "type": "image\/jpeg"
            }
        ],
        "twitter_card": "summary_large_image",
        "twitter_misc": {
            "Estimated reading time": "5 minutes"
        },
        "schema": {
            "@context": "https:\/\/schema.org",
            "@graph": [
                {
                    "@type": "WebPage",
                    "@id": "https:\/\/yaracreatyque.fr\/?page_id=1504",
                    "url": "https:\/\/yaracreatyque.fr\/?page_id=1504",
                    "name": "Mon compte - Espace Personnel - Yara Creatyque",
                    "isPartOf": {
                        "@id": "https:\/\/yaracreatyque.fr\/#website"
                    },
                    "primaryImageOfPage": {
                        "@id": "https:\/\/yaracreatyque.fr\/?page_id=1504#primaryimage"
                    },
                    "image": {
                        "@id": "https:\/\/yaracreatyque.fr\/?page_id=1504#primaryimage"
                    },
                    "thumbnailUrl": "https:\/\/i0.wp.com\/yaracreatyque.fr\/wp-content\/uploads\/2025\/04\/espace-personnel-mon-compte-yara-creatyque.jpg?fit=1200%2C628&ssl=1",
                    "datePublished": "2025-04-03T13:31:18+00:00",
                    "dateModified": "2025-08-22T11:13:01+00:00",
                    "description": "Mon compte, acc\u00e8de \u00e0 ton espace personnel : commandes, t\u00e9l\u00e9chargements, abonnements et ressources cr\u00e9atives pour poursuivre ton chemin int\u00e9rieur.",
                    "breadcrumb": {
                        "@id": "https:\/\/yaracreatyque.fr\/?page_id=1504#breadcrumb"
                    },
                    "inLanguage": "en-GB",
                    "potentialAction": [
                        {
                            "@type": "ReadAction",
                            "target": [
                                "https:\/\/yaracreatyque.fr\/?page_id=1504"
                            ]
                        }
                    ]
                },
                {
                    "@type": "ImageObject",
                    "inLanguage": "en-GB",
                    "@id": "https:\/\/yaracreatyque.fr\/?page_id=1504#primaryimage",
                    "url": "https:\/\/i0.wp.com\/yaracreatyque.fr\/wp-content\/uploads\/2025\/04\/espace-personnel-mon-compte-yara-creatyque.jpg?fit=1200%2C628&ssl=1",
                    "contentUrl": "https:\/\/i0.wp.com\/yaracreatyque.fr\/wp-content\/uploads\/2025\/04\/espace-personnel-mon-compte-yara-creatyque.jpg?fit=1200%2C628&ssl=1",
                    "width": 1200,
                    "height": 628,
                    "caption": "Un espace rien qu\u2019\u00e0 toi, pour suivre ton propre rythme."
                },
                {
                    "@type": "BreadcrumbList",
                    "@id": "https:\/\/yaracreatyque.fr\/?page_id=1504#breadcrumb",
                    "itemListElement": [
                        {
                            "@type": "ListItem",
                            "position": 1,
                            "name": "Accueil",
                            "item": "https:\/\/yaracreatyque.fr\/"
                        },
                        {
                            "@type": "ListItem",
                            "position": 2,
                            "name": "Mon compte &#8211; Espace Personnel"
                        }
                    ]
                },
                {
                    "@type": "WebSite",
                    "@id": "https:\/\/yaracreatyque.fr\/#website",
                    "url": "https:\/\/yaracreatyque.fr\/",
                    "name": "Yara Creatyque",
                    "description": "Explorez l&#039;art du coloriage g\u00e9om\u00e9trique et introspectif \u00e0 travers un espace d\u00e9di\u00e9 \u00e0 la cr\u00e9ation et au bien-\u00eatre par le coloriage th\u00e9rapeutique. D\u00e9couvrez des livres de coloriages uniques alliant designs g\u00e9om\u00e9triques modernes et introspection, con\u00e7us pour stimuler la cr\u00e9ativit\u00e9, favoriser la relaxation et encourager l&#039;expression de soi.",
                    "publisher": {
                        "@id": "https:\/\/yaracreatyque.fr\/#organization"
                    },
                    "potentialAction": [
                        {
                            "@type": "SearchAction",
                            "target": {
                                "@type": "EntryPoint",
                                "urlTemplate": "https:\/\/yaracreatyque.fr\/?s={search_term_string}"
                            },
                            "query-input": {
                                "@type": "PropertyValueSpecification",
                                "valueRequired": true,
                                "valueName": "search_term_string"
                            }
                        }
                    ],
                    "inLanguage": "en-GB"
                },
                {
                    "@type": "Organization",
                    "@id": "https:\/\/yaracreatyque.fr\/#organization",
                    "name": "Yara Creatyque",
                    "url": "https:\/\/yaracreatyque.fr\/",
                    "logo": {
                        "@type": "ImageObject",
                        "inLanguage": "en-GB",
                        "@id": "https:\/\/yaracreatyque.fr\/#\/schema\/logo\/image\/",
                        "url": "https:\/\/i0.wp.com\/yaracreatyque.fr\/wp-content\/uploads\/2025\/04\/cropped-logo-yara-creatyque.png?fit=760%2C100&ssl=1",
                        "contentUrl": "https:\/\/i0.wp.com\/yaracreatyque.fr\/wp-content\/uploads\/2025\/04\/cropped-logo-yara-creatyque.png?fit=760%2C100&ssl=1",
                        "width": 760,
                        "height": 100,
                        "caption": "Yara Creatyque"
                    },
                    "image": {
                        "@id": "https:\/\/yaracreatyque.fr\/#\/schema\/logo\/image\/"
                    }
                }
            ]
        }
    },
    "jetpack_likes_enabled": true,
    "jetpack_sharing_enabled": true,
    "jetpack_shortlink": "https:\/\/wp.me\/Pgr1n1-og",
    "jetpack-related-posts": [],
    "_links": {
        "self": [
            {
                "href": "https:\/\/yaracreatyque.fr\/en\/index.php?rest_route=\/wp\/v2\/pages\/1504",
                "targetHints": {
                    "allow": [
                        "GET"
                    ]
                }
            }
        ],
        "collection": [
            {
                "href": "https:\/\/yaracreatyque.fr\/en\/index.php?rest_route=\/wp\/v2\/pages"
            }
        ],
        "about": [
            {
                "href": "https:\/\/yaracreatyque.fr\/en\/index.php?rest_route=\/wp\/v2\/types\/page"
            }
        ],
        "author": [
            {
                "embeddable": true,
                "href": "https:\/\/yaracreatyque.fr\/en\/index.php?rest_route=\/wp\/v2\/users\/1"
            }
        ],
        "replies": [
            {
                "embeddable": true,
                "href": "https:\/\/yaracreatyque.fr\/en\/index.php?rest_route=%2Fwp%2Fv2%2Fcomments&post=1504"
            }
        ],
        "version-history": [
            {
                "count": 31,
                "href": "https:\/\/yaracreatyque.fr\/en\/index.php?rest_route=\/wp\/v2\/pages\/1504\/revisions"
            }
        ],
        "predecessor-version": [
            {
                "id": 3000,
                "href": "https:\/\/yaracreatyque.fr\/en\/index.php?rest_route=\/wp\/v2\/pages\/1504\/revisions\/3000"
            }
        ],
        "wp:featuredmedia": [
            {
                "embeddable": true,
                "href": "https:\/\/yaracreatyque.fr\/en\/index.php?rest_route=\/wp\/v2\/media\/1854"
            }
        ],
        "wp:attachment": [
            {
                "href": "https:\/\/yaracreatyque.fr\/en\/index.php?rest_route=%2Fwp%2Fv2%2Fmedia&parent=1504"
            }
        ],
        "curies": [
            {
                "name": "wp",
                "href": "https:\/\/api.w.org\/{rel}",
                "templated": true
            }
        ]
    }
}