{
    "id": 1268,
    "date": "2025-04-02T13:04:23",
    "date_gmt": "2025-04-02T11:04:23",
    "guid": {
        "rendered": "https:\/\/yaracreatyque.fr\/?p=1268"
    },
    "modified": "2025-05-27T11:25:44",
    "modified_gmt": "2025-05-27T09:25:44",
    "slug": "questions-reponses-yara",
    "status": "publish",
    "type": "post",
    "link": "https:\/\/yaracreatyque.fr\/en\/?p=1268",
    "title": {
        "rendered": "Questions-R\u00e9ponses YARA"
    },
    "content": {
        "rendered": "<div style=\"height:44px\" aria-hidden=\"true\" class=\"wp-block-spacer\"><\/div>\n\n\n\n\n\n<div style=\"height:55px\" aria-hidden=\"true\" class=\"wp-block-spacer\"><\/div>\n\n\n\n<div style=\"height:55px\" aria-hidden=\"true\" class=\"wp-block-spacer\"><\/div>\n\n\n<div class=\"wp-block-post-time-to-read\">14\u201321 minutes<\/div>\n\n\n<div style=\"height:55px\" aria-hidden=\"true\" class=\"wp-block-spacer\"><\/div>\n\n\n\n<hr class=\"wp-block-separator has-alpha-channel-opacity\" \/>\n\n\n\n<h2 class=\"wp-block-heading has-text-align-center has-montserrat-font-family has-large-font-size\" style=\"letter-spacing:5px\"><strong>Comment sont n\u00e9es tes premi\u00e8res images ?<\/strong><\/h2>\n\n\n\n<div style=\"height:22px\" aria-hidden=\"true\" class=\"wp-block-spacer\"><\/div>\n\n\n\n<p class=\"wp-block-paragraph\">Je n\u2019appelais pas encore \u00e7a \u201cg\u00e9om\u00e9trie th\u00e9rapeutique\u201d.<br>Mais je savais que \u00e7a me faisait du bien.<\/p>\n\n\n\n<p class=\"wp-block-paragraph\">Je ne les ai pas vraiment \u201cimagin\u00e9es\u201d, elles sont venues \u00e0 moi.<\/p>\n\n\n\n<p class=\"wp-block-paragraph\"><br>C\u2019\u00e9tait instinctif, presque urgent. J\u2019avais besoin de stabilit\u00e9, d\u2019un espace int\u00e9rieur clair.<\/p>\n\n\n\n<p class=\"wp-block-paragraph\">Alors j\u2019ai commenc\u00e9 \u00e0 tracer. D\u2019abord des traits simples, puis des formes.<br>Et rapidement, ce sont les triangles qui se sont impos\u00e9s.<br>Pas en force, mais comme une \u00e9vidence.<\/p>\n\n\n\n<p class=\"wp-block-paragraph\">Chaque dessin \u00e9tait un peu comme une structure int\u00e9rieure que je construisais pour moi-m\u00eame,<br><strong>une mani\u00e8re de remettre de l\u2019ordre dans ce que je ne comprenais pas encore.<\/strong><\/p>\n\n\n\n<div style=\"height:22px\" aria-hidden=\"true\" class=\"wp-block-spacer\"><\/div>\n\n\n\n<hr class=\"wp-block-separator has-alpha-channel-opacity\" \/>\n\n\n\n<h3 class=\"wp-block-heading has-text-align-center has-montserrat-font-family has-large-font-size\" style=\"letter-spacing:5px\"><strong>Te souviens-tu de la premi\u00e8re fois o\u00f9 tu as colori\u00e9 une de tes propres cr\u00e9ations ?<\/strong><\/h3>\n\n\n\n<blockquote class=\"wp-block-quote is-layout-flow wp-block-quote-is-layout-flow\">\n<div style=\"height:22px\" aria-hidden=\"true\" class=\"wp-block-spacer\"><\/div>\n\n\n\n<p class=\"has-text-align-center wp-block-paragraph\"><strong>Que s\u2019est-il pass\u00e9 la premi\u00e8re fois que tu as colori\u00e9 un de tes dessins ?<\/strong><\/p>\n\n\n\n<div style=\"height:22px\" aria-hidden=\"true\" class=\"wp-block-spacer\"><\/div>\n\n\n\n<p class=\"wp-block-paragraph\">Ce ne sont pas juste des dessins.<br>Ce sont <strong>des espaces qui \u00e9voluent avec moi.<\/strong><\/p>\n\n\n\n<p class=\"wp-block-paragraph\">Avant m\u00eame de les colorier, je ressentais d\u00e9j\u00e0 quelque chose \u00e0 leur cr\u00e9ation.<\/p>\n\n\n\n<p class=\"wp-block-paragraph\">Tracer les traits, construire les formes, <strong>c\u2019est comme si je posais un ordre int\u00e9rieur.<\/strong><br>Une organisation douce, qui ne dit pas forc\u00e9ment ce que je vis\u2026<br>mais qui le refl\u00e8te.<\/p>\n\n\n\n<p class=\"wp-block-paragraph\">Ce que je ne peux pas toujours exprimer en mots \u2014 <strong>le dessin me l\u2019offre d\u00e9j\u00e0 en lignes.<\/strong><\/p>\n\n\n\n<p class=\"wp-block-paragraph\">Mais c\u2019est vraiment quand j\u2019ai commenc\u00e9 \u00e0 les colorier que <strong>tout a chang\u00e9 de niveau.<\/strong><br>Les couleurs sont venues <strong>comme un langage nouveau<\/strong>.<br>Comme si ce que je ressentais <strong>pouvait maintenant se manifester dans une vibration plus subtile.<\/strong><\/p>\n\n\n\n<p class=\"wp-block-paragraph\">Un m\u00eame dessin prenait une autre dimension\u2026<br>parfois m\u00eame une <strong>pr\u00e9sence en 3D<\/strong>, comme si <strong>quelque chose de vivant s\u2019animait \u00e0 travers lui.<\/strong><\/p>\n\n\n\n<p class=\"wp-block-paragraph\">Je me souviens tr\u00e8s bien du premier que j\u2019ai colori\u00e9 :<br>celui que tu vois ici.<\/p>\n\n\n\n<p class=\"wp-block-paragraph\">\u00c0 la fin, je me suis sentie <strong>plus l\u00e9g\u00e8re, plus pos\u00e9e, plus claire.<\/strong><\/p>\n\n\n\n<p class=\"wp-block-paragraph\">Et aujourd\u2019hui encore, je peux les regarder et ressentir le moment que j\u2019ai v\u00e9cu avec eux.<\/p>\n\n\n\n<p class=\"wp-block-paragraph\">Parfois, j\u2019ai m\u00eame envie de les recolorier, mais autrement.<br>Comme si j\u2019avais <strong>autre chose \u00e0 dire<\/strong>, ou <strong>un nouveau dialogue \u00e0 vivre avec la m\u00eame forme.<\/strong><\/p>\n\n\n\n<div style=\"height:22px\" aria-hidden=\"true\" class=\"wp-block-spacer\"><\/div>\n<\/blockquote>\n\n\n\n<figure data-wp-context=\"{&quot;imageId&quot;:&quot;69ec8d285ed31&quot;}\" data-wp-interactive=\"core\/image\" data-wp-key=\"69ec8d285ed31\" class=\"wp-block-image size-large wp-lightbox-container\"><img data-recalc-dims=\"1\" loading=\"lazy\" decoding=\"async\" width=\"5000\" height=\"5000\" data-attachment-id=\"1278\" data-permalink=\"https:\/\/yaracreatyque.fr\/en\/?attachment_id=1278\" data-orig-file=\"https:\/\/i0.wp.com\/yaracreatyque.fr\/wp-content\/uploads\/2025\/04\/premier-dessin-colorie-trialogue-yara-creatyque.png.png?fit=5000%2C5000&amp;ssl=1\" data-orig-size=\"5000,5000\" data-comments-opened=\"0\" data-image-meta=\"{&quot;aperture&quot;:&quot;0&quot;,&quot;credit&quot;:&quot;&quot;,&quot;camera&quot;:&quot;&quot;,&quot;caption&quot;:&quot;&quot;,&quot;created_timestamp&quot;:&quot;0&quot;,&quot;copyright&quot;:&quot;&quot;,&quot;focal_length&quot;:&quot;0&quot;,&quot;iso&quot;:&quot;0&quot;,&quot;shutter_speed&quot;:&quot;0&quot;,&quot;title&quot;:&quot;&quot;,&quot;orientation&quot;:&quot;0&quot;}\" data-image-title=\"Premier design colori\u00e9 \u2013 Trialogue par Yara Creatyque\" data-image-description=\"&lt;p&gt;Design g\u00e9om\u00e9trique original par Yara Creatyque, utilis\u00e9 comme illustration dans l\u2019interview \u201cMa premi\u00e8re exp\u00e9rience de coloriage introspectif\u201d. Le dessin montre un visage stylis\u00e9 en triangles, dont une moiti\u00e9 est color\u00e9e avec des tons chauds et doux, et l\u2019autre reste en lignes brutes. Il symbolise l\u2019\u00e9volution int\u00e9rieure ressentie au contact de la pratique Trialogue.&lt;\/p&gt;\" data-image-caption=\"&lt;p&gt;C\u2019est avec ce dessin que tout a commenc\u00e9.&lt;br \/&gt;La forme a d\u2019abord pos\u00e9 un cadre\u2026&lt;br \/&gt;Puis la couleur a r\u00e9v\u00e9l\u00e9 ce que je n\u2019avais pas encore pu dire.&lt;\/p&gt;\" data-large-file=\"https:\/\/i0.wp.com\/yaracreatyque.fr\/wp-content\/uploads\/2025\/04\/premier-dessin-colorie-trialogue-yara-creatyque.png.png?fit=1024%2C1024&amp;ssl=1\" data-wp-class--hide=\"state.isContentHidden\" data-wp-class--show=\"state.isContentVisible\" data-wp-init=\"callbacks.setButtonStyles\" data-wp-on--click=\"actions.showLightbox\" data-wp-on--load=\"callbacks.setButtonStyles\" data-wp-on--pointerdown=\"actions.preloadImage\" data-wp-on--pointerenter=\"actions.preloadImageWithDelay\" data-wp-on--pointerleave=\"actions.cancelPreload\" data-wp-on-window--resize=\"callbacks.setButtonStyles\" src=\"https:\/\/i0.wp.com\/yaracreatyque.fr\/wp-content\/uploads\/2025\/04\/premier-dessin-colorie-trialogue-yara-creatyque.png.png?resize=5000%2C5000&#038;ssl=1\" alt=\"Portrait g\u00e9om\u00e9trique stylis\u00e9 de type totem f\u00e9minin, moiti\u00e9 colori\u00e9, moiti\u00e9 non, repr\u00e9sentant le tout premier mod\u00e8le colori\u00e9 par Yara \u2013 image symbolique de l\u2019\u00e9veil introspectif \u00e0 travers Trialogue.\" class=\"wp-image-1278\" \/><button\n\t\t\tclass=\"lightbox-trigger\"\n\t\t\ttype=\"button\"\n\t\t\taria-haspopup=\"dialog\"\n\t\t\tdata-wp-bind--aria-label=\"state.thisImage.triggerButtonAriaLabel\"\n\t\t\tdata-wp-init=\"callbacks.initTriggerButton\"\n\t\t\tdata-wp-on--click=\"actions.showLightbox\"\n\t\t\tdata-wp-style--right=\"state.thisImage.buttonRight\"\n\t\t\tdata-wp-style--top=\"state.thisImage.buttonTop\"\n\t\t>\n\t\t\t<svg xmlns=\"http:\/\/www.w3.org\/2000\/svg\" width=\"12\" height=\"12\" fill=\"none\" viewbox=\"0 0 12 12\">\n\t\t\t\t<path fill=\"#fff\" d=\"M2 0a2 2 0 0 0-2 2v2h1.5V2a.5.5 0 0 1 .5-.5h2V0H2Zm2 10.5H2a.5.5 0 0 1-.5-.5V8H0v2a2 2 0 0 0 2 2h2v-1.5ZM8 12v-1.5h2a.5.5 0 0 0 .5-.5V8H12v2a2 2 0 0 1-2 2H8Zm2-12a2 2 0 0 1 2 2v2h-1.5V2a.5.5 0 0 0-.5-.5H8V0h2Z\" \/>\n\t\t\t<\/svg>\n\t\t<\/button><figcaption class=\"wp-element-caption\">C\u2019est avec ce dessin que tout a commenc\u00e9.\nLa forme a d\u2019abord pos\u00e9 un cadre\u2026\nPuis la couleur a r\u00e9v\u00e9l\u00e9 ce que je n\u2019avais pas encore pu dire.<\/figcaption><\/figure>\n\n\n\n<div style=\"height:22px\" aria-hidden=\"true\" class=\"wp-block-spacer\"><\/div>\n\n\n\n<hr class=\"wp-block-separator has-alpha-channel-opacity\" \/>\n\n\n\n<h3 class=\"wp-block-heading has-text-align-center has-montserrat-font-family has-large-font-size\" style=\"letter-spacing:5px\"><strong>Pourquoi la g\u00e9om\u00e9trie ? Pourquoi les triangles ?<\/strong><\/h3>\n\n\n\n<div style=\"height:22px\" aria-hidden=\"true\" class=\"wp-block-spacer\"><\/div>\n\n\n\n<blockquote class=\"wp-block-quote is-layout-flow wp-block-quote-is-layout-flow\">\n<p class=\"wp-block-paragraph\">Au d\u00e9part, je dessinais surtout des animaux.<br>Des formes g\u00e9om\u00e9triques, mais assez libres, avec de grands espaces, des lignes larges ou serr\u00e9es\u2026<\/p>\n\n\n\n<p class=\"wp-block-paragraph\">Et puis, <strong>les triangles ont commenc\u00e9 \u00e0 revenir.<\/strong><br>Ils prenaient naturellement leur place.<\/p>\n\n\n\n<p class=\"wp-block-paragraph\">Plus j\u2019en faisais, plus je les aimais.<br>C\u2019\u00e9tait comme une <strong>passion instinctive<\/strong>, que je ne comprenais pas encore.<\/p>\n\n\n\n<p class=\"wp-block-paragraph\">Au fil de la pratique, ils se sont multipli\u00e9s.<br>Et aujourd\u2019hui\u2026 je ne peux plus dessiner autrement.<br><strong>Le triangle s\u2019impose.<\/strong><br>Il m\u2019appelle.<br>Il structure mes cr\u00e9ations presque sans que j\u2019y pense.<\/p>\n\n\n\n<div style=\"height:22px\" aria-hidden=\"true\" class=\"wp-block-spacer\"><\/div>\n\n\n\n<figure data-wp-context=\"{&quot;imageId&quot;:&quot;69ec8d285f5bf&quot;}\" data-wp-interactive=\"core\/image\" data-wp-key=\"69ec8d285f5bf\" class=\"wp-block-image size-large wp-lightbox-container\"><img data-recalc-dims=\"1\" loading=\"lazy\" decoding=\"async\" width=\"5000\" height=\"5000\" data-attachment-id=\"1284\" data-permalink=\"https:\/\/yaracreatyque.fr\/en\/?attachment_id=1284\" data-orig-file=\"https:\/\/i0.wp.com\/yaracreatyque.fr\/wp-content\/uploads\/2025\/04\/panda-geometrique-premiers-designs-yara-creatyque.png?fit=5000%2C5000&amp;ssl=1\" data-orig-size=\"5000,5000\" data-comments-opened=\"0\" data-image-meta=\"{&quot;aperture&quot;:&quot;0&quot;,&quot;credit&quot;:&quot;&quot;,&quot;camera&quot;:&quot;&quot;,&quot;caption&quot;:&quot;&quot;,&quot;created_timestamp&quot;:&quot;0&quot;,&quot;copyright&quot;:&quot;&quot;,&quot;focal_length&quot;:&quot;0&quot;,&quot;iso&quot;:&quot;0&quot;,&quot;shutter_speed&quot;:&quot;0&quot;,&quot;title&quot;:&quot;&quot;,&quot;orientation&quot;:&quot;0&quot;}\" data-image-title=\"Panda g\u00e9om\u00e9trique \u2013 Formes g\u00e9om\u00e9triques al\u00e9atoires\" data-image-description=\"&lt;p&gt;Ce dessin du panda marque les d\u00e9buts de l\u2019exploration g\u00e9om\u00e9trique de Yara. Les formes y sont vari\u00e9es : certaines larges, d\u2019autres plus contenues, avec une composition \u00e9quilibr\u00e9e mais encore libre. Ce mod\u00e8le t\u00e9moigne d\u2019un moment de recherche et de t\u00e2tonnement cr\u00e9atif, avant la r\u00e9v\u00e9lation des triangles. Il est aujourd\u2019hui un t\u00e9moin tendre des origines du projet Trialogue.&lt;\/p&gt;\" data-image-caption=\"&lt;p&gt;Au d\u00e9but, mes formes \u00e9taient plus libres.&lt;br \/&gt;Ce panda est l\u2019un des premiers que j\u2019ai compos\u00e9s \u2014 encore doux, encore large\u2026&lt;br \/&gt;Les triangles n\u2019\u00e9taient pas encore tout \u00e0 fait l\u00e0, mais ils commen\u00e7aient \u00e0 pointer.&lt;\/p&gt;\" data-large-file=\"https:\/\/i0.wp.com\/yaracreatyque.fr\/wp-content\/uploads\/2025\/04\/panda-geometrique-premiers-designs-yara-creatyque.png?fit=1024%2C1024&amp;ssl=1\" data-wp-class--hide=\"state.isContentHidden\" data-wp-class--show=\"state.isContentVisible\" data-wp-init=\"callbacks.setButtonStyles\" data-wp-on--click=\"actions.showLightbox\" data-wp-on--load=\"callbacks.setButtonStyles\" data-wp-on--pointerdown=\"actions.preloadImage\" data-wp-on--pointerenter=\"actions.preloadImageWithDelay\" data-wp-on--pointerleave=\"actions.cancelPreload\" data-wp-on-window--resize=\"callbacks.setButtonStyles\" src=\"https:\/\/i0.wp.com\/yaracreatyque.fr\/wp-content\/uploads\/2025\/04\/panda-geometrique-premiers-designs-yara-creatyque.png?resize=5000%2C5000&#038;ssl=1\" alt=\"Illustration d\u2019un panda g\u00e9om\u00e9trique avec formes diverses \u2013 symbole des premi\u00e8res cr\u00e9ations de Yara avant l\u2019omnipr\u00e9sence des triangles dans ses dessins.\" class=\"wp-image-1284\" \/><button\n\t\t\tclass=\"lightbox-trigger\"\n\t\t\ttype=\"button\"\n\t\t\taria-haspopup=\"dialog\"\n\t\t\tdata-wp-bind--aria-label=\"state.thisImage.triggerButtonAriaLabel\"\n\t\t\tdata-wp-init=\"callbacks.initTriggerButton\"\n\t\t\tdata-wp-on--click=\"actions.showLightbox\"\n\t\t\tdata-wp-style--right=\"state.thisImage.buttonRight\"\n\t\t\tdata-wp-style--top=\"state.thisImage.buttonTop\"\n\t\t>\n\t\t\t<svg xmlns=\"http:\/\/www.w3.org\/2000\/svg\" width=\"12\" height=\"12\" fill=\"none\" viewbox=\"0 0 12 12\">\n\t\t\t\t<path fill=\"#fff\" d=\"M2 0a2 2 0 0 0-2 2v2h1.5V2a.5.5 0 0 1 .5-.5h2V0H2Zm2 10.5H2a.5.5 0 0 1-.5-.5V8H0v2a2 2 0 0 0 2 2h2v-1.5ZM8 12v-1.5h2a.5.5 0 0 0 .5-.5V8H12v2a2 2 0 0 1-2 2H8Zm2-12a2 2 0 0 1 2 2v2h-1.5V2a.5.5 0 0 0-.5-.5H8V0h2Z\" \/>\n\t\t\t<\/svg>\n\t\t<\/button><figcaption class=\"wp-element-caption\">Au d\u00e9but, mes formes \u00e9taient plus libres.\nCe panda est l\u2019un des premiers que j\u2019ai compos\u00e9s \u2014 encore doux, encore large\u2026\nLes triangles n\u2019\u00e9taient pas encore tout \u00e0 fait l\u00e0, mais ils commen\u00e7aient \u00e0 pointer.<\/figcaption><\/figure>\n\n\n\n<div style=\"height:44px\" aria-hidden=\"true\" class=\"wp-block-spacer\"><\/div>\n<\/blockquote>\n\n\n\n<hr class=\"wp-block-separator has-alpha-channel-opacity\" \/>\n\n\n\n<blockquote class=\"wp-block-quote is-layout-flow wp-block-quote-is-layout-flow\">\n<p class=\"wp-block-paragraph\">Alors j\u2019ai commenc\u00e9 \u00e0 me poser des questions :<br>Pourquoi ces formes-l\u00e0 ?<br>Pourquoi ce ressenti si fort ?<\/p>\n\n\n\n<p class=\"wp-block-paragraph\">J\u2019ai fait des recherches.<br>Sur la symbolique, sur la g\u00e9om\u00e9trie sacr\u00e9e, sur le r\u00f4le des formes dans l\u2019histoire, en art, en spiritualit\u00e9\u2026<br>Et tout a r\u00e9sonn\u00e9 tr\u00e8s profond\u00e9ment.<\/p>\n\n\n\n<p class=\"wp-block-paragraph\">J\u2019ai compris que ce n\u2019\u00e9tait pas seulement une question de go\u00fbt ou d\u2019esth\u00e9tique.<br>Que ce n\u2019\u00e9tait pas juste mon attirance pour le design minimaliste ou les visuels modernes.<\/p>\n\n\n\n<p class=\"wp-block-paragraph\"><strong>C\u2019\u00e9tait bien plus profond.<\/strong><br>Le triangle, c\u2019est une vibration.<br>Une cl\u00e9.<br>Une structure.<br>Un point de contact entre ce qui est ancr\u00e9 et ce qui s\u2019\u00e9l\u00e8ve.<\/p>\n\n\n\n<div style=\"height:22px\" aria-hidden=\"true\" class=\"wp-block-spacer\"><\/div>\n\n\n\n<figure data-wp-context=\"{&quot;imageId&quot;:&quot;69ec8d285fc98&quot;}\" data-wp-interactive=\"core\/image\" data-wp-key=\"69ec8d285fc98\" class=\"wp-block-image size-large wp-lightbox-container\"><img data-recalc-dims=\"1\" loading=\"lazy\" decoding=\"async\" width=\"5000\" height=\"5000\" data-attachment-id=\"1287\" data-permalink=\"https:\/\/yaracreatyque.fr\/en\/?attachment_id=1287\" data-orig-file=\"https:\/\/i0.wp.com\/yaracreatyque.fr\/wp-content\/uploads\/2025\/04\/tortue-triangle-mi-coloriee-trialogue-yara-creatyque.png?fit=5000%2C5000&amp;ssl=1\" data-orig-size=\"5000,5000\" data-comments-opened=\"0\" data-image-meta=\"{&quot;aperture&quot;:&quot;0&quot;,&quot;credit&quot;:&quot;&quot;,&quot;camera&quot;:&quot;&quot;,&quot;caption&quot;:&quot;&quot;,&quot;created_timestamp&quot;:&quot;0&quot;,&quot;copyright&quot;:&quot;&quot;,&quot;focal_length&quot;:&quot;0&quot;,&quot;iso&quot;:&quot;0&quot;,&quot;shutter_speed&quot;:&quot;0&quot;,&quot;title&quot;:&quot;&quot;,&quot;orientation&quot;:&quot;0&quot;}\" data-image-title=\"Tortue g\u00e9om\u00e9trique en triangles \u2013 r\u00e9v\u00e9lation stylistique\" data-image-description=\"&lt;p&gt;Ce dessin de tortue est compos\u00e9 exclusivement de triangles. Il illustre la bascule stylistique profonde op\u00e9r\u00e9e par Yara dans sa pratique artistique. Les formes triangulaires y sont \u00e0 la fois structurantes et vibrantes. La moiti\u00e9 colori\u00e9e r\u00e9v\u00e8le la dimension introspective et vivante de l\u2019image, tandis que la moiti\u00e9 vide rappelle la possibilit\u00e9 d\u2019un dialogue ouvert. Ce mod\u00e8le incarne le c\u0153ur de Trialogue : une g\u00e9om\u00e9trie qui parle, qui porte, et qui transforme.&lt;\/p&gt;\" data-image-caption=\"&lt;p&gt;Et puis les triangles se sont impos\u00e9s.&lt;br \/&gt;Cette tortue marque ce basculement : chaque forme en est une.&lt;br \/&gt;Et pourtant\u2026 elle reste douce. Elle respire.&lt;br \/&gt;Comme une \u00e9vidence qui s\u2019est r\u00e9v\u00e9l\u00e9e.&lt;\/p&gt;\" data-large-file=\"https:\/\/i0.wp.com\/yaracreatyque.fr\/wp-content\/uploads\/2025\/04\/tortue-triangle-mi-coloriee-trialogue-yara-creatyque.png?fit=1024%2C1024&amp;ssl=1\" data-wp-class--hide=\"state.isContentHidden\" data-wp-class--show=\"state.isContentVisible\" data-wp-init=\"callbacks.setButtonStyles\" data-wp-on--click=\"actions.showLightbox\" data-wp-on--load=\"callbacks.setButtonStyles\" data-wp-on--pointerdown=\"actions.preloadImage\" data-wp-on--pointerenter=\"actions.preloadImageWithDelay\" data-wp-on--pointerleave=\"actions.cancelPreload\" data-wp-on-window--resize=\"callbacks.setButtonStyles\" src=\"https:\/\/i0.wp.com\/yaracreatyque.fr\/wp-content\/uploads\/2025\/04\/tortue-triangle-mi-coloriee-trialogue-yara-creatyque.png?resize=5000%2C5000&#038;ssl=1\" alt=\"Illustration d\u2019une tortue g\u00e9om\u00e9trique compos\u00e9e exclusivement de triangles \u2013 reflet de la maturit\u00e9 artistique de Yara et de son lien symbolique avec cette forme.\" class=\"wp-image-1287\" \/><button\n\t\t\tclass=\"lightbox-trigger\"\n\t\t\ttype=\"button\"\n\t\t\taria-haspopup=\"dialog\"\n\t\t\tdata-wp-bind--aria-label=\"state.thisImage.triggerButtonAriaLabel\"\n\t\t\tdata-wp-init=\"callbacks.initTriggerButton\"\n\t\t\tdata-wp-on--click=\"actions.showLightbox\"\n\t\t\tdata-wp-style--right=\"state.thisImage.buttonRight\"\n\t\t\tdata-wp-style--top=\"state.thisImage.buttonTop\"\n\t\t>\n\t\t\t<svg xmlns=\"http:\/\/www.w3.org\/2000\/svg\" width=\"12\" height=\"12\" fill=\"none\" viewbox=\"0 0 12 12\">\n\t\t\t\t<path fill=\"#fff\" d=\"M2 0a2 2 0 0 0-2 2v2h1.5V2a.5.5 0 0 1 .5-.5h2V0H2Zm2 10.5H2a.5.5 0 0 1-.5-.5V8H0v2a2 2 0 0 0 2 2h2v-1.5ZM8 12v-1.5h2a.5.5 0 0 0 .5-.5V8H12v2a2 2 0 0 1-2 2H8Zm2-12a2 2 0 0 1 2 2v2h-1.5V2a.5.5 0 0 0-.5-.5H8V0h2Z\" \/>\n\t\t\t<\/svg>\n\t\t<\/button><figcaption class=\"wp-element-caption\">Et puis les triangles se sont impos\u00e9s.\nCette tortue marque ce basculement : chaque forme en est une.\nEt pourtant\u2026 elle reste douce. Elle respire.\nComme une \u00e9vidence qui s\u2019est r\u00e9v\u00e9l\u00e9e.<\/figcaption><\/figure>\n\n\n\n<div style=\"height:22px\" aria-hidden=\"true\" class=\"wp-block-spacer\"><\/div>\n<\/blockquote>\n\n\n\n<hr class=\"wp-block-separator has-alpha-channel-opacity\" \/>\n\n\n\n<blockquote class=\"wp-block-quote is-layout-flow wp-block-quote-is-layout-flow\">\n<p class=\"wp-block-paragraph\">Et c\u2019est aussi pour \u00e7a que <strong>Trialogue s\u2019appelle ainsi.<\/strong><br>Parce que cette forme contient, relie, et ouvre \u00e0 une troisi\u00e8me voix :<br>celle qu\u2019on n\u2019entend qu\u2019en coloriant.<\/p>\n\n\n\n<div style=\"height:33px\" aria-hidden=\"true\" class=\"wp-block-spacer\"><\/div>\n\n\n\n<hr class=\"wp-block-separator has-alpha-channel-opacity\" \/>\n<\/blockquote>\n\n\n\n<h3 class=\"wp-block-heading has-text-align-center has-montserrat-font-family has-large-font-size\" style=\"letter-spacing:5px\"><strong>Est-ce que tes dessins continuent \u00e0 t\u2019accompagner une fois termin\u00e9s ?<\/strong><\/h3>\n\n\n\n<div style=\"height:11px\" aria-hidden=\"true\" class=\"wp-block-spacer\"><\/div>\n\n\n\n<blockquote class=\"wp-block-quote is-layout-flow wp-block-quote-is-layout-flow\">\n<p class=\"wp-block-paragraph\">Oui, et c\u2019est peut-\u00eatre ce qui m\u2019\u00e9merveille le plus.<\/p>\n\n\n\n<p class=\"wp-block-paragraph\">Une fois qu\u2019un dessin est \u201cfini\u201d, il n\u2019est jamais vraiment ferm\u00e9.<br>Il garde une vie propre.<\/p>\n\n\n\n<p class=\"wp-block-paragraph\">Quand je le regarde plus tard, <strong>je me souviens du moment o\u00f9 je l\u2019ai cr\u00e9\u00e9, de l\u2019\u00e9motion du jour, du silence que j\u2019avais dans le c\u0153ur ou du tumulte que je traversais.<\/strong><br>Il devient comme <strong>une empreinte \u00e9motionnelle<\/strong>, visible et tangible,<br>mais <strong>sans bruit.<\/strong><\/p>\n\n\n\n<p class=\"wp-block-paragraph\">Et parfois, je ressens l&rsquo;envie de le recolorier.<br>Pas pour \u201cam\u00e9liorer\u201d \u2014 mais parce qu\u2019un <strong>autre dialogue s\u2019ouvre<\/strong>, une autre version de moi-m\u00eame veut s\u2019y exprimer.<\/p>\n\n\n\n<figure data-wp-context=\"{&quot;imageId&quot;:&quot;69ec8d2860545&quot;}\" data-wp-interactive=\"core\/image\" data-wp-key=\"69ec8d2860545\" class=\"wp-block-image size-large wp-lightbox-container\"><img data-recalc-dims=\"1\" loading=\"lazy\" decoding=\"async\" width=\"5000\" height=\"5000\" data-attachment-id=\"1290\" data-permalink=\"https:\/\/yaracreatyque.fr\/en\/?attachment_id=1290\" data-orig-file=\"https:\/\/i0.wp.com\/yaracreatyque.fr\/wp-content\/uploads\/2025\/04\/dilophosaure-stylise-colore-yara-creatyque.png?fit=5000%2C5000&amp;ssl=1\" data-orig-size=\"5000,5000\" data-comments-opened=\"0\" data-image-meta=\"{&quot;aperture&quot;:&quot;0&quot;,&quot;credit&quot;:&quot;&quot;,&quot;camera&quot;:&quot;&quot;,&quot;caption&quot;:&quot;&quot;,&quot;created_timestamp&quot;:&quot;0&quot;,&quot;copyright&quot;:&quot;&quot;,&quot;focal_length&quot;:&quot;0&quot;,&quot;iso&quot;:&quot;0&quot;,&quot;shutter_speed&quot;:&quot;0&quot;,&quot;title&quot;:&quot;&quot;,&quot;orientation&quot;:&quot;0&quot;}\" data-image-title=\"Dilophosaure g\u00e9om\u00e9trique \u2013 mod\u00e8le colori\u00e9\" data-image-description=\"&lt;p&gt;Ce mod\u00e8le repr\u00e9sente un dilophosaure stylis\u00e9, reconnaissable \u00e0 sa t\u00eate centrale et \u00e0 ses deux grandes collerettes triangul\u00e9es. Il a \u00e9t\u00e9 colori\u00e9 par Yara dans une palette de tons chauds et profonds (terre cuite, turquoise, rouge). Ce dessin illustre un moment introspectif intense v\u00e9cu dans Trialogue, et montre comment la g\u00e9om\u00e9trie peut devenir vecteur d\u2019\u00e9motion, de transformation et de m\u00e9moire incarn\u00e9e.&lt;\/p&gt;\" data-image-caption=\"&lt;p&gt;Je me souviens de chaque instant pass\u00e9 avec lui.&lt;br \/&gt;Il porte encore en lui ce que j\u2019ai ressenti ce jour-l\u00e0.&lt;\/p&gt;\" data-large-file=\"https:\/\/i0.wp.com\/yaracreatyque.fr\/wp-content\/uploads\/2025\/04\/dilophosaure-stylise-colore-yara-creatyque.png?fit=1024%2C1024&amp;ssl=1\" data-wp-class--hide=\"state.isContentHidden\" data-wp-class--show=\"state.isContentVisible\" data-wp-init=\"callbacks.setButtonStyles\" data-wp-on--click=\"actions.showLightbox\" data-wp-on--load=\"callbacks.setButtonStyles\" data-wp-on--pointerdown=\"actions.preloadImage\" data-wp-on--pointerenter=\"actions.preloadImageWithDelay\" data-wp-on--pointerleave=\"actions.cancelPreload\" data-wp-on-window--resize=\"callbacks.setButtonStyles\" src=\"https:\/\/i0.wp.com\/yaracreatyque.fr\/wp-content\/uploads\/2025\/04\/dilophosaure-stylise-colore-yara-creatyque.png?resize=5000%2C5000&#038;ssl=1\" alt=\"Dessin g\u00e9om\u00e9trique stylis\u00e9 d\u2019un dilophosaure aux collerettes ouvertes, colori\u00e9 par Yara dans des tons chauds \u2013 illustration d\u2019un mod\u00e8le de Trialogue incarnant un moment introspectif.\" class=\"wp-image-1290\" \/><button\n\t\t\tclass=\"lightbox-trigger\"\n\t\t\ttype=\"button\"\n\t\t\taria-haspopup=\"dialog\"\n\t\t\tdata-wp-bind--aria-label=\"state.thisImage.triggerButtonAriaLabel\"\n\t\t\tdata-wp-init=\"callbacks.initTriggerButton\"\n\t\t\tdata-wp-on--click=\"actions.showLightbox\"\n\t\t\tdata-wp-style--right=\"state.thisImage.buttonRight\"\n\t\t\tdata-wp-style--top=\"state.thisImage.buttonTop\"\n\t\t>\n\t\t\t<svg xmlns=\"http:\/\/www.w3.org\/2000\/svg\" width=\"12\" height=\"12\" fill=\"none\" viewbox=\"0 0 12 12\">\n\t\t\t\t<path fill=\"#fff\" d=\"M2 0a2 2 0 0 0-2 2v2h1.5V2a.5.5 0 0 1 .5-.5h2V0H2Zm2 10.5H2a.5.5 0 0 1-.5-.5V8H0v2a2 2 0 0 0 2 2h2v-1.5ZM8 12v-1.5h2a.5.5 0 0 0 .5-.5V8H12v2a2 2 0 0 1-2 2H8Zm2-12a2 2 0 0 1 2 2v2h-1.5V2a.5.5 0 0 0-.5-.5H8V0h2Z\" \/>\n\t\t\t<\/svg>\n\t\t<\/button><figcaption class=\"wp-element-caption\">Je me souviens de chaque instant pass\u00e9 avec lui.\nIl porte encore en lui ce que j\u2019ai ressenti ce jour-l\u00e0.<\/figcaption><\/figure>\n\n\n\n<div style=\"height:55px\" aria-hidden=\"true\" class=\"wp-block-spacer\"><\/div>\n<\/blockquote>\n\n\n\n<hr class=\"wp-block-separator has-alpha-channel-opacity\" \/>\n\n\n\n<blockquote class=\"wp-block-quote is-layout-flow wp-block-quote-is-layout-flow\">\n<p class=\"wp-block-paragraph\">Et il y a aussi l\u2019inverse\u2026<br>Parfois, ce sont les personnes qui colorient mes mod\u00e8les qui m\u2019en parlent.<br>Et l\u00e0, <strong>je d\u00e9couvre un nouveau sens \u00e0 mon propre dessin.<\/strong><\/p>\n\n\n\n<p class=\"wp-block-paragraph\">Quelqu\u2019un y voit une sagesse, un ancrage, un animal totem, une gu\u00e9rison\u2026<br>Quelqu\u2019un d\u2019autre y voit une douleur douce, un souvenir d\u2019enfance, une v\u00e9rit\u00e9 intime.<\/p>\n\n\n\n<p class=\"wp-block-paragraph\">Et moi, j\u2019\u00e9coute.<br>Et je suis toujours touch\u00e9e.<\/p>\n\n\n\n<p class=\"wp-block-paragraph\">Parce que ces images ne m\u2019appartiennent plus tout \u00e0 fait.<br><strong>Elles deviennent des miroirs mobiles.<\/strong><\/p>\n\n\n\n<p class=\"wp-block-paragraph\">Ce sont les gens, en les vivant, en les coloriant,<br>qui leur donnent leurs dimensions les plus vastes.<\/p>\n\n\n\n<div style=\"height:22px\" aria-hidden=\"true\" class=\"wp-block-spacer\"><\/div>\n\n\n\n<figure data-wp-context=\"{&quot;imageId&quot;:&quot;69ec8d2860be3&quot;}\" data-wp-interactive=\"core\/image\" data-wp-key=\"69ec8d2860be3\" class=\"wp-block-image size-large wp-lightbox-container\"><img data-recalc-dims=\"1\" loading=\"lazy\" decoding=\"async\" width=\"1875\" height=\"1875\" data-attachment-id=\"1292\" data-permalink=\"https:\/\/yaracreatyque.fr\/en\/?attachment_id=1292\" data-orig-file=\"https:\/\/i0.wp.com\/yaracreatyque.fr\/wp-content\/uploads\/2025\/04\/coloriage-t-rex-feutres-tons-bleus.png?fit=1875%2C1875&amp;ssl=1\" data-orig-size=\"1875,1875\" data-comments-opened=\"0\" data-image-meta=\"{&quot;aperture&quot;:&quot;0&quot;,&quot;credit&quot;:&quot;&quot;,&quot;camera&quot;:&quot;&quot;,&quot;caption&quot;:&quot;&quot;,&quot;created_timestamp&quot;:&quot;0&quot;,&quot;copyright&quot;:&quot;&quot;,&quot;focal_length&quot;:&quot;0&quot;,&quot;iso&quot;:&quot;0&quot;,&quot;shutter_speed&quot;:&quot;0&quot;,&quot;title&quot;:&quot;&quot;,&quot;orientation&quot;:&quot;0&quot;}\" data-image-title=\"T-Rex colori\u00e9 au feutres \u2013 expression personnelle Trialogue\" data-image-description=\"&lt;p&gt;Ce mod\u00e8le de t\u00eate de dinosaure stylis\u00e9 (T-Rex) a \u00e9t\u00e9 colori\u00e9 aux feutres acrylique. Les tons bleus choisis cr\u00e9ent une ambiance \u00e0 la fois puissante et ma\u00eetris\u00e9e. Cette version r\u00e9v\u00e8le une nouvelle dimension de l\u2019image originale, d\u00e9montrant la richesse introspective et expressive que chacun peut y projeter.&lt;\/p&gt;\" data-image-caption=\"&lt;p&gt;Chaque personne y met autre chose.&lt;br \/&gt;Ce mod\u00e8le, je ne le vois plus pareil depuis que je l\u2019ai vu colori\u00e9 ainsi.&lt;\/p&gt;\" data-large-file=\"https:\/\/i0.wp.com\/yaracreatyque.fr\/wp-content\/uploads\/2025\/04\/coloriage-t-rex-feutres-tons-bleus.png?fit=1024%2C1024&amp;ssl=1\" data-wp-class--hide=\"state.isContentHidden\" data-wp-class--show=\"state.isContentVisible\" data-wp-init=\"callbacks.setButtonStyles\" data-wp-on--click=\"actions.showLightbox\" data-wp-on--load=\"callbacks.setButtonStyles\" data-wp-on--pointerdown=\"actions.preloadImage\" data-wp-on--pointerenter=\"actions.preloadImageWithDelay\" data-wp-on--pointerleave=\"actions.cancelPreload\" data-wp-on-window--resize=\"callbacks.setButtonStyles\" src=\"https:\/\/i0.wp.com\/yaracreatyque.fr\/wp-content\/uploads\/2025\/04\/coloriage-t-rex-feutres-tons-bleus.png?resize=1875%2C1875&#038;ssl=1\" alt=\"Coloriage d\u2019un T-Rex g\u00e9om\u00e9trique aux feutres Trialogue, utilisant des tons bleus profonds, soulignant une \u00e9motion ou un ancrage personnel \u00e0 travers l\u2019image.\" class=\"wp-image-1292\" \/><button\n\t\t\tclass=\"lightbox-trigger\"\n\t\t\ttype=\"button\"\n\t\t\taria-haspopup=\"dialog\"\n\t\t\tdata-wp-bind--aria-label=\"state.thisImage.triggerButtonAriaLabel\"\n\t\t\tdata-wp-init=\"callbacks.initTriggerButton\"\n\t\t\tdata-wp-on--click=\"actions.showLightbox\"\n\t\t\tdata-wp-style--right=\"state.thisImage.buttonRight\"\n\t\t\tdata-wp-style--top=\"state.thisImage.buttonTop\"\n\t\t>\n\t\t\t<svg xmlns=\"http:\/\/www.w3.org\/2000\/svg\" width=\"12\" height=\"12\" fill=\"none\" viewbox=\"0 0 12 12\">\n\t\t\t\t<path fill=\"#fff\" d=\"M2 0a2 2 0 0 0-2 2v2h1.5V2a.5.5 0 0 1 .5-.5h2V0H2Zm2 10.5H2a.5.5 0 0 1-.5-.5V8H0v2a2 2 0 0 0 2 2h2v-1.5ZM8 12v-1.5h2a.5.5 0 0 0 .5-.5V8H12v2a2 2 0 0 1-2 2H8Zm2-12a2 2 0 0 1 2 2v2h-1.5V2a.5.5 0 0 0-.5-.5H8V0h2Z\" \/>\n\t\t\t<\/svg>\n\t\t<\/button><figcaption class=\"wp-element-caption\">Chaque personne y met autre chose.\nCe mod\u00e8le, je ne le vois plus pareil depuis que je l\u2019ai vu colori\u00e9 ainsi.<\/figcaption><\/figure>\n\n\n\n<div style=\"height:22px\" aria-hidden=\"true\" class=\"wp-block-spacer\"><\/div>\n\n\n\n<hr class=\"wp-block-separator has-alpha-channel-opacity\" \/>\n<\/blockquote>\n\n\n\n<h3 class=\"wp-block-heading has-text-align-center has-montserrat-font-family has-large-font-size\" style=\"letter-spacing:5px\"><strong>Quand tu cr\u00e9es, tu sais \u00e0 l\u2019avance ce que tu veux faire ?<\/strong><\/h3>\n\n\n\n<div style=\"height:22px\" aria-hidden=\"true\" class=\"wp-block-spacer\"><\/div>\n\n\n\n<blockquote class=\"wp-block-quote is-layout-flow wp-block-quote-is-layout-flow\">\n<p class=\"wp-block-paragraph\">Il y a un point de d\u00e9part, oui.<br>Un contour, une silhouette qui m\u2019attire.<\/p>\n\n\n\n<p class=\"wp-block-paragraph\">Je choisis une image, souvent simple, qui me touche sans trop savoir pourquoi.<br>Et je commence \u00e0 en tracer les contours.<\/p>\n\n\n\n<p class=\"wp-block-paragraph\">Ce cadre devient ma base.<br>Et \u00e0 partir de l\u00e0\u2026 <strong>je laisse les triangles venir.<\/strong><\/p>\n\n\n\n<p class=\"wp-block-paragraph\">Je tire des traits, je structure, je remplis.<br>Sans plan.<br>Sans objectif.<br>Seulement ce besoin int\u00e9rieur de <strong>structurer l\u2019espace autrement.<\/strong><\/p>\n<\/blockquote>\n\n\n\n<hr class=\"wp-block-separator has-alpha-channel-opacity\" \/>\n\n\n\n<blockquote class=\"wp-block-quote is-layout-flow wp-block-quote-is-layout-flow\">\n<p class=\"wp-block-paragraph\">Peu \u00e0 peu, <strong>l\u2019image d\u2019origine s\u2019efface.<\/strong><br>Il ne reste que la vibration.<br>Le mouvement triangulaire.<\/p>\n\n\n\n<div style=\"height:22px\" aria-hidden=\"true\" class=\"wp-block-spacer\"><\/div>\n\n\n\n<figure class=\"wp-block-jetpack-image-compare\"><div class=\"juxtapose\" data-mode=\"horizontal\"><img data-recalc-dims=\"1\" loading=\"lazy\" decoding=\"async\" id=\"1305\" src=\"https:\/\/i0.wp.com\/yaracreatyque.fr\/wp-content\/uploads\/2025\/04\/girafe-original-modele-simple-contour-yara-creatyque.png?resize=1875%2C1875&#038;ssl=1\" alt=\"Dessin au trait simple d\u2019une girafe vue de face, avant transformation g\u00e9om\u00e9trique. Mod\u00e8le de d\u00e9part utilis\u00e9 par Yara pour ses cr\u00e9ations.\" width=\"1875\" height=\"1875\" class=\"image-compare__image-before\" \/><img data-recalc-dims=\"1\" loading=\"lazy\" decoding=\"async\" id=\"1301\" src=\"https:\/\/i0.wp.com\/yaracreatyque.fr\/wp-content\/uploads\/2025\/04\/girafe-geometrique-triangle-yara-creatyque.png?resize=1875%2C1875&#038;ssl=1\" alt=\"Interpr\u00e9tation g\u00e9om\u00e9trique d\u2019une girafe stylis\u00e9e par Yara, compos\u00e9e exclusivement de triangles. Exemple de transformation d\u2019un mod\u00e8le simple en structure introspective unique.\" width=\"1875\" height=\"1875\" class=\"image-compare__image-after\" \/><\/div><figcaption><em>\u00c0 gauche, le mod\u00e8le de d\u00e9part : une girafe simplement dessin\u00e9e, avec ses contours reconnaissables.<br>\u00c0 droite, la version g\u00e9om\u00e9tris\u00e9e : chaque zone a \u00e9t\u00e9 r\u00e9interpr\u00e9t\u00e9e en triangles, formant une nouvelle structure.<br>C\u2019est ainsi que mes cr\u00e9ations naissent : d\u2019un point de d\u00e9part simple\u2026 vers une complexit\u00e9 int\u00e9rieure, organique, inattendue.<\/em><\/figcaption><\/figure>\n\n\n\n<div style=\"height:44px\" aria-hidden=\"true\" class=\"wp-block-spacer\"><\/div>\n\n\n\n<p class=\"wp-block-paragraph\">Ce qui \u00e9tait figuratif devient <strong>presque sculptural.<\/strong><br>Et souvent, <strong>le r\u00e9sultat me surprend.<\/strong><\/p>\n\n\n\n<p class=\"wp-block-paragraph\">Gr\u00e2ce au contour, on reconna\u00eet encore l\u2019animal, ou le visage.<br>Mais l\u2019int\u00e9rieur\u2026<br><strong>Il raconte autre chose.<\/strong><br>Quelque chose qu\u2019on n\u2019a pas l\u2019habitude de voir.<br>Quelque chose qui m\u2019\u00e9chappe et m\u2019\u00e9claire \u00e0 la fois.<\/p>\n<\/blockquote>\n\n\n\n<hr class=\"wp-block-separator has-alpha-channel-opacity\" \/>\n\n\n\n<blockquote class=\"wp-block-quote is-layout-flow wp-block-quote-is-layout-flow\">\n<p class=\"wp-block-paragraph\">\u00c0 la fin, j\u2019ai souvent le sentiment que <strong>ce n\u2019est pas moi qui ai choisi.<\/strong><br>Mais que <strong>le dessin s\u2019est fait \u00e0 travers moi.<\/strong><br>Et que <strong>c\u2019\u00e9tait exactement ce dont j\u2019avais besoin \u00e0 cet instant-l\u00e0.<\/strong><\/p>\n<\/blockquote>\n\n\n\n<div style=\"height:33px\" aria-hidden=\"true\" class=\"wp-block-spacer\"><\/div>\n\n\n\n<hr class=\"wp-block-separator has-alpha-channel-opacity\" \/>\n\n\n\n<h3 class=\"wp-block-heading has-text-align-center has-montserrat-font-family\" style=\"letter-spacing:5px\"><strong>Tu proposes aussi des mod\u00e8les vierges \u00e0 compl\u00e9ter. Pourquoi ?<\/strong><\/h3>\n\n\n\n<div style=\"height:22px\" aria-hidden=\"true\" class=\"wp-block-spacer\"><\/div>\n\n\n\n<blockquote class=\"wp-block-quote is-layout-flow wp-block-quote-is-layout-flow\">\n<p class=\"wp-block-paragraph\">Parce que j\u2019ai eu envie de partager ce que je vis moi,<br>quand je cr\u00e9e.<\/p>\n<\/blockquote>\n\n\n\n<blockquote class=\"wp-block-quote is-layout-flow wp-block-quote-is-layout-flow\">\n<p class=\"wp-block-paragraph\">Le moment o\u00f9 l\u2019on prend un dessin simple,<br>un contour, une silhouette,<br>et qu\u2019on le transforme avec ses propres traits.<\/p>\n\n\n\n<p class=\"wp-block-paragraph\">C\u2019est accessible \u00e0 tout le monde.<br>Pas besoin de savoir dessiner.<br>Il suffit de se laisser guider.<\/p>\n\n\n\n<div style=\"height:22px\" aria-hidden=\"true\" class=\"wp-block-spacer\"><\/div>\n<\/blockquote>\n\n\n\n<hr class=\"wp-block-separator has-alpha-channel-opacity\" \/>\n\n\n\n<blockquote class=\"wp-block-quote is-layout-flow wp-block-quote-is-layout-flow\">\n<p class=\"wp-block-paragraph\">J\u2019ai donc mis \u00e0 disposition certains mod\u00e8les que j\u2019utilise moi-m\u00eame.<br>Les <strong>m\u00eames contours<\/strong> que ceux qui m\u2019ont inspir\u00e9e.<br>Pour que vous puissiez, vous aussi, <strong>vous approprier l\u2019int\u00e9rieur.<\/strong><\/p>\n<\/blockquote>\n\n\n\n<blockquote class=\"wp-block-quote is-layout-flow wp-block-quote-is-layout-flow\">\n<p class=\"wp-block-paragraph\">Tracer vos propres formes.<br>Remplir avec vos propres rythmes.<br>Observer ce qui se passe.<\/p>\n\n\n\n<div style=\"height:22px\" aria-hidden=\"true\" class=\"wp-block-spacer\"><\/div>\n<\/blockquote>\n\n\n\n<hr class=\"wp-block-separator has-alpha-channel-opacity\" \/>\n\n\n\n<blockquote class=\"wp-block-quote is-layout-flow wp-block-quote-is-layout-flow\">\n<p class=\"wp-block-paragraph\">Ce sont des <strong>mod\u00e8les \u00e0 compl\u00e9ter<\/strong>.<br>Des terrains d&rsquo;exploration douce.<br>Une invitation \u00e0 <strong>vous d\u00e9couvrir en cr\u00e9ant.<\/strong><\/p>\n\n\n\n<div style=\"height:22px\" aria-hidden=\"true\" class=\"wp-block-spacer\"><\/div>\n\n\n\n<figure class=\"wp-block-jetpack-image-compare\"><div class=\"juxtapose\" data-mode=\"horizontal\"><img data-recalc-dims=\"1\" loading=\"lazy\" decoding=\"async\" id=\"1310\" src=\"https:\/\/i0.wp.com\/yaracreatyque.fr\/wp-content\/uploads\/2025\/04\/portrait-femme-depart-contour-egypte-trialogue-yara-creatyque.png?resize=1875%2C1875&#038;ssl=1\" alt=\"Dessin en ligne claire d\u2019un visage f\u00e9minin inspir\u00e9 de l\u2019\u00c9gypte antique, utilis\u00e9 comme base pour une cr\u00e9ation g\u00e9om\u00e9trique dans Trialogue.\" width=\"1875\" height=\"1875\" class=\"image-compare__image-before\" \/><img data-recalc-dims=\"1\" loading=\"lazy\" decoding=\"async\" id=\"1312\" src=\"https:\/\/i0.wp.com\/yaracreatyque.fr\/wp-content\/uploads\/2025\/04\/portrait-femme-geometrique-triangles-trialogue-yara-creatyque.png?resize=1875%2C1875&#038;ssl=1\" alt=\"Interpr\u00e9tation g\u00e9om\u00e9trique complexe d\u2019un visage f\u00e9minin, construite \u00e0 partir du mod\u00e8le de d\u00e9part. Chaque espace a \u00e9t\u00e9 structur\u00e9 par des triangles pour r\u00e9v\u00e9ler une dimension int\u00e9rieure nouvelle.\" width=\"1875\" height=\"1875\" class=\"image-compare__image-after\" \/><\/div><figcaption>\u00c0 gauche, le mod\u00e8le d\u2019origine : un visage aux lignes simples, silencieux, presque \u00e9nigmatique.<br>\u00c0 droite, l\u2019interpr\u00e9tation g\u00e9om\u00e9trique : une architecture int\u00e9rieure r\u00e9v\u00e9l\u00e9e, ligne apr\u00e8s ligne, sans plan pr\u00e9alable.<br>C\u2019est tout le processus Trialogue : transformer un contour en un miroir. Observer comment un visage devient un paysage.<\/figcaption><\/figure>\n\n\n\n<div style=\"height:44px\" aria-hidden=\"true\" class=\"wp-block-spacer\"><\/div>\n<\/blockquote>\n\n\n\n<blockquote class=\"wp-block-quote is-layout-flow wp-block-quote-is-layout-flow\">\n<p class=\"wp-block-paragraph\">Ce que vous ferez ne ressemblera \u00e0 rien d&rsquo;autre.<br>Et si vous prenez le temps de regarder, apr\u00e8s\u2026<br>vous verrez peut-\u00eatre des zones plus denses, plus l\u00e9g\u00e8res, plus ordonn\u00e9es ou plus libres.<\/p>\n<\/blockquote>\n\n\n\n<blockquote class=\"wp-block-quote is-layout-flow wp-block-quote-is-layout-flow\">\n<p class=\"has-text-align-center wp-block-paragraph\"><strong>Chaque geste a du sens<\/strong>, m\u00eame si vous ne le cherchez pas tout de suite.<\/p>\n\n\n\n<div style=\"height:33px\" aria-hidden=\"true\" class=\"wp-block-spacer\"><\/div>\n\n\n\n<hr class=\"wp-block-separator has-alpha-channel-opacity\" \/>\n<\/blockquote>\n\n\n\n<h3 class=\"wp-block-heading has-text-align-center has-montserrat-font-family\" style=\"letter-spacing:5px\"><strong>Quels sont tes r\u00eaves et intentions avec Trialogue ?<\/strong><\/h3>\n\n\n\n<div style=\"height:22px\" aria-hidden=\"true\" class=\"wp-block-spacer\"><\/div>\n\n\n\n<blockquote class=\"wp-block-quote is-layout-flow wp-block-quote-is-layout-flow\">\n<p class=\"has-text-align-center wp-block-paragraph\">Trialogue, pour moi, ce n\u2019est pas juste une collection de dessins.<br>C\u2019est un espace. <\/p>\n\n\n\n<p class=\"has-text-align-center wp-block-paragraph\">Un souffle. <\/p>\n\n\n\n<p class=\"has-text-align-center wp-block-paragraph\">Un point d\u2019ancrage dans l\u2019invisible.<br>Un terrain d\u2019exploration int\u00e9rieure\u2026 et collective.<\/p>\n\n\n\n<div style=\"height:22px\" aria-hidden=\"true\" class=\"wp-block-spacer\"><\/div>\n<\/blockquote>\n\n\n\n<blockquote class=\"wp-block-quote is-layout-flow wp-block-quote-is-layout-flow\">\n<p class=\"wp-block-paragraph\">Mon r\u00eave, c\u2019est que chacun\u00b7e puisse y trouver une forme de pr\u00e9sence,<br>une mani\u00e8re douce de se reconnecter \u00e0 soi.<\/p>\n<\/blockquote>\n\n\n\n<blockquote class=\"wp-block-quote is-layout-flow wp-block-quote-is-layout-flow\">\n<p class=\"wp-block-paragraph\">Je r\u00eave de moments partag\u00e9s,<br>de silences habit\u00e9s,<br>de discussions inattendues autour d\u2019un mod\u00e8le.<br>Je r\u00eave de cr\u00e9ations qui voyagent,<br>d\u2019interpr\u00e9tations surprenantes,<br>de familles qui colorient ensemble\u2026                                            de moments bienveillants d&rsquo;\u00e9changes<br>ou de solitudes qui se sentent moins seules.<\/p>\n<\/blockquote>\n\n\n\n<blockquote class=\"wp-block-quote is-layout-flow wp-block-quote-is-layout-flow\">\n<p class=\"wp-block-paragraph\">Car m\u00eame si l\u2019introspection se vit seul\u00b7e <\/p>\n\n\n\n<p class=\"wp-block-paragraph\">\u2014 face \u00e0 soi-m\u00eame \u2014<\/p>\n\n\n\n<p class=\"wp-block-paragraph\"><br>Nous pouvons nous rassembler autour d\u2019<strong>outils communs<\/strong><br>qui rendent ce chemin plus doux \u00e0 parcourir.<br>S\u2019entourer de regards bienveillants,<br>s\u2019inspirer des exp\u00e9riences des autres,<br>partager nos intuitions\u2026<br>c\u2019est d\u00e9j\u00e0 une forme de lien<\/p>\n<\/blockquote>\n\n\n\n<blockquote class=\"wp-block-quote is-layout-flow wp-block-quote-is-layout-flow\">\n<p class=\"wp-block-paragraph\">Parfois, il est difficile de trouver les mots,<br>ou m\u00eame de savoir par o\u00f9 commencer.<br>Et quand tout d\u00e9borde, quand on se sent impuissant,<br>le plus difficile est souvent de s\u2019arr\u00eater\u2026<br>et simplement <em>\u00e9couter<\/em> ce qu\u2019il se passe derri\u00e8re les rideaux.<\/p>\n<\/blockquote>\n\n\n\n<blockquote class=\"wp-block-quote is-layout-flow wp-block-quote-is-layout-flow\">\n<p class=\"wp-block-paragraph\">Trialogue propose une autre voie :<br>un moment calme, cr\u00e9atif, sinc\u00e8re.<br>Un rendez-vous avec soi,<br><strong>avant que le trop-plein n\u2019\u00e9clate<\/strong>.<\/p>\n\n\n\n<p class=\"wp-block-paragraph\">Et si \u00e7a se fait dans la paix, dans le rythme du crayon et la tendresse d\u2019une couleur choisie\u2026<br>alors, c\u2019est bien plus agr\u00e9able qu\u2019une nuit de larmes.<\/p>\n<\/blockquote>\n\n\n\n<blockquote class=\"wp-block-quote is-layout-flow wp-block-quote-is-layout-flow\">\n<p class=\"wp-block-paragraph\">Je souhaite que Trialogue devienne cela :<br><strong>un compagnon discret<\/strong><br>pour celles et ceux qui veulent comprendre ce qui se joue en eux,<br>avec patience, et avec beaut\u00e9.<\/p>\n\n\n\n<div style=\"height:33px\" aria-hidden=\"true\" class=\"wp-block-spacer\"><\/div>\n\n\n\n<hr class=\"wp-block-separator has-alpha-channel-opacity\" \/>\n\n\n\n<h3 class=\"wp-block-heading has-text-align-center has-montserrat-font-family\" style=\"letter-spacing:5px\"><strong>\u00c0 qui s\u2019adresse Trialogue ?<\/strong><\/h3>\n\n\n\n<div style=\"height:22px\" aria-hidden=\"true\" class=\"wp-block-spacer\"><\/div>\n\n\n\n<div style=\"height:22px\" aria-hidden=\"true\" class=\"wp-block-spacer\"><\/div>\n\n\n\n<figure data-wp-context=\"{&quot;imageId&quot;:&quot;69ec8d2862d71&quot;}\" data-wp-interactive=\"core\/image\" data-wp-key=\"69ec8d2862d71\" class=\"wp-block-image size-large wp-lightbox-container\"><img data-recalc-dims=\"1\" loading=\"lazy\" decoding=\"async\" width=\"2659\" height=\"984\" data-attachment-id=\"1150\" data-permalink=\"https:\/\/yaracreatyque.fr\/en\/?attachment_id=1150\" data-orig-file=\"https:\/\/i0.wp.com\/yaracreatyque.fr\/wp-content\/uploads\/2025\/04\/trialogue-symbolique-yara-creatyque.png?fit=2659%2C984&amp;ssl=1\" data-orig-size=\"2659,984\" data-comments-opened=\"0\" data-image-meta=\"{&quot;aperture&quot;:&quot;0&quot;,&quot;credit&quot;:&quot;&quot;,&quot;camera&quot;:&quot;&quot;,&quot;caption&quot;:&quot;&quot;,&quot;created_timestamp&quot;:&quot;0&quot;,&quot;copyright&quot;:&quot;&quot;,&quot;focal_length&quot;:&quot;0&quot;,&quot;iso&quot;:&quot;0&quot;,&quot;shutter_speed&quot;:&quot;0&quot;,&quot;title&quot;:&quot;&quot;,&quot;orientation&quot;:&quot;0&quot;}\" data-image-title=\"Trialogue \u2013 Symbole de l\u2019espace cr\u00e9atif et introspectif de Yara Creatyque\" data-image-description=\"&lt;p&gt;Ce logo repr\u00e9sente l\u2019essence de Trialogue, un espace symbolique o\u00f9 l\u2019on explore ensemble les profondeurs de soi \u00e0 travers l\u2019art g\u00e9om\u00e9trique et le coloriage introspectif. La forme de sablier \u00e9voque le temps, le passage, la transformation. La colombe stylis\u00e9e, faite de lignes triangulaires, incarne la paix int\u00e9rieure, l\u2019\u00e9l\u00e9vation, et la reliance.&lt;\/p&gt;&lt;p&gt;C\u2019est un lieu de pratique collective et douce, o\u00f9 chaque image devient un pr\u00e9texte \u00e0 l\u2019introspection, \u00e0 la reconnexion \u00e0 soi et aux autres. Trialogue invite \u00e0 prendre un moment pour s\u2019asseoir, respirer, colorier, ressentir\u2026 et dialoguer int\u00e9rieurement ou \u00e0 plusieurs autour de ce qui nous traverse.&lt;\/p&gt;\" data-image-caption=\"&lt;p&gt;Trialogue, un lieu pour se (re)trouver \u00e0 travers la g\u00e9om\u00e9trie, le trait et la couleur.&lt;\/p&gt;\" data-large-file=\"https:\/\/i0.wp.com\/yaracreatyque.fr\/wp-content\/uploads\/2025\/04\/trialogue-symbolique-yara-creatyque.png?fit=1024%2C379&amp;ssl=1\" data-wp-class--hide=\"state.isContentHidden\" data-wp-class--show=\"state.isContentVisible\" data-wp-init=\"callbacks.setButtonStyles\" data-wp-on--click=\"actions.showLightbox\" data-wp-on--load=\"callbacks.setButtonStyles\" data-wp-on--pointerdown=\"actions.preloadImage\" data-wp-on--pointerenter=\"actions.preloadImageWithDelay\" data-wp-on--pointerleave=\"actions.cancelPreload\" data-wp-on-window--resize=\"callbacks.setButtonStyles\" src=\"https:\/\/i0.wp.com\/yaracreatyque.fr\/wp-content\/uploads\/2025\/04\/trialogue-symbolique-yara-creatyque.png?resize=2659%2C984&#038;ssl=1\" alt=\"Logo en forme de sablier blanc \u00e0 contours verts, avec un oiseau g\u00e9om\u00e9trique aux ailes d\u00e9ploy\u00e9es en son centre. L\u2019image \u00e9voque un espace d\u2019introspection partag\u00e9e, entre temps suspendu et \u00e9l\u00e9vation int\u00e9rieure.\" class=\"wp-image-1150\" \/><button\n\t\t\tclass=\"lightbox-trigger\"\n\t\t\ttype=\"button\"\n\t\t\taria-haspopup=\"dialog\"\n\t\t\tdata-wp-bind--aria-label=\"state.thisImage.triggerButtonAriaLabel\"\n\t\t\tdata-wp-init=\"callbacks.initTriggerButton\"\n\t\t\tdata-wp-on--click=\"actions.showLightbox\"\n\t\t\tdata-wp-style--right=\"state.thisImage.buttonRight\"\n\t\t\tdata-wp-style--top=\"state.thisImage.buttonTop\"\n\t\t>\n\t\t\t<svg xmlns=\"http:\/\/www.w3.org\/2000\/svg\" width=\"12\" height=\"12\" fill=\"none\" viewbox=\"0 0 12 12\">\n\t\t\t\t<path fill=\"#fff\" d=\"M2 0a2 2 0 0 0-2 2v2h1.5V2a.5.5 0 0 1 .5-.5h2V0H2Zm2 10.5H2a.5.5 0 0 1-.5-.5V8H0v2a2 2 0 0 0 2 2h2v-1.5ZM8 12v-1.5h2a.5.5 0 0 0 .5-.5V8H12v2a2 2 0 0 1-2 2H8Zm2-12a2 2 0 0 1 2 2v2h-1.5V2a.5.5 0 0 0-.5-.5H8V0h2Z\" \/>\n\t\t\t<\/svg>\n\t\t<\/button><figcaption class=\"wp-element-caption\">Trialogue, un lieu pour se (re)trouver \u00e0 travers la g\u00e9om\u00e9trie, le trait et la couleur.<\/figcaption><\/figure>\n\n\n\n<div style=\"height:22px\" aria-hidden=\"true\" class=\"wp-block-spacer\"><\/div>\n\n\n\n<p class=\"has-text-align-center wp-block-paragraph\">Trialogue n\u2019est pas r\u00e9serv\u00e9 aux artistes.<br>Ni aux gens \u201cs\u00fbrs d\u2019eux\u201d.<\/p>\n\n\n\n<p class=\"has-text-align-center wp-block-paragraph\">Il n\u2019y a pas de profil type.<br>Seulement des chemins int\u00e9rieurs qui ont besoin d\u2019un espace.<br>D\u2019un souffle.<br>D\u2019un cadre pour d\u00e9poser ce qu\u2019ils portent.<\/p>\n\n\n\n<p class=\"has-text-align-center wp-block-paragraph\">Trialogue s\u2019adresse \u00e0 vous si\u2026<\/p>\n\n\n\n<div style=\"height:22px\" aria-hidden=\"true\" class=\"wp-block-spacer\"><\/div>\n\n\n\n<hr class=\"wp-block-separator has-alpha-channel-opacity\" \/>\n\n\n\n<h3 class=\"wp-block-heading has-montserrat-font-family has-medium-font-size\" style=\"letter-spacing:5px\"><strong>Je suis\u2026<\/strong><\/h3>\n\n\n\n<p class=\"wp-block-paragraph\">\u2013 une personne sensible, intuitive ou en qu\u00eate de sens<br>\u2013 un cr\u00e9atif silencieux ou un r\u00eaveur d\u00e9bord\u00e9<br>\u2013 un esprit rationnel qui cherche \u00e0 se recentrer<br>\u2013 un curieux ou une curieuse de la symbolique, de la g\u00e9om\u00e9trie, du langage visuel<br>\u2013 quelqu\u2019un qui ne se sent pas \u201cartiste\u201d mais qui aimerait explorer<br>\u2013 un adulte qui a envie de retrouver son enfant int\u00e9rieur<br>\u2013 un.e passionn\u00e9.e de d\u00e9veloppement personnel<br>\u2013 une \u00e2me en transition, en reconstruction, ou en ouverture<\/p>\n\n\n\n<div style=\"height:22px\" aria-hidden=\"true\" class=\"wp-block-spacer\"><\/div>\n\n\n\n<hr class=\"wp-block-separator has-alpha-channel-opacity\" \/>\n\n\n\n<h3 class=\"wp-block-heading has-montserrat-font-family has-medium-font-size\" style=\"letter-spacing:5px\"><strong>Je me sens\u2026<\/strong><\/h3>\n\n\n\n<p class=\"wp-block-paragraph\">\u2013 un peu perdu\u00b7e dans mon parcours ou mes \u00e9motions<br>\u2013 bloqu\u00e9\u00b7e dans mes pens\u00e9es, mon rythme ou mon \u00e9nergie<br>\u2013 satur\u00e9\u00b7e de sollicitations ext\u00e9rieures<br>\u2013 inspir\u00e9\u00b7e, mais sans espace pour cr\u00e9er<br>\u2013 touch\u00e9\u00b7e par la beaut\u00e9 des formes simples et puissantes<br>\u2013 d\u00e9connect\u00e9\u00b7e de moi-m\u00eame\u2026 et pr\u00eat\u00b7e \u00e0 revenir<\/p>\n\n\n\n<div style=\"height:22px\" aria-hidden=\"true\" class=\"wp-block-spacer\"><\/div>\n\n\n\n<hr class=\"wp-block-separator has-alpha-channel-opacity\" \/>\n\n\n\n<h3 class=\"wp-block-heading has-montserrat-font-family has-medium-font-size\" style=\"letter-spacing:5px\"><strong>J\u2019ai besoin\u2026<\/strong><\/h3>\n\n\n\n<p class=\"wp-block-paragraph\">\u2013 d\u2019un moment rien qu\u2019\u00e0 moi<br>\u2013 d\u2019un outil simple mais profond<br>\u2013 d\u2019une structure douce pour m\u2019accompagner<br>\u2013 de ralentir, de respirer, de me d\u00e9poser<br>\u2013 d\u2019une pratique qui ne demande pas de performance<br>\u2013 de comprendre ce que je ressens, sans passer par les mots<br>\u2013 de me sentir accueilli\u00b7e dans ce que je traverse<\/p>\n\n\n\n<div style=\"height:22px\" aria-hidden=\"true\" class=\"wp-block-spacer\"><\/div>\n\n\n\n<hr class=\"wp-block-separator has-alpha-channel-opacity\" \/>\n\n\n\n<h3 class=\"wp-block-heading has-montserrat-font-family has-medium-font-size\" style=\"letter-spacing:5px\"><strong>Je recherche\u2026<\/strong><\/h3>\n\n\n\n<p class=\"wp-block-paragraph\">\u2013 un espace calme et beau pour m\u2019exprimer<br>\u2013 un cadre cr\u00e9atif sans pression<br>\u2013 une communaut\u00e9 de personnes sensibles et bienveillantes<br>\u2013 un outil de connaissance de soi, original et inspirant<br>\u2013 un moyen de relier spiritualit\u00e9, psychologie, et plaisir esth\u00e9tique<br>\u2013 une forme de m\u00e9ditation active qui me ressemble<br>\u2013 un retour \u00e0 l\u2019essentiel, sans dogme, sans jugement<\/p>\n\n\n\n<div style=\"height:22px\" aria-hidden=\"true\" class=\"wp-block-spacer\"><\/div>\n\n\n\n<hr class=\"wp-block-separator has-alpha-channel-opacity\" \/>\n\n\n\n<blockquote class=\"wp-block-quote is-layout-flow wp-block-quote-is-layout-flow\">\n<p class=\"has-text-align-center wp-block-paragraph\">Si vous vous \u00eates reconnu\u00b7e dans une ou plusieurs de ces lignes\u2026<br>Trialogue est l\u00e0 pour vous.<\/p>\n\n\n\n<p class=\"has-text-align-center wp-block-paragraph\">Pas pour vous transformer,<br>mais pour vous offrir <strong>un lieu pour \u00e9couter, ressentir, cr\u00e9er<\/strong><br>\u2013 \u00e0 votre rythme.<\/p>\n<\/blockquote>\n<\/blockquote>\n\n\n\n<div style=\"height:33px\" aria-hidden=\"true\" class=\"wp-block-spacer\"><\/div>\n\n\n\n<hr class=\"wp-block-separator has-alpha-channel-opacity\" \/>\n\n\n\n<h3 class=\"wp-block-heading has-text-align-center has-montserrat-font-family has-medium-font-size\" style=\"letter-spacing:5px\"><strong>Et si je ne veux pas faire d\u2019introspection?<\/strong><\/h3>\n\n\n\n<div style=\"height:22px\" aria-hidden=\"true\" class=\"wp-block-spacer\"><\/div>\n\n\n\n<blockquote class=\"wp-block-quote is-layout-flow wp-block-quote-is-layout-flow\">\n<p class=\"wp-block-paragraph\">Parfait.<br>C\u2019est absolument OK.<\/p>\n<\/blockquote>\n\n\n\n<blockquote class=\"wp-block-quote is-layout-flow wp-block-quote-is-layout-flow\">\n<p class=\"wp-block-paragraph\">Trialogue ne force rien.<br>Il propose. Il sugg\u00e8re. Il laisse ouvert.<\/p>\n<\/blockquote>\n\n\n\n<blockquote class=\"wp-block-quote is-layout-flow wp-block-quote-is-layout-flow\">\n<p class=\"wp-block-paragraph\">Colorier peut \u00eatre un simple moment de calme.<br>Un geste r\u00e9p\u00e9titif, une bulle de respiration.<br>Un instant de silence int\u00e9rieur.<br>Et parfois, c\u2019est m\u00eame <strong>encore meilleur quand on ne pense \u00e0 rien.<\/strong><\/p>\n\n\n\n<div style=\"height:22px\" aria-hidden=\"true\" class=\"wp-block-spacer\"><\/div>\n<\/blockquote>\n\n\n\n<hr class=\"wp-block-separator has-alpha-channel-opacity\" \/>\n\n\n\n<blockquote class=\"wp-block-quote is-layout-flow wp-block-quote-is-layout-flow\">\n<p class=\"wp-block-paragraph\">Vous n\u2019avez pas \u00e0 interpr\u00e9ter.<br>Ni \u00e0 analyser.<br>Ni \u00e0 \u201cr\u00e9ussir\u201d quoi que ce soit.<\/p>\n<\/blockquote>\n\n\n\n<blockquote class=\"wp-block-quote is-layout-flow wp-block-quote-is-layout-flow\">\n<p class=\"wp-block-paragraph\">Et si aujourd\u2019hui, vous ne ressentez pas le besoin de regarder vos cr\u00e9ations en profondeur,<br>cela ne signifie pas que ce moment ne viendra jamais.<\/p>\n<\/blockquote>\n\n\n\n<blockquote class=\"wp-block-quote is-layout-flow wp-block-quote-is-layout-flow\">\n<p class=\"wp-block-paragraph\">Trialogue, c\u2019est aussi <strong>commencer \u00e0 marcher sur un chemin<\/strong>,<br>sans savoir encore o\u00f9 il m\u00e8ne.<\/p>\n<\/blockquote>\n\n\n\n<blockquote class=\"wp-block-quote is-layout-flow wp-block-quote-is-layout-flow\">\n<p class=\"wp-block-paragraph\">C\u2019est accueillir une pratique,<br>une attention nouvelle,<br>une mani\u00e8re d\u2019habiter le geste autrement.<\/p>\n\n\n\n<div style=\"height:22px\" aria-hidden=\"true\" class=\"wp-block-spacer\"><\/div>\n<\/blockquote>\n\n\n\n<hr class=\"wp-block-separator has-alpha-channel-opacity\" \/>\n\n\n\n<blockquote class=\"wp-block-quote is-layout-flow wp-block-quote-is-layout-flow\">\n<p class=\"wp-block-paragraph\">Et \u00e0 force de faire des pas,<br>de colorier tranquillement,<br>de croiser d\u2019autres voyageurs sur le m\u00eame sentier\u2026<br>ce qui est vrai aujourd\u2019hui ne le sera peut-\u00eatre plus demain.<\/p>\n<\/blockquote>\n\n\n\n<blockquote class=\"wp-block-quote is-layout-flow wp-block-quote-is-layout-flow\">\n<p class=\"wp-block-paragraph\">Vous \u00eates libre d\u2019\u00e9voluer.<br>De rester l\u00e0, ou d\u2019aller plus loin.<br>De colorier pour le plaisir\u2026<br>ou de ressentir plus, quand ce sera le moment.<\/p>\n<\/blockquote>\n\n\n\n<blockquote class=\"wp-block-quote is-layout-flow wp-block-quote-is-layout-flow\">\n<p class=\"wp-block-paragraph\">Mais une chose est s\u00fbre :<br><strong>si l\u2019on ne passe jamais pr\u00e8s du chemin,<br>on ne peut pas savoir ce qu\u2019on aurait pu y d\u00e9couvrir.<\/strong><br>Et parfois, un simple pas suffit \u00e0 tout ouvrir.<\/p>\n\n\n\n<div style=\"height:33px\" aria-hidden=\"true\" class=\"wp-block-spacer\"><\/div>\n<\/blockquote>\n\n\n\n<blockquote class=\"wp-block-quote is-layout-flow wp-block-quote-is-layout-flow\">\n<p class=\"has-text-align-center wp-block-paragraph\">Trialogue ne pose aucune r\u00e8gle.<br>Il n\u2019y a pas de \u201cbonne\u201d fa\u00e7on.<br>Pas de grille d\u2019\u00e9valuation.<br><strong>Aucune interrogation surprise<\/strong> sur votre avanc\u00e9e personnelle.<br>Juste un espace.<br>Le v\u00f4tre.<\/p>\n\n\n\n<div style=\"height:55px\" aria-hidden=\"true\" class=\"wp-block-spacer\"><\/div>\n<\/blockquote>\n\n\n\n<figure data-wp-context=\"{&quot;imageId&quot;:&quot;69ec8d28644c0&quot;}\" data-wp-interactive=\"core\/image\" data-wp-key=\"69ec8d28644c0\" class=\"wp-block-image size-large wp-lightbox-container\"><img data-recalc-dims=\"1\" loading=\"lazy\" decoding=\"async\" width=\"832\" height=\"1472\" data-attachment-id=\"1323\" data-permalink=\"https:\/\/yaracreatyque.fr\/en\/?attachment_id=1323\" data-orig-file=\"https:\/\/i0.wp.com\/yaracreatyque.fr\/wp-content\/uploads\/2025\/04\/chemin-fragmente-triangles-chemin-interieur-trialogue-yara-creatyque.jpg?fit=832%2C1472&amp;ssl=1\" data-orig-size=\"832,1472\" data-comments-opened=\"0\" data-image-meta=\"{&quot;aperture&quot;:&quot;0&quot;,&quot;credit&quot;:&quot;AI generated&quot;,&quot;camera&quot;:&quot;&quot;,&quot;caption&quot;:&quot;&quot;,&quot;created_timestamp&quot;:&quot;0&quot;,&quot;copyright&quot;:&quot;&quot;,&quot;focal_length&quot;:&quot;0&quot;,&quot;iso&quot;:&quot;0&quot;,&quot;shutter_speed&quot;:&quot;0&quot;,&quot;title&quot;:&quot;&quot;,&quot;orientation&quot;:&quot;0&quot;}\" data-image-title=\"Trialogue &amp;#8211; Chemin int\u00e9rieur symbolique &amp;#8211; illustration douce et po\u00e9tique\" data-image-description=\"&lt;p&gt;Cette image illustre visuellement l\u2019essence de Trialogue : un voyage int\u00e9rieur apaisant, personnel et cr\u00e9atif. Le chemin trac\u00e9 en lignes douces symbolise l\u2019\u00e9volution int\u00e9rieure qui se fait pas \u00e0 pas, sans pression. L\u2019ambiance pastel \u00e9voque la tendresse, la pr\u00e9sence, l\u2019introspection calme et la lumi\u00e8re qui \u00e9merge doucement.&lt;\/p&gt;\" data-image-caption=\"&lt;p&gt;Un chemin int\u00e9rieur se dessine\u2026 pas \u00e0 pas, dans la douceur. Chaque pas, chaque couleur, chaque silence ajoute quelque chose \u00e0 l\u2019ensemble.&lt;\/p&gt;\" data-large-file=\"https:\/\/i0.wp.com\/yaracreatyque.fr\/wp-content\/uploads\/2025\/04\/chemin-fragmente-triangles-chemin-interieur-trialogue-yara-creatyque.jpg?fit=579%2C1024&amp;ssl=1\" data-wp-class--hide=\"state.isContentHidden\" data-wp-class--show=\"state.isContentVisible\" data-wp-init=\"callbacks.setButtonStyles\" data-wp-on--click=\"actions.showLightbox\" data-wp-on--load=\"callbacks.setButtonStyles\" data-wp-on--pointerdown=\"actions.preloadImage\" data-wp-on--pointerenter=\"actions.preloadImageWithDelay\" data-wp-on--pointerleave=\"actions.cancelPreload\" data-wp-on-window--resize=\"callbacks.setButtonStyles\" src=\"https:\/\/i0.wp.com\/yaracreatyque.fr\/wp-content\/uploads\/2025\/04\/chemin-fragmente-triangles-chemin-interieur-trialogue-yara-creatyque.jpg?resize=832%2C1472&#038;ssl=1\" alt=\"Illustration po\u00e9tique d\u2019un chemin int\u00e9rieur symbolique. Un sentier lumineux trac\u00e9 \u00e0 main lev\u00e9e serpente \u00e0 travers un paysage doux et apaisant, \u00e9voquant le voyage int\u00e9rieur propos\u00e9 par Trialogue.\" class=\"wp-image-1323\" \/><button\n\t\t\tclass=\"lightbox-trigger\"\n\t\t\ttype=\"button\"\n\t\t\taria-haspopup=\"dialog\"\n\t\t\tdata-wp-bind--aria-label=\"state.thisImage.triggerButtonAriaLabel\"\n\t\t\tdata-wp-init=\"callbacks.initTriggerButton\"\n\t\t\tdata-wp-on--click=\"actions.showLightbox\"\n\t\t\tdata-wp-style--right=\"state.thisImage.buttonRight\"\n\t\t\tdata-wp-style--top=\"state.thisImage.buttonTop\"\n\t\t>\n\t\t\t<svg xmlns=\"http:\/\/www.w3.org\/2000\/svg\" width=\"12\" height=\"12\" fill=\"none\" viewbox=\"0 0 12 12\">\n\t\t\t\t<path fill=\"#fff\" d=\"M2 0a2 2 0 0 0-2 2v2h1.5V2a.5.5 0 0 1 .5-.5h2V0H2Zm2 10.5H2a.5.5 0 0 1-.5-.5V8H0v2a2 2 0 0 0 2 2h2v-1.5ZM8 12v-1.5h2a.5.5 0 0 0 .5-.5V8H12v2a2 2 0 0 1-2 2H8Zm2-12a2 2 0 0 1 2 2v2h-1.5V2a.5.5 0 0 0-.5-.5H8V0h2Z\" \/>\n\t\t\t<\/svg>\n\t\t<\/button><figcaption class=\"wp-element-caption\">Un chemin int\u00e9rieur se dessine\u2026 pas \u00e0 pas, dans la douceur. Chaque pas, chaque couleur, chaque silence ajoute quelque chose \u00e0 l\u2019ensemble.<\/figcaption><\/figure>\n\n\n\n<div style=\"height:44px\" aria-hidden=\"true\" class=\"wp-block-spacer\"><\/div>\n\n\n\n<hr class=\"wp-block-separator has-alpha-channel-opacity\" \/>\n\n\n\n<h2 class=\"wp-block-heading has-text-align-center has-montserrat-font-family\" style=\"letter-spacing:5px\">Et si je suis perdu\u00b7e, boulevers\u00e9\u00b7e ?<\/h2>\n\n\n\n<div style=\"height:33px\" aria-hidden=\"true\" class=\"wp-block-spacer\"><\/div>\n\n\n\n<h3 class=\"wp-block-heading has-montserrat-font-family has-medium-font-size\" style=\"letter-spacing:5px\">D\u2019abord\u2026 c\u2019est ok.<\/h3>\n\n\n\n<p class=\"wp-block-paragraph\">Il est totalement l\u00e9gitime de se sentir mal, de traverser un tumulte int\u00e9rieur, de ne pas r\u00e9ussir \u00e0 mettre des mots sur ce qui fait mal.<br>Ce qu\u2019on ressent n\u2019est pas toujours confortable. Ce qu\u2019on vit n\u2019est pas toujours beau.<br>Mais si on ressent quelque chose de fort, ce n\u2019est pas un hasard.<\/p>\n\n\n\n<p class=\"wp-block-paragraph\">Ces moments-l\u00e0 peuvent devenir des tremplins.<br>Colorier un mod\u00e8le, ce n\u2019est pas \u00ab mettre de la couleur sur le probl\u00e8me \u00bb. C\u2019est cr\u00e9er un espace, doux, pour accueillir ce qui nous traverse.<br>C\u2019est s\u2019autoriser \u00e0 <strong>ne pas savoir<\/strong>, <strong>ne pas comprendre tout de suite<\/strong>, mais \u00eatre l\u00e0, aimant\u00b7e avec soi-m\u00eame.<\/p>\n\n\n\n<p class=\"wp-block-paragraph\">C\u2019est un outil de r\u00e9gulation \u00e9motionnelle, un premier pas vers l\u2019apaisement.<br>Et surtout, c\u2019est un geste <strong>autonome<\/strong>, \u00e0 port\u00e9e de main, pour prendre soin de soi\u2026 dans le respect de son propre rythme.<br>On est seul\u00b7e \u00e0 ressentir ce qu\u2019on ressent \u2014 mais pas seul\u00b7e \u00e0 pouvoir l\u2019entendre.<br><strong>Et ce qu\u2019on fait l\u00e0\u2026 c\u2019est d\u00e9j\u00e0 se r\u00e9pondre.<\/strong><\/p>\n\n\n\n<div style=\"height:22px\" aria-hidden=\"true\" class=\"wp-block-spacer\"><\/div>\n\n\n\n<hr class=\"wp-block-separator has-alpha-channel-opacity\" \/>\n\n\n\n<h3 class=\"wp-block-heading has-text-align-center has-montserrat-font-family has-medium-font-size\" style=\"letter-spacing:5px\">Et si tu veux une main tendue\u2026<\/h3>\n\n\n\n<div style=\"height:33px\" aria-hidden=\"true\" class=\"wp-block-spacer\"><\/div>\n\n\n\n<p class=\"wp-block-paragraph\">Moi aussi, j\u2019ai travers\u00e9 des \u00e9tats flous, des creux, des bouillonnements int\u00e9rieurs.<br>C\u2019est m\u00eame l\u00e0 que sont n\u00e9es ces images.<\/p>\n\n\n\n<p class=\"wp-block-paragraph\">Alors si tu te sens d\u00e9pass\u00e9\u00b7e, <strong>sache que je peux t\u2019accompagner dans cette pratique<\/strong>.<br>Pas pour \u00ab t\u2019analyser \u00bb, ni te guider \u00e0 ta place\u2026<br>Mais pour t\u2019aider \u00e0 faire de ces instants cr\u00e9atifs <strong>des rep\u00e8res intimes et s\u00fbrs<\/strong>, avec bienveillance, douceur et attention.<\/p>\n\n\n\n<p class=\"wp-block-paragraph\">Je peux te soutenir dans ton processus si tu le souhaites \u2014 dans le cadre de Trialogue ou dans un accompagnement plus personnel.<\/p>\n\n\n\n<div style=\"height:22px\" aria-hidden=\"true\" class=\"wp-block-spacer\"><\/div>\n\n\n\n<hr class=\"wp-block-separator has-alpha-channel-opacity\" \/>\n\n\n\n<h3 class=\"wp-block-heading has-text-align-center has-montserrat-font-family has-medium-font-size\" style=\"letter-spacing:5px\">Et si tu ressens le besoin d\u2019aller plus loin\u2026<\/h3>\n\n\n\n<div style=\"height:22px\" aria-hidden=\"true\" class=\"wp-block-spacer\"><\/div>\n\n\n\n<p class=\"wp-block-paragraph\">Colorier peut aussi devenir un support de <strong>partage avec un proche<\/strong>.<br>Parfois, c\u2019est plus facile de dire :<\/p>\n\n\n\n<blockquote class=\"wp-block-quote is-layout-flow wp-block-quote-is-layout-flow\">\n<p class=\"has-text-align-center wp-block-paragraph\">\u00ab\u00a0Regarde, j&rsquo;ai color\u00e9 ce cheval et je me suis sentie submerg\u00e9e par un grand manque de libert\u00e9 sauvage, une forte envie de courir sur le sable au bord de l&rsquo;eau et de pleurer mon sentiment d&rsquo;\u00eatre enchain\u00e9e, domestiqu\u00e9e, d\u00e9bourr\u00e9e, alors j&rsquo;ai eu des larmes et c&rsquo;est comme si j&rsquo;\u00e9tais pr\u00eate \u00e0 m&rsquo;autoriser \u00e0 retrouver ma version lib\u00e9r\u00e9e\u00a0\u00bb<\/p>\n\n\n\n<div style=\"height:22px\" aria-hidden=\"true\" class=\"wp-block-spacer\"><\/div>\n<\/blockquote>\n\n\n\n<figure data-wp-context=\"{&quot;imageId&quot;:&quot;69ec8d28650cb&quot;}\" data-wp-interactive=\"core\/image\" data-wp-key=\"69ec8d28650cb\" class=\"wp-block-image size-large wp-lightbox-container\"><img data-recalc-dims=\"1\" loading=\"lazy\" decoding=\"async\" width=\"5000\" height=\"5000\" data-attachment-id=\"1331\" data-permalink=\"https:\/\/yaracreatyque.fr\/en\/?attachment_id=1331\" data-orig-file=\"https:\/\/i0.wp.com\/yaracreatyque.fr\/wp-content\/uploads\/2025\/04\/cheval-triangles-geometriques-yara-creatyque.png?fit=5000%2C5000&amp;ssl=1\" data-orig-size=\"5000,5000\" data-comments-opened=\"0\" data-image-meta=\"{&quot;aperture&quot;:&quot;0&quot;,&quot;credit&quot;:&quot;&quot;,&quot;camera&quot;:&quot;&quot;,&quot;caption&quot;:&quot;&quot;,&quot;created_timestamp&quot;:&quot;0&quot;,&quot;copyright&quot;:&quot;&quot;,&quot;focal_length&quot;:&quot;0&quot;,&quot;iso&quot;:&quot;0&quot;,&quot;shutter_speed&quot;:&quot;0&quot;,&quot;title&quot;:&quot;&quot;,&quot;orientation&quot;:&quot;0&quot;}\" data-image-title=\"Cheval en triangles g\u00e9om\u00e9triques \u2013 mod\u00e8le \u00e0 colorier introspectif\" data-image-description=\"&lt;p&gt;Ce mod\u00e8le repr\u00e9sente un cheval stylis\u00e9 \u00e0 base de triangles g\u00e9om\u00e9triques. Cr\u00e9\u00e9 pour inviter \u00e0 la contemplation, au retour \u00e0 soi, \u00e0 la lib\u00e9ration \u00e9motionnelle et \u00e0 l\u2019expression cr\u00e9ative. Utilis\u00e9 dans Trialogue comme outil d\u2019introspection et de r\u00e9gulation \u00e9motionnelle.&lt;\/p&gt;\" data-image-caption=\"&lt;p&gt;Geometric triangle horse design \u2013 A symbol of freedom, gentle power, and transformation&lt;\/p&gt;\" data-large-file=\"https:\/\/i0.wp.com\/yaracreatyque.fr\/wp-content\/uploads\/2025\/04\/cheval-triangles-geometriques-yara-creatyque.png?fit=1024%2C1024&amp;ssl=1\" data-wp-class--hide=\"state.isContentHidden\" data-wp-class--show=\"state.isContentVisible\" data-wp-init=\"callbacks.setButtonStyles\" data-wp-on--click=\"actions.showLightbox\" data-wp-on--load=\"callbacks.setButtonStyles\" data-wp-on--pointerdown=\"actions.preloadImage\" data-wp-on--pointerenter=\"actions.preloadImageWithDelay\" data-wp-on--pointerleave=\"actions.cancelPreload\" data-wp-on-window--resize=\"callbacks.setButtonStyles\" src=\"https:\/\/i0.wp.com\/yaracreatyque.fr\/wp-content\/uploads\/2025\/04\/cheval-triangles-geometriques-yara-creatyque.png?resize=5000%2C5000&#038;ssl=1\" alt=\"Illustration g\u00e9om\u00e9trique d\u2019un cheval stylis\u00e9 en triangles, design \u00e0 colorier pour introspection et expression personnelle\" class=\"wp-image-1331\" \/><button\n\t\t\tclass=\"lightbox-trigger\"\n\t\t\ttype=\"button\"\n\t\t\taria-haspopup=\"dialog\"\n\t\t\tdata-wp-bind--aria-label=\"state.thisImage.triggerButtonAriaLabel\"\n\t\t\tdata-wp-init=\"callbacks.initTriggerButton\"\n\t\t\tdata-wp-on--click=\"actions.showLightbox\"\n\t\t\tdata-wp-style--right=\"state.thisImage.buttonRight\"\n\t\t\tdata-wp-style--top=\"state.thisImage.buttonTop\"\n\t\t>\n\t\t\t<svg xmlns=\"http:\/\/www.w3.org\/2000\/svg\" width=\"12\" height=\"12\" fill=\"none\" viewbox=\"0 0 12 12\">\n\t\t\t\t<path fill=\"#fff\" d=\"M2 0a2 2 0 0 0-2 2v2h1.5V2a.5.5 0 0 1 .5-.5h2V0H2Zm2 10.5H2a.5.5 0 0 1-.5-.5V8H0v2a2 2 0 0 0 2 2h2v-1.5ZM8 12v-1.5h2a.5.5 0 0 0 .5-.5V8H12v2a2 2 0 0 1-2 2H8Zm2-12a2 2 0 0 1 2 2v2h-1.5V2a.5.5 0 0 0-.5-.5H8V0h2Z\" \/>\n\t\t\t<\/svg>\n\t\t<\/button><figcaption class=\"wp-element-caption\">Mod\u00e8le du cheval en triangles g\u00e9om\u00e9triques \u2013 Un symbole de libert\u00e9, de puissance douce et de transformation<\/figcaption><\/figure>\n\n\n\n<div style=\"height:77px\" aria-hidden=\"true\" class=\"wp-block-spacer\"><\/div>\n\n\n\n<p class=\"has-text-align-center wp-block-paragraph\">Ce que tu ressens peut devenir un <strong>point d\u2019ancrage<\/strong> pour discuter, t\u2019ouvrir, ou tout simplement d\u00e9poser un peu de ton ressenti.<\/p>\n\n\n\n<p class=\"wp-block-paragraph\">Et si tu veux aller plus loin, <strong>Trialogue peut aussi \u00eatre un tremplin vers d\u2019autres formes d\u2019aide<\/strong> :<\/p>\n\n\n\n<p class=\"wp-block-paragraph\" style=\"line-height:1.9\"><br>\u2013 Un <strong>art-th\u00e9rapeute<\/strong>, pour explorer par la cr\u00e9ation<br>\u2013 Un <strong>psychologue<\/strong>, pour accueillir les paroles<br>\u2013 Un <strong>kin\u00e9siologue ou un ost\u00e9opathe<\/strong>, pour lib\u00e9rer ce que le corps garde<br>\u2013 Un <strong>aromath\u00e9rapeute<\/strong>, pour t\u2019accompagner naturellement<br>\u2013 Ou simplement quelqu\u2019un qui t\u2019\u00e9coute et te comprend<\/p>\n\n\n\n<div style=\"height:22px\" aria-hidden=\"true\" class=\"wp-block-spacer\"><\/div>\n\n\n\n<p class=\"wp-block-paragraph\">Nous sommes humains, dans notre vie il faut parfois<strong> demander du soutien<\/strong>, alors pourquoi pas commencer par un dessin.<\/p>\n\n\n\n<p class=\"wp-block-paragraph\">Ce n\u2019est pas un \u201cpetit geste\u201d\u2026<\/p>\n\n\n\n<p class=\"wp-block-paragraph\">C\u2019est peut-\u00eatre le <strong>premier pas vers une grande rencontre<\/strong> :<br>celle de toi avec toi-m\u00eame. <\/p>\n\n\n\n<div style=\"height:33px\" aria-hidden=\"true\" class=\"wp-block-spacer\"><\/div>\n\n\n\n<hr class=\"wp-block-separator has-alpha-channel-opacity\" \/>\n\n\n\n<h3 class=\"wp-block-heading has-text-align-center has-montserrat-font-family has-medium-font-size\" style=\"letter-spacing:5px\"><strong>Je ne sais pas dessiner\u2026<\/strong><\/h3>\n\n\n\n<div style=\"height:33px\" aria-hidden=\"true\" class=\"wp-block-spacer\"><\/div>\n\n\n\n<blockquote class=\"wp-block-quote is-layout-flow wp-block-quote-is-layout-flow\">\n<p class=\"wp-block-paragraph\">Tant mieux.<br>Il n\u2019y a rien \u00e0 \u201csavoir\u201d.<\/p>\n\n\n\n<p class=\"wp-block-paragraph\">Juste une r\u00e8gle. Un crayon. Un mod\u00e8le.<br>Et l\u2019envie de remplir.<br>De tracer. D\u2019explorer.<\/p>\n<\/blockquote>\n\n\n\n<blockquote class=\"wp-block-quote is-layout-flow wp-block-quote-is-layout-flow\">\n<p class=\"wp-block-paragraph\">Ce n\u2019est pas un concours de beaut\u00e9.<br>C\u2019est un jeu de lignes.<br>Une d\u00e9couverte.<br>Et souvent\u2026 une surprise.<\/p>\n<\/blockquote>\n\n\n\n<div style=\"height:33px\" aria-hidden=\"true\" class=\"wp-block-spacer\"><\/div>\n\n\n\n<hr class=\"wp-block-separator has-alpha-channel-opacity\" \/>\n\n\n\n<h3 class=\"wp-block-heading has-text-align-center has-montserrat-font-family has-medium-font-size\" style=\"letter-spacing:5px\"><strong>\u00c7a fait longtemps que je n\u2019ai pas colori\u00e9\u2026<\/strong><\/h3>\n\n\n\n<div style=\"height:33px\" aria-hidden=\"true\" class=\"wp-block-spacer\"><\/div>\n\n\n\n<p class=\"has-text-align-center wp-block-paragraph\">Et tu n\u2019es pas seul\u00b7e !<\/p>\n\n\n\n<div style=\"height:11px\" aria-hidden=\"true\" class=\"wp-block-spacer\"><\/div>\n\n\n\n<p class=\"wp-block-paragraph\">\u00c0 part quelques artistes ou passionn\u00e9\u00b7es, nous sommes nombreux \u00e0 avoir laiss\u00e9 le coloriage de c\u00f4t\u00e9 depuis des ann\u00e9es \u2014 parfois depuis l\u2019enfance.<br>On a grandi, on a accumul\u00e9 des responsabilit\u00e9s\u2026 et sans vraiment s\u2019en rendre compte, on a mis de c\u00f4t\u00e9 cette activit\u00e9 pourtant fondatrice.<\/p>\n\n\n\n<div style=\"height:11px\" aria-hidden=\"true\" class=\"wp-block-spacer\"><\/div>\n\n\n\n<p class=\"has-text-align-center wp-block-paragraph\">Colorier, c\u2019\u00e9tait simple.<br>C\u2019\u00e9tait joyeux.<br>C\u2019\u00e9tait une mani\u00e8re instinctive de se construire, de s\u2019exprimer, de dig\u00e9rer des choses sans mots.<\/p>\n\n\n\n<div style=\"height:11px\" aria-hidden=\"true\" class=\"wp-block-spacer\"><\/div>\n\n\n\n<p class=\"wp-block-paragraph\">Et on a oubli\u00e9 que c\u2019\u00e9tait un <strong>besoin primaire<\/strong>.<br>Oui, comme le mouvement, la musique, ou la nature.<br>La cr\u00e9ativit\u00e9 est une nourriture pour l\u2019\u00eatre. Pas juste une fantaisie : un r\u00e9el besoin d\u2019\u00e9panouissement.<\/p>\n\n\n\n<p class=\"wp-block-paragraph\">Dans un monde souvent trop rapide, immat\u00e9riel, ou productif, <strong>colorier permet de cr\u00e9er quelque chose de tangible<\/strong>.<br>On voit notre geste, on voit une forme \u00e9merger, on ressent le bien que \u00e7a fait.<br>Et sans s\u2019en rendre compte, \u00e7a agit : sur notre humeur, notre \u00e9nergie, notre fa\u00e7on de penser\u2026 m\u00eame dans notre quotidien.<\/p>\n\n\n\n<blockquote class=\"wp-block-quote is-layout-flow wp-block-quote-is-layout-flow\">\n<p class=\"wp-block-paragraph\">Car <strong>d\u00e9velopper sa cr\u00e9ativit\u00e9<\/strong>, ce n\u2019est pas juste \u201cfaire de l\u2019art\u201d.<br>C\u2019est cultiver une capacit\u00e9 int\u00e9rieure \u00e0 envisager autrement.<br>Trouver des id\u00e9es plus facilement, s\u2019adapter avec souplesse, inventer des solutions, s\u2019exprimer plus justement\u2026<br>La cr\u00e9ativit\u00e9 nous rend plus vivants, plus autonomes, plus en lien avec notre singularit\u00e9.<\/p>\n<\/blockquote>\n\n\n\n<p class=\"wp-block-paragraph\">Et cela se diffuse partout :<br>dans nos choix, nos projets, nos relations, notre mani\u00e8re de r\u00e9soudre un probl\u00e8me ou m\u00eame de d\u00e9corer notre int\u00e9rieur.<br>C\u2019est une <strong>ressource intime<\/strong>, subtile mais puissante.<\/p>\n\n\n\n<p class=\"wp-block-paragraph\">Ce n\u2019est ni une performance ni une obligation.<br>C\u2019est juste un retour \u00e0 soi. Un petit espace libre o\u00f9 <strong>rien n\u2019est \u00e0 prouver, mais tout peut s\u2019exprimer<\/strong>.<\/p>\n\n\n\n<p class=\"wp-block-paragraph\">Et on ne peut pas vraiment savoir ce que \u00e7a fait\u2026<br>tant qu\u2019on n\u2019a pas essay\u00e9.<\/p>\n\n\n\n<p class=\"wp-block-paragraph\">Avec sinc\u00e9rit\u00e9. Avec curiosit\u00e9.<br>Sans barri\u00e8re.<\/p>\n\n\n\n<div style=\"height:55px\" aria-hidden=\"true\" class=\"wp-block-spacer\"><\/div>\n\n\n\n<hr class=\"wp-block-separator has-alpha-channel-opacity\" \/>\n\n\n\n<h3 class=\"wp-block-heading has-text-align-center has-montserrat-font-family\" style=\"letter-spacing:5px\"><strong>Est-ce que \u00e7a \u201cfonctionne\u201d vraiment ?<\/strong><\/h3>\n\n\n\n<div style=\"height:33px\" aria-hidden=\"true\" class=\"wp-block-spacer\"><\/div>\n\n\n\n<p class=\"wp-block-paragraph\">C\u2019est une bonne question. Et une question l\u00e9gitime.<\/p>\n\n\n\n<p class=\"wp-block-paragraph\">Ce type de pratique \u2014 simple en apparence \u2014 est aujourd\u2019hui reconnu dans de nombreux domaines :<br><strong>art-th\u00e9rapie<\/strong>, <strong>neurosciences<\/strong>, <strong>psychologie positive<\/strong>, <strong>d\u00e9veloppement personnel<\/strong>, mais aussi <strong>syst\u00e8mes \u00e9ducatifs<\/strong> et <strong>pratiques de soins<\/strong>.<\/p>\n\n\n\n<p class=\"has-text-align-center wp-block-paragraph\"><br>Colorier, dessiner, cr\u00e9er avec les mains est une activit\u00e9 pratiqu\u00e9e par des <strong>millions de personnes dans le monde<\/strong>, depuis toujours.<br>Pas comme une mode passag\u00e8re, mais comme une mani\u00e8re d\u2019habiter la vie plus pleinement.<\/p>\n\n\n\n<p class=\"wp-block-paragraph\">Les <strong>\u00e9tudes scientifiques<\/strong> sur le sujet sont nombreuses : elles parlent de r\u00e9duction du stress, d\u2019am\u00e9lioration de la concentration, de r\u00e9gulation \u00e9motionnelle, de stimulation de la m\u00e9moire\u2026<br>Mais au fond, ce n\u2019est peut-\u00eatre pas <strong>la science<\/strong> qui te donnera la r\u00e9ponse.<\/p>\n\n\n\n<div style=\"height:11px\" aria-hidden=\"true\" class=\"wp-block-spacer\"><\/div>\n\n\n\n<p class=\"has-text-align-center wp-block-paragraph\">Ce qui \u201cfonctionne\u201d pour certains, ne fonctionnera pas forc\u00e9ment pour d\u2019autres.<br>Tout d\u00e9pend de ce qu\u2019on y met, de ce qu\u2019on y cherche, de <strong>l\u2019espace qu\u2019on se donne<\/strong> pour accueillir ce qui peut \u00e9merger.<\/p>\n\n\n\n<div style=\"height:11px\" aria-hidden=\"true\" class=\"wp-block-spacer\"><\/div>\n\n\n\n<blockquote class=\"wp-block-quote is-layout-flow wp-block-quote-is-layout-flow\">\n<p class=\"wp-block-paragraph\">Car c\u2019est une pratique personnelle.<br>Elle ne promet pas de miracle.<br>Elle ne fait pas \u201c\u00e0 ta place\u201d.<br>Mais elle <strong>propose un cadre<\/strong> : bienveillant, simple, vivant \u2014<br>o\u00f9 <strong>toi seul\u00b7e peux faire l\u2019exp\u00e9rience<\/strong>.<\/p>\n<\/blockquote>\n\n\n\n<div style=\"height:11px\" aria-hidden=\"true\" class=\"wp-block-spacer\"><\/div>\n\n\n\n<p class=\"has-text-align-center wp-block-paragraph\">Et si tu es curieux\u00b7se, ouvert\u00b7e, sinc\u00e8rement pr\u00e9sent\u00b7e dans ton geste\u2026<br>Alors oui, <strong>il se pourrait bien que \u00e7a fonctionne<\/strong>.<\/p>\n\n\n\n<div style=\"height:11px\" aria-hidden=\"true\" class=\"wp-block-spacer\"><\/div>\n\n\n\n<p class=\"wp-block-paragraph\">Pas toujours comme on l\u2019imagine.<br>Parfois sans qu\u2019on s\u2019en rende compte tout de suite.<br>Mais souvent, quelque chose change : <strong>un apaisement, une r\u00e9v\u00e9lation, un ancrage, un fil retrouv\u00e9<\/strong>.<\/p>\n\n\n\n<div style=\"height:11px\" aria-hidden=\"true\" class=\"wp-block-spacer\"><\/div>\n\n\n\n<p class=\"wp-block-paragraph\">Le mieux, ce n\u2019est pas d\u2019y croire aveugl\u00e9ment\u2026<br>C\u2019est d\u2019essayer.<\/p>\n\n\n\n<div style=\"height:11px\" aria-hidden=\"true\" class=\"wp-block-spacer\"><\/div>\n\n\n\n<p class=\"has-text-align-center wp-block-paragraph\">Et de voir, par toi-m\u00eame.<\/p>\n\n\n\n<div style=\"height:22px\" aria-hidden=\"true\" class=\"wp-block-spacer\"><\/div>\n\n\n\n<figure data-wp-context=\"{&quot;imageId&quot;:&quot;69ec8d2866886&quot;}\" data-wp-interactive=\"core\/image\" data-wp-key=\"69ec8d2866886\" class=\"wp-block-image size-large wp-lightbox-container\"><img data-recalc-dims=\"1\" loading=\"lazy\" decoding=\"async\" width=\"1024\" height=\"1536\" data-attachment-id=\"1344\" data-permalink=\"https:\/\/yaracreatyque.fr\/en\/?attachment_id=1344\" data-orig-file=\"https:\/\/i0.wp.com\/yaracreatyque.fr\/wp-content\/uploads\/2025\/04\/trialogue-etat-d-apaisement-intuitif-introspection-creatrice.png?fit=1024%2C1536&amp;ssl=1\" data-orig-size=\"1024,1536\" data-comments-opened=\"0\" data-image-meta=\"{&quot;aperture&quot;:&quot;0&quot;,&quot;credit&quot;:&quot;&quot;,&quot;camera&quot;:&quot;&quot;,&quot;caption&quot;:&quot;&quot;,&quot;created_timestamp&quot;:&quot;0&quot;,&quot;copyright&quot;:&quot;&quot;,&quot;focal_length&quot;:&quot;0&quot;,&quot;iso&quot;:&quot;0&quot;,&quot;shutter_speed&quot;:&quot;0&quot;,&quot;title&quot;:&quot;&quot;,&quot;orientation&quot;:&quot;0&quot;}\" data-image-title=\"trialogue-etat-d-apaisement-intuitif-introspection-creatrice\" data-image-description=\"&lt;p&gt;Illustration symbolique d\u2019un \u00e9tat d\u2019introspection douce. Repr\u00e9sente l\u2019apaisement mental et l\u2019\u00e9lan cr\u00e9atif que l\u2019on ressent lors de la pratique Trialogue. Un visuel qui \u00e9voque le calme int\u00e9rieur, l\u2019ouverture de conscience et la beaut\u00e9 d\u2019\u00eatre simplement l\u00e0.&lt;\/p&gt;\" data-image-caption=\"&lt;p&gt;Ce moment o\u00f9 l\u2019on revient en soi. Le calme s\u2019installe, les pens\u00e9es s\u2019alignent, l\u2019inspiration circule.&lt;\/p&gt;\" data-large-file=\"https:\/\/i0.wp.com\/yaracreatyque.fr\/wp-content\/uploads\/2025\/04\/trialogue-etat-d-apaisement-intuitif-introspection-creatrice.png?fit=683%2C1024&amp;ssl=1\" data-wp-class--hide=\"state.isContentHidden\" data-wp-class--show=\"state.isContentVisible\" data-wp-init=\"callbacks.setButtonStyles\" data-wp-on--click=\"actions.showLightbox\" data-wp-on--load=\"callbacks.setButtonStyles\" data-wp-on--pointerdown=\"actions.preloadImage\" data-wp-on--pointerenter=\"actions.preloadImageWithDelay\" data-wp-on--pointerleave=\"actions.cancelPreload\" data-wp-on-window--resize=\"callbacks.setButtonStyles\" src=\"https:\/\/i0.wp.com\/yaracreatyque.fr\/wp-content\/uploads\/2025\/04\/trialogue-etat-d-apaisement-intuitif-introspection-creatrice.png?resize=1024%2C1536&#038;ssl=1\" alt=\"Portrait d'une jeune femme aux yeux ferm\u00e9s, apais\u00e9e, sous une lune \u00e9clatante et des volutes \u00e9toil\u00e9es symbolisant l'inspiration et l'introspection cr\u00e9ative.\" class=\"wp-image-1344\" \/><button\n\t\t\tclass=\"lightbox-trigger\"\n\t\t\ttype=\"button\"\n\t\t\taria-haspopup=\"dialog\"\n\t\t\tdata-wp-bind--aria-label=\"state.thisImage.triggerButtonAriaLabel\"\n\t\t\tdata-wp-init=\"callbacks.initTriggerButton\"\n\t\t\tdata-wp-on--click=\"actions.showLightbox\"\n\t\t\tdata-wp-style--right=\"state.thisImage.buttonRight\"\n\t\t\tdata-wp-style--top=\"state.thisImage.buttonTop\"\n\t\t>\n\t\t\t<svg xmlns=\"http:\/\/www.w3.org\/2000\/svg\" width=\"12\" height=\"12\" fill=\"none\" viewbox=\"0 0 12 12\">\n\t\t\t\t<path fill=\"#fff\" d=\"M2 0a2 2 0 0 0-2 2v2h1.5V2a.5.5 0 0 1 .5-.5h2V0H2Zm2 10.5H2a.5.5 0 0 1-.5-.5V8H0v2a2 2 0 0 0 2 2h2v-1.5ZM8 12v-1.5h2a.5.5 0 0 0 .5-.5V8H12v2a2 2 0 0 1-2 2H8Zm2-12a2 2 0 0 1 2 2v2h-1.5V2a.5.5 0 0 0-.5-.5H8V0h2Z\" \/>\n\t\t\t<\/svg>\n\t\t<\/button><figcaption class=\"wp-element-caption\">Ce moment o\u00f9 l\u2019on revient en soi. Le calme s\u2019installe, les pens\u00e9es s\u2019alignent, l\u2019inspiration circule.<\/figcaption><\/figure>\n\n\n\n<div style=\"height:55px\" aria-hidden=\"true\" class=\"wp-block-spacer\"><\/div>\n\n\n\n<p class=\"has-text-align-center wp-block-paragraph\">\u00ab\u00a0<em>Peut-\u00eatre qu\u2019un jour tu prendras un crayon.<\/em><br><em>Sans y penser.<\/em><br><em>Et qu\u2019en tra\u00e7ant un trait, tu rencontreras quelque chose de toi.<\/em><br><em>Quelque chose de doux. Ou de fort. Ou de flou.<\/em><br><em>Mais vrai.<\/em><\/p>\n\n\n\n<p class=\"has-text-align-center wp-block-paragraph\"><em>Mais toi<\/em>\u00ab\u00a0<\/p>\n\n\n\n<div style=\"height:100px\" aria-hidden=\"true\" class=\"wp-block-spacer\"><\/div>\n\n\n\n<div class=\"wp-block-media-text is-stacked-on-mobile\"><figure class=\"wp-block-media-text__media\"><a href=\"https:\/\/yaracreatyque.fr\/en\/espace-trialogue\/\"><img data-recalc-dims=\"1\" loading=\"lazy\" decoding=\"async\" width=\"1875\" height=\"1875\" data-attachment-id=\"1149\" data-permalink=\"https:\/\/yaracreatyque.fr\/en\/?attachment_id=1149\" data-orig-file=\"https:\/\/i0.wp.com\/yaracreatyque.fr\/wp-content\/uploads\/2025\/04\/trialogue-yara-creatyque.png?fit=1875%2C1875&amp;ssl=1\" data-orig-size=\"1875,1875\" data-comments-opened=\"0\" data-image-meta=\"{&quot;aperture&quot;:&quot;0&quot;,&quot;credit&quot;:&quot;&quot;,&quot;camera&quot;:&quot;&quot;,&quot;caption&quot;:&quot;&quot;,&quot;created_timestamp&quot;:&quot;0&quot;,&quot;copyright&quot;:&quot;&quot;,&quot;focal_length&quot;:&quot;0&quot;,&quot;iso&quot;:&quot;0&quot;,&quot;shutter_speed&quot;:&quot;0&quot;,&quot;title&quot;:&quot;&quot;,&quot;orientation&quot;:&quot;0&quot;}\" data-image-title=\"Trialogue \u2013 Symbole de l\u2019espace cr\u00e9atif et introspectif de Yara Creatyque\" data-image-description=\"&lt;p&gt;Ce logo repr\u00e9sente l\u2019essence de Trialogue, un espace symbolique o\u00f9 l\u2019on explore ensemble les profondeurs de soi \u00e0 travers l\u2019art g\u00e9om\u00e9trique et le coloriage introspectif. La forme de sablier \u00e9voque le temps, le passage, la transformation. La colombe stylis\u00e9e, faite de lignes triangulaires, incarne la paix int\u00e9rieure, l\u2019\u00e9l\u00e9vation, et la reliance.&lt;\/p&gt;&lt;p&gt;C\u2019est un lieu de pratique collective et douce, o\u00f9 chaque image devient un pr\u00e9texte \u00e0 l\u2019introspection, \u00e0 la reconnexion \u00e0 soi et aux autres. Trialogue invite \u00e0 prendre un moment pour s\u2019asseoir, respirer, colorier, ressentir\u2026 et dialoguer int\u00e9rieurement ou \u00e0 plusieurs autour de ce qui nous traverse.&lt;\/p&gt;\" data-image-caption=\"&lt;p&gt;Trialogue, un lieu pour se (re)trouver \u00e0 travers la g\u00e9om\u00e9trie, le trait et la couleur.&lt;\/p&gt;\" data-large-file=\"https:\/\/i0.wp.com\/yaracreatyque.fr\/wp-content\/uploads\/2025\/04\/trialogue-yara-creatyque.png?fit=1024%2C1024&amp;ssl=1\" src=\"https:\/\/i0.wp.com\/yaracreatyque.fr\/wp-content\/uploads\/2025\/04\/trialogue-yara-creatyque.png?resize=1875%2C1875&#038;ssl=1\" alt=\"\" class=\"wp-image-1149 size-full\" \/><\/a><\/figure><div class=\"wp-block-media-text__content\">\n<p class=\"wp-block-paragraph\">Envie de tenter l&rsquo;aventure?<\/p>\n\n\n\n<p class=\"wp-block-paragraph\">C&rsquo;est par ici que \u00e7a commence : <\/p>\n\n\n\n<div class=\"wp-block-buttons is-layout-flex wp-block-buttons-is-layout-flex\">\n<div class=\"wp-block-button\"><a class=\"wp-block-button__link has-montserrat-font-family wp-element-button\" href=\"https:\/\/yaracreatyque.fr\/en\/espace-trialogue\/\" style=\"letter-spacing:2px\">Bon voyage avec nous<\/a><\/div>\n<\/div>\n<\/div><\/div>\n\n\n\n<div style=\"height:100px\" aria-hidden=\"true\" class=\"wp-block-spacer\"><\/div>\n\n\n\n<div class=\"wp-block-media-text has-media-on-the-right is-stacked-on-mobile has-small-font-size\" style=\"grid-template-columns:auto 38%\"><div class=\"wp-block-media-text__content\">\n<p class=\"wp-block-paragraph\">Vous avez envie d\u2019en savoir un peu plus sur mon parcours ?<br>Ce que j\u2019ai v\u00e9cu, ce qui m\u2019a guid\u00e9e jusqu\u2019ici, ce que l\u2019art m\u2019a appris sur moi-m\u00eame ?<\/p>\n\n\n\n<div class=\"wp-block-buttons is-layout-flex wp-block-buttons-is-layout-flex\">\n<div class=\"wp-block-button\"><a class=\"wp-block-button__link has-montserrat-font-family wp-element-button\" href=\"https:\/\/yaracreatyque.fr\/en\/lartiste\/\" style=\"letter-spacing:5px\">L&rsquo;artiste<\/a><\/div>\n<\/div>\n<\/div><figure class=\"wp-block-media-text__media\"><a href=\"https:\/\/yaracreatyque.fr\/en\/lartiste\/\"><img data-recalc-dims=\"1\" loading=\"lazy\" decoding=\"async\" width=\"1875\" height=\"1875\" data-attachment-id=\"1356\" data-permalink=\"https:\/\/yaracreatyque.fr\/en\/?attachment_id=1356\" data-orig-file=\"https:\/\/i0.wp.com\/yaracreatyque.fr\/wp-content\/uploads\/2025\/04\/yara-creatyque-artiste-fondatrice-de-trialogue.png?fit=1875%2C1875&amp;ssl=1\" data-orig-size=\"1875,1875\" data-comments-opened=\"0\" data-image-meta=\"{&quot;aperture&quot;:&quot;0&quot;,&quot;credit&quot;:&quot;&quot;,&quot;camera&quot;:&quot;&quot;,&quot;caption&quot;:&quot;&quot;,&quot;created_timestamp&quot;:&quot;0&quot;,&quot;copyright&quot;:&quot;&quot;,&quot;focal_length&quot;:&quot;0&quot;,&quot;iso&quot;:&quot;0&quot;,&quot;shutter_speed&quot;:&quot;0&quot;,&quot;title&quot;:&quot;&quot;,&quot;orientation&quot;:&quot;0&quot;}\" data-image-title=\"Yara \u2013 Artiste fondatrice de Trialogue\" data-image-description=\"&lt;p&gt;Portrait de Yara, fondatrice du projet Trialogue. Un univers artistique et introspectif n\u00e9 d\u2019un parcours sensible, entre vie int\u00e9rieure, exploration cr\u00e9ative et accompagnement.&lt;\/p&gt;\" data-image-caption=\"&lt;p&gt;Yara, artiste passionn\u00e9e et cr\u00e9atrice de Trialogue.&lt;\/p&gt;\" data-large-file=\"https:\/\/i0.wp.com\/yaracreatyque.fr\/wp-content\/uploads\/2025\/04\/yara-creatyque-artiste-fondatrice-de-trialogue.png?fit=1024%2C1024&amp;ssl=1\" src=\"https:\/\/i0.wp.com\/yaracreatyque.fr\/wp-content\/uploads\/2025\/04\/yara-creatyque-artiste-fondatrice-de-trialogue.png?resize=1875%2C1875&#038;ssl=1\" alt=\"Portrait de Yara, assise en terrasse, regard doux et bienveillant, chemise blanche ouverte sur un pendentif rond. Une atmosph\u00e8re chaleureuse et simple.\" class=\"wp-image-1356 size-full\" \/><\/a><\/figure><\/div>\n\n\n\n<div style=\"height:55px\" aria-hidden=\"true\" class=\"wp-block-spacer\"><\/div>\n\n\n\n\n\n<div style=\"height:55px\" aria-hidden=\"true\" class=\"wp-block-spacer\"><\/div>\n\n\n\n\n<div class=\"wp-block-columns jetpack-paywall-simple is-layout-flex wp-container-core-columns-is-layout-3b811c60 wp-block-columns-is-layout-flex\" style=\"display: inline-block; width: 90%\">\n    \n    <div class=\"wp-block-column is-layout-flow wp-block-column-is-layout-flow\" style=\"background-color: #F6F7F7; padding: 32px; 24px;\">\n        \n        <h2 class=\"has-text-align-center wp-block-heading\" style=\"margin: 0 0 12px; font-weight: 600;\">Subscribe to keep reading<\/h2>\n        \n        \n        <p class=\"has-text-align-center wp-block-paragraph\"\n           style=\"text-align: center;                  color: #50575E;                  font-weight: 400;                  font-size: 16px;                  font-family: 'SF Pro Text', sans-serif;                  line-height: 28.8px;\">\n        It&#039;s a subscribers only post. Subscribe to get access to the rest of this post and other subscriber-only content.\n        <\/p>\n        \n        \n        <div class=\"wp-block-buttons is-layout-flex wp-block-buttons-is-layout-flex\" style=\"text-align: center;\">\n            \n            <div class=\"wp-block-button\" style=\"display: inline-block; margin: 10px 0; border-style: none; padding: 0;\">\n                <a href=\"https:\/\/yaracreatyque.fr\/en\/?post_type=post&#038;p=1268\" class=\"wp-block-button__link wp-element-button\"\n                   data-wpcom-track data-tracks-link-desc=\"paywall-email-click\"\n                   style=\"display: inline-block;                          padding: 12px 15px;                          background-color: #3858e9;                          color: #FFFFFF;                          text-decoration: none;                          border-radius: 5px;                          font-family: 'SF Pro Display', sans-serif;                          font-weight: 500;                          font-size: 16px;                          text-align: center;\">Subscribe<\/a>\n            <\/div>\n            \n        <\/div>\n        \n    <\/div>\n    \n<\/div>",
        "protected": false
    },
    "excerpt": {
        "rendered": "<p>Comment sont n\u00e9es tes premi\u00e8res images ? Je n\u2019appelais pas encore \u00e7a \u201cg\u00e9om\u00e9trie th\u00e9rapeutique\u201d.Mais je savais que \u00e7a me faisait du bien. Je ne les ai pas vraiment \u201cimagin\u00e9es\u201d, elles sont venues \u00e0 moi. C\u2019\u00e9tait instinctif, presque urgent. J\u2019avais besoin de stabilit\u00e9, d\u2019un espace int\u00e9rieur clair. Alors j\u2019ai commenc\u00e9 \u00e0 tracer. D\u2019abord des traits simples, [&hellip;]<\/p>",
        "protected": false
    },
    "author": 263724410,
    "featured_media": 1352,
    "comment_status": "open",
    "ping_status": "open",
    "sticky": false,
    "template": "",
    "format": "standard",
    "meta": {
        "_crdt_document": "",
        "_jetpack_newsletter_access": "subscribers",
        "_jetpack_dont_email_post_to_subs": false,
        "_jetpack_newsletter_tier_id": 0,
        "_jetpack_memberships_contains_paywalled_content": true,
        "_jetpack_memberships_contains_paid_content": false,
        "footnotes": "",
        "jetpack_publicize_message": "",
        "jetpack_publicize_feature_enabled": true,
        "jetpack_social_post_already_shared": false,
        "jetpack_social_options": {
            "image_generator_settings": {
                "template": "highway",
                "enabled": false
            },
            "version": 2
        },
        "_wpas_customize_per_network": false,
        "jetpack_post_was_ever_published": false
    },
    "categories": [
        26167,
        779228393,
        779228376,
        33121583,
        779228504,
        779370710,
        779228355,
        779228484
    ],
    "tags": [],
    "class_list": [
        "post-1268",
        "post",
        "type-post",
        "status-publish",
        "format-standard",
        "has-post-thumbnail",
        "hentry",
        "category-actualite",
        "category-auto-therapie-et-developpement-personnel",
        "category-lart-du-dessin-et-du-coloriage",
        "category-lart-therapie",
        "category-les-designs-geometriques",
        "category-suivre-mes-lignes-sur-le-chemin",
        "category-therapie-par-lart-du-dessin-et-du-coloriage",
        "category-yara-creatyque"
    ],
    "yoast_head": "<!-- This site is optimized with the Yoast SEO plugin v27.4 - https:\/\/yoast.com\/product\/yoast-seo-wordpress\/ -->\n<title>Questions-R\u00e9ponses YARA - Yara Creatyque<\/title>\n<meta name=\"description\" content=\"Questions - r\u00e9ponses \u00e0 l&#039;artiste Yara creatyque pour mieux comprendre son univers de coloriages introspectifs\" \/>\n<meta name=\"robots\" content=\"index, follow, max-snippet:-1, max-image-preview:large, max-video-preview:-1\" \/>\n<link rel=\"canonical\" href=\"https:\/\/yaracreatyque.fr\/en\/?p=1268\" \/>\n<meta property=\"og:locale\" content=\"en_GB\" \/>\n<meta property=\"og:type\" content=\"article\" \/>\n<meta property=\"og:title\" content=\"Questions-R\u00e9ponses YARA - Yara Creatyque\" \/>\n<meta property=\"og:description\" content=\"Questions - r\u00e9ponses \u00e0 l&#039;artiste Yara creatyque pour mieux comprendre son univers de coloriages introspectifs\" \/>\n<meta property=\"og:url\" content=\"https:\/\/yaracreatyque.fr\/en\/?p=1268\" \/>\n<meta property=\"og:site_name\" content=\"Yara Creatyque\" \/>\n<meta property=\"article:published_time\" content=\"2025-04-02T11:04:23+00:00\" \/>\n<meta property=\"article:modified_time\" content=\"2025-05-27T09:25:44+00:00\" \/>\n<meta property=\"og:image\" content=\"https:\/\/yaracreatyque.fr\/wp-content\/uploads\/2025\/04\/portrait-de-yarae28093fondatrice-de-trialogue.png\" \/>\n\t<meta property=\"og:image:width\" content=\"2659\" \/>\n\t<meta property=\"og:image:height\" content=\"984\" \/>\n\t<meta property=\"og:image:type\" content=\"image\/png\" \/>\n<meta name=\"author\" content=\"Yara\" \/>\n<meta name=\"twitter:card\" content=\"summary_large_image\" \/>\n<meta name=\"twitter:label1\" content=\"Written by\" \/>\n\t<meta name=\"twitter:data1\" content=\"Yara\" \/>\n\t<meta name=\"twitter:label2\" content=\"Estimated reading time\" \/>\n\t<meta name=\"twitter:data2\" content=\"8 minutes\" \/>\n<script type=\"application\/ld+json\" class=\"yoast-schema-graph\">{\"@context\":\"https:\\\/\\\/schema.org\",\"@graph\":[{\"@type\":\"Article\",\"@id\":\"https:\\\/\\\/yaracreatyque.fr\\\/?p=1268#article\",\"isPartOf\":{\"@id\":\"https:\\\/\\\/yaracreatyque.fr\\\/?p=1268\"},\"author\":{\"name\":\"Yara\",\"@id\":\"https:\\\/\\\/yaracreatyque.fr\\\/#\\\/schema\\\/person\\\/eb6b12b5443042def80bb9efe0d0b3b1\"},\"headline\":\"Questions-R\u00e9ponses YARA\",\"datePublished\":\"2025-04-02T11:04:23+00:00\",\"dateModified\":\"2025-05-27T09:25:44+00:00\",\"mainEntityOfPage\":{\"@id\":\"https:\\\/\\\/yaracreatyque.fr\\\/?p=1268\"},\"wordCount\":3797,\"commentCount\":0,\"publisher\":{\"@id\":\"https:\\\/\\\/yaracreatyque.fr\\\/#organization\"},\"image\":{\"@id\":\"https:\\\/\\\/yaracreatyque.fr\\\/?p=1268#primaryimage\"},\"thumbnailUrl\":\"https:\\\/\\\/i0.wp.com\\\/yaracreatyque.fr\\\/wp-content\\\/uploads\\\/2025\\\/04\\\/portrait-de-yarae28093fondatrice-de-trialogue.png?fit=2659%2C984&ssl=1\",\"articleSection\":[\"Actualit\u00e9\",\"Auto-th\u00e9rapie et d\u00e9veloppement personnel\",\"L'art du dessin et du coloriage\",\"L'art th\u00e9rapie\",\"Les designs g\u00e9om\u00e9triques\",\"Suivre mes lignes sur le chemin\",\"Th\u00e9rapie par l'art du dessin et du coloriage\",\"YARA CREATYQUE\"],\"inLanguage\":\"en-GB\",\"potentialAction\":[{\"@type\":\"CommentAction\",\"name\":\"Comment\",\"target\":[\"https:\\\/\\\/yaracreatyque.fr\\\/?p=1268#respond\"]}]},{\"@type\":\"WebPage\",\"@id\":\"https:\\\/\\\/yaracreatyque.fr\\\/?p=1268\",\"url\":\"https:\\\/\\\/yaracreatyque.fr\\\/?p=1268\",\"name\":\"Questions-R\u00e9ponses YARA - Yara Creatyque\",\"isPartOf\":{\"@id\":\"https:\\\/\\\/yaracreatyque.fr\\\/#website\"},\"primaryImageOfPage\":{\"@id\":\"https:\\\/\\\/yaracreatyque.fr\\\/?p=1268#primaryimage\"},\"image\":{\"@id\":\"https:\\\/\\\/yaracreatyque.fr\\\/?p=1268#primaryimage\"},\"thumbnailUrl\":\"https:\\\/\\\/i0.wp.com\\\/yaracreatyque.fr\\\/wp-content\\\/uploads\\\/2025\\\/04\\\/portrait-de-yarae28093fondatrice-de-trialogue.png?fit=2659%2C984&ssl=1\",\"datePublished\":\"2025-04-02T11:04:23+00:00\",\"dateModified\":\"2025-05-27T09:25:44+00:00\",\"description\":\"Questions - r\u00e9ponses \u00e0 l'artiste Yara creatyque pour mieux comprendre son univers de coloriages introspectifs\",\"breadcrumb\":{\"@id\":\"https:\\\/\\\/yaracreatyque.fr\\\/?p=1268#breadcrumb\"},\"inLanguage\":\"en-GB\",\"potentialAction\":[{\"@type\":\"ReadAction\",\"target\":[\"https:\\\/\\\/yaracreatyque.fr\\\/?p=1268\"]}]},{\"@type\":\"ImageObject\",\"inLanguage\":\"en-GB\",\"@id\":\"https:\\\/\\\/yaracreatyque.fr\\\/?p=1268#primaryimage\",\"url\":\"https:\\\/\\\/i0.wp.com\\\/yaracreatyque.fr\\\/wp-content\\\/uploads\\\/2025\\\/04\\\/portrait-de-yarae28093fondatrice-de-trialogue.png?fit=2659%2C984&ssl=1\",\"contentUrl\":\"https:\\\/\\\/i0.wp.com\\\/yaracreatyque.fr\\\/wp-content\\\/uploads\\\/2025\\\/04\\\/portrait-de-yarae28093fondatrice-de-trialogue.png?fit=2659%2C984&ssl=1\",\"width\":2659,\"height\":984,\"caption\":\"Yara, fondatrice de Trialogue \u2013 un univers o\u00f9 l\u2019art devient chemin int\u00e9rieur.\"},{\"@type\":\"BreadcrumbList\",\"@id\":\"https:\\\/\\\/yaracreatyque.fr\\\/?p=1268#breadcrumb\",\"itemListElement\":[{\"@type\":\"ListItem\",\"position\":1,\"name\":\"Accueil\",\"item\":\"https:\\\/\\\/yaracreatyque.fr\\\/\"},{\"@type\":\"ListItem\",\"position\":2,\"name\":\"Questions-R\u00e9ponses YARA\"}]},{\"@type\":\"WebSite\",\"@id\":\"https:\\\/\\\/yaracreatyque.fr\\\/#website\",\"url\":\"https:\\\/\\\/yaracreatyque.fr\\\/\",\"name\":\"Yara Creatyque\",\"description\":\"Explorez l&#039;art du coloriage g\u00e9om\u00e9trique et introspectif \u00e0 travers un espace d\u00e9di\u00e9 \u00e0 la cr\u00e9ation et au bien-\u00eatre par le coloriage th\u00e9rapeutique. D\u00e9couvrez des livres de coloriages uniques alliant designs g\u00e9om\u00e9triques modernes et introspection, con\u00e7us pour stimuler la cr\u00e9ativit\u00e9, favoriser la relaxation et encourager l&#039;expression de soi.\",\"publisher\":{\"@id\":\"https:\\\/\\\/yaracreatyque.fr\\\/#organization\"},\"potentialAction\":[{\"@type\":\"SearchAction\",\"target\":{\"@type\":\"EntryPoint\",\"urlTemplate\":\"https:\\\/\\\/yaracreatyque.fr\\\/?s={search_term_string}\"},\"query-input\":{\"@type\":\"PropertyValueSpecification\",\"valueRequired\":true,\"valueName\":\"search_term_string\"}}],\"inLanguage\":\"en-GB\"},{\"@type\":\"Organization\",\"@id\":\"https:\\\/\\\/yaracreatyque.fr\\\/#organization\",\"name\":\"Yara Creatyque\",\"url\":\"https:\\\/\\\/yaracreatyque.fr\\\/\",\"logo\":{\"@type\":\"ImageObject\",\"inLanguage\":\"en-GB\",\"@id\":\"https:\\\/\\\/yaracreatyque.fr\\\/#\\\/schema\\\/logo\\\/image\\\/\",\"url\":\"https:\\\/\\\/i0.wp.com\\\/yaracreatyque.fr\\\/wp-content\\\/uploads\\\/2025\\\/04\\\/cropped-logo-yara-creatyque.png?fit=760%2C100&ssl=1\",\"contentUrl\":\"https:\\\/\\\/i0.wp.com\\\/yaracreatyque.fr\\\/wp-content\\\/uploads\\\/2025\\\/04\\\/cropped-logo-yara-creatyque.png?fit=760%2C100&ssl=1\",\"width\":760,\"height\":100,\"caption\":\"Yara Creatyque\"},\"image\":{\"@id\":\"https:\\\/\\\/yaracreatyque.fr\\\/#\\\/schema\\\/logo\\\/image\\\/\"}},{\"@type\":\"Person\",\"@id\":\"https:\\\/\\\/yaracreatyque.fr\\\/#\\\/schema\\\/person\\\/eb6b12b5443042def80bb9efe0d0b3b1\",\"name\":\"Yara\",\"image\":{\"@type\":\"ImageObject\",\"inLanguage\":\"en-GB\",\"@id\":\"https:\\\/\\\/secure.gravatar.com\\\/avatar\\\/efd2cac8022c1412d4c307ac3673692a775ca432d7ec66f29449f6befb6dc021?s=96&d=identicon&r=g\",\"url\":\"https:\\\/\\\/secure.gravatar.com\\\/avatar\\\/efd2cac8022c1412d4c307ac3673692a775ca432d7ec66f29449f6befb6dc021?s=96&d=identicon&r=g\",\"contentUrl\":\"https:\\\/\\\/secure.gravatar.com\\\/avatar\\\/efd2cac8022c1412d4c307ac3673692a775ca432d7ec66f29449f6befb6dc021?s=96&d=identicon&r=g\",\"caption\":\"Yara\"},\"description\":\"Artiste d'illustrations g\u00e9om\u00e9triques et auteure de livres auto-\u00e9dit\u00e9s\",\"sameAs\":[\"http:\\\/\\\/yaracreatyque.fr\"],\"url\":\"https:\\\/\\\/yaracreatyque.fr\\\/en\\\/?author=263724410\"}]}<\/script>\n<!-- \/ Yoast SEO plugin. -->",
    "yoast_head_json": {
        "title": "Questions-R\u00e9ponses YARA - Yara Creatyque",
        "description": "Questions - r\u00e9ponses \u00e0 l'artiste Yara creatyque pour mieux comprendre son univers de coloriages introspectifs",
        "robots": {
            "index": "index",
            "follow": "follow",
            "max-snippet": "max-snippet:-1",
            "max-image-preview": "max-image-preview:large",
            "max-video-preview": "max-video-preview:-1"
        },
        "canonical": "https:\/\/yaracreatyque.fr\/en\/?p=1268",
        "og_locale": "en_GB",
        "og_type": "article",
        "og_title": "Questions-R\u00e9ponses YARA - Yara Creatyque",
        "og_description": "Questions - r\u00e9ponses \u00e0 l'artiste Yara creatyque pour mieux comprendre son univers de coloriages introspectifs",
        "og_url": "https:\/\/yaracreatyque.fr\/en\/?p=1268",
        "og_site_name": "Yara Creatyque",
        "article_published_time": "2025-04-02T11:04:23+00:00",
        "article_modified_time": "2025-05-27T09:25:44+00:00",
        "og_image": [
            {
                "width": 2659,
                "height": 984,
                "url": "https:\/\/yaracreatyque.fr\/wp-content\/uploads\/2025\/04\/portrait-de-yarae28093fondatrice-de-trialogue.png",
                "type": "image\/png"
            }
        ],
        "author": "Yara",
        "twitter_card": "summary_large_image",
        "twitter_misc": {
            "Written by": "Yara",
            "Estimated reading time": "8 minutes"
        },
        "schema": {
            "@context": "https:\/\/schema.org",
            "@graph": [
                {
                    "@type": "Article",
                    "@id": "https:\/\/yaracreatyque.fr\/?p=1268#article",
                    "isPartOf": {
                        "@id": "https:\/\/yaracreatyque.fr\/?p=1268"
                    },
                    "author": {
                        "name": "Yara",
                        "@id": "https:\/\/yaracreatyque.fr\/#\/schema\/person\/eb6b12b5443042def80bb9efe0d0b3b1"
                    },
                    "headline": "Questions-R\u00e9ponses YARA",
                    "datePublished": "2025-04-02T11:04:23+00:00",
                    "dateModified": "2025-05-27T09:25:44+00:00",
                    "mainEntityOfPage": {
                        "@id": "https:\/\/yaracreatyque.fr\/?p=1268"
                    },
                    "wordCount": 3797,
                    "commentCount": 0,
                    "publisher": {
                        "@id": "https:\/\/yaracreatyque.fr\/#organization"
                    },
                    "image": {
                        "@id": "https:\/\/yaracreatyque.fr\/?p=1268#primaryimage"
                    },
                    "thumbnailUrl": "https:\/\/i0.wp.com\/yaracreatyque.fr\/wp-content\/uploads\/2025\/04\/portrait-de-yarae28093fondatrice-de-trialogue.png?fit=2659%2C984&ssl=1",
                    "articleSection": [
                        "Actualit\u00e9",
                        "Auto-th\u00e9rapie et d\u00e9veloppement personnel",
                        "L'art du dessin et du coloriage",
                        "L'art th\u00e9rapie",
                        "Les designs g\u00e9om\u00e9triques",
                        "Suivre mes lignes sur le chemin",
                        "Th\u00e9rapie par l'art du dessin et du coloriage",
                        "YARA CREATYQUE"
                    ],
                    "inLanguage": "en-GB",
                    "potentialAction": [
                        {
                            "@type": "CommentAction",
                            "name": "Comment",
                            "target": [
                                "https:\/\/yaracreatyque.fr\/?p=1268#respond"
                            ]
                        }
                    ]
                },
                {
                    "@type": "WebPage",
                    "@id": "https:\/\/yaracreatyque.fr\/?p=1268",
                    "url": "https:\/\/yaracreatyque.fr\/?p=1268",
                    "name": "Questions-R\u00e9ponses YARA - Yara Creatyque",
                    "isPartOf": {
                        "@id": "https:\/\/yaracreatyque.fr\/#website"
                    },
                    "primaryImageOfPage": {
                        "@id": "https:\/\/yaracreatyque.fr\/?p=1268#primaryimage"
                    },
                    "image": {
                        "@id": "https:\/\/yaracreatyque.fr\/?p=1268#primaryimage"
                    },
                    "thumbnailUrl": "https:\/\/i0.wp.com\/yaracreatyque.fr\/wp-content\/uploads\/2025\/04\/portrait-de-yarae28093fondatrice-de-trialogue.png?fit=2659%2C984&ssl=1",
                    "datePublished": "2025-04-02T11:04:23+00:00",
                    "dateModified": "2025-05-27T09:25:44+00:00",
                    "description": "Questions - r\u00e9ponses \u00e0 l'artiste Yara creatyque pour mieux comprendre son univers de coloriages introspectifs",
                    "breadcrumb": {
                        "@id": "https:\/\/yaracreatyque.fr\/?p=1268#breadcrumb"
                    },
                    "inLanguage": "en-GB",
                    "potentialAction": [
                        {
                            "@type": "ReadAction",
                            "target": [
                                "https:\/\/yaracreatyque.fr\/?p=1268"
                            ]
                        }
                    ]
                },
                {
                    "@type": "ImageObject",
                    "inLanguage": "en-GB",
                    "@id": "https:\/\/yaracreatyque.fr\/?p=1268#primaryimage",
                    "url": "https:\/\/i0.wp.com\/yaracreatyque.fr\/wp-content\/uploads\/2025\/04\/portrait-de-yarae28093fondatrice-de-trialogue.png?fit=2659%2C984&ssl=1",
                    "contentUrl": "https:\/\/i0.wp.com\/yaracreatyque.fr\/wp-content\/uploads\/2025\/04\/portrait-de-yarae28093fondatrice-de-trialogue.png?fit=2659%2C984&ssl=1",
                    "width": 2659,
                    "height": 984,
                    "caption": "Yara, fondatrice de Trialogue \u2013 un univers o\u00f9 l\u2019art devient chemin int\u00e9rieur."
                },
                {
                    "@type": "BreadcrumbList",
                    "@id": "https:\/\/yaracreatyque.fr\/?p=1268#breadcrumb",
                    "itemListElement": [
                        {
                            "@type": "ListItem",
                            "position": 1,
                            "name": "Accueil",
                            "item": "https:\/\/yaracreatyque.fr\/"
                        },
                        {
                            "@type": "ListItem",
                            "position": 2,
                            "name": "Questions-R\u00e9ponses YARA"
                        }
                    ]
                },
                {
                    "@type": "WebSite",
                    "@id": "https:\/\/yaracreatyque.fr\/#website",
                    "url": "https:\/\/yaracreatyque.fr\/",
                    "name": "Yara Creatyque",
                    "description": "Explorez l&#039;art du coloriage g\u00e9om\u00e9trique et introspectif \u00e0 travers un espace d\u00e9di\u00e9 \u00e0 la cr\u00e9ation et au bien-\u00eatre par le coloriage th\u00e9rapeutique. D\u00e9couvrez des livres de coloriages uniques alliant designs g\u00e9om\u00e9triques modernes et introspection, con\u00e7us pour stimuler la cr\u00e9ativit\u00e9, favoriser la relaxation et encourager l&#039;expression de soi.",
                    "publisher": {
                        "@id": "https:\/\/yaracreatyque.fr\/#organization"
                    },
                    "potentialAction": [
                        {
                            "@type": "SearchAction",
                            "target": {
                                "@type": "EntryPoint",
                                "urlTemplate": "https:\/\/yaracreatyque.fr\/?s={search_term_string}"
                            },
                            "query-input": {
                                "@type": "PropertyValueSpecification",
                                "valueRequired": true,
                                "valueName": "search_term_string"
                            }
                        }
                    ],
                    "inLanguage": "en-GB"
                },
                {
                    "@type": "Organization",
                    "@id": "https:\/\/yaracreatyque.fr\/#organization",
                    "name": "Yara Creatyque",
                    "url": "https:\/\/yaracreatyque.fr\/",
                    "logo": {
                        "@type": "ImageObject",
                        "inLanguage": "en-GB",
                        "@id": "https:\/\/yaracreatyque.fr\/#\/schema\/logo\/image\/",
                        "url": "https:\/\/i0.wp.com\/yaracreatyque.fr\/wp-content\/uploads\/2025\/04\/cropped-logo-yara-creatyque.png?fit=760%2C100&ssl=1",
                        "contentUrl": "https:\/\/i0.wp.com\/yaracreatyque.fr\/wp-content\/uploads\/2025\/04\/cropped-logo-yara-creatyque.png?fit=760%2C100&ssl=1",
                        "width": 760,
                        "height": 100,
                        "caption": "Yara Creatyque"
                    },
                    "image": {
                        "@id": "https:\/\/yaracreatyque.fr\/#\/schema\/logo\/image\/"
                    }
                },
                {
                    "@type": "Person",
                    "@id": "https:\/\/yaracreatyque.fr\/#\/schema\/person\/eb6b12b5443042def80bb9efe0d0b3b1",
                    "name": "Yara",
                    "image": {
                        "@type": "ImageObject",
                        "inLanguage": "en-GB",
                        "@id": "https:\/\/secure.gravatar.com\/avatar\/efd2cac8022c1412d4c307ac3673692a775ca432d7ec66f29449f6befb6dc021?s=96&d=identicon&r=g",
                        "url": "https:\/\/secure.gravatar.com\/avatar\/efd2cac8022c1412d4c307ac3673692a775ca432d7ec66f29449f6befb6dc021?s=96&d=identicon&r=g",
                        "contentUrl": "https:\/\/secure.gravatar.com\/avatar\/efd2cac8022c1412d4c307ac3673692a775ca432d7ec66f29449f6befb6dc021?s=96&d=identicon&r=g",
                        "caption": "Yara"
                    },
                    "description": "Artiste d'illustrations g\u00e9om\u00e9triques et auteure de livres auto-\u00e9dit\u00e9s",
                    "sameAs": [
                        "http:\/\/yaracreatyque.fr"
                    ],
                    "url": "https:\/\/yaracreatyque.fr\/en\/?author=263724410"
                }
            ]
        }
    },
    "jetpack_publicize_connections": [],
    "jetpack_featured_media_url": "https:\/\/i0.wp.com\/yaracreatyque.fr\/wp-content\/uploads\/2025\/04\/portrait-de-yarae28093fondatrice-de-trialogue.png?fit=2659%2C984&ssl=1",
    "jetpack_likes_enabled": true,
    "jetpack_sharing_enabled": true,
    "jetpack_shortlink": "https:\/\/wp.me\/pgr1n1-ks",
    "jetpack-related-posts": [],
    "_links": {
        "self": [
            {
                "href": "https:\/\/yaracreatyque.fr\/en\/index.php?rest_route=\/wp\/v2\/posts\/1268",
                "targetHints": {
                    "allow": [
                        "GET"
                    ]
                }
            }
        ],
        "collection": [
            {
                "href": "https:\/\/yaracreatyque.fr\/en\/index.php?rest_route=\/wp\/v2\/posts"
            }
        ],
        "about": [
            {
                "href": "https:\/\/yaracreatyque.fr\/en\/index.php?rest_route=\/wp\/v2\/types\/post"
            }
        ],
        "author": [
            {
                "embeddable": true,
                "href": "https:\/\/yaracreatyque.fr\/en\/index.php?rest_route=\/wp\/v2\/users\/263724410"
            }
        ],
        "replies": [
            {
                "embeddable": true,
                "href": "https:\/\/yaracreatyque.fr\/en\/index.php?rest_route=%2Fwp%2Fv2%2Fcomments&post=1268"
            }
        ],
        "version-history": [
            {
                "count": 25,
                "href": "https:\/\/yaracreatyque.fr\/en\/index.php?rest_route=\/wp\/v2\/posts\/1268\/revisions"
            }
        ],
        "predecessor-version": [
            {
                "id": 1385,
                "href": "https:\/\/yaracreatyque.fr\/en\/index.php?rest_route=\/wp\/v2\/posts\/1268\/revisions\/1385"
            }
        ],
        "wp:featuredmedia": [
            {
                "embeddable": true,
                "href": "https:\/\/yaracreatyque.fr\/en\/index.php?rest_route=\/wp\/v2\/media\/1352"
            }
        ],
        "wp:attachment": [
            {
                "href": "https:\/\/yaracreatyque.fr\/en\/index.php?rest_route=%2Fwp%2Fv2%2Fmedia&parent=1268"
            }
        ],
        "wp:term": [
            {
                "taxonomy": "category",
                "embeddable": true,
                "href": "https:\/\/yaracreatyque.fr\/en\/index.php?rest_route=%2Fwp%2Fv2%2Fcategories&post=1268"
            },
            {
                "taxonomy": "post_tag",
                "embeddable": true,
                "href": "https:\/\/yaracreatyque.fr\/en\/index.php?rest_route=%2Fwp%2Fv2%2Ftags&post=1268"
            }
        ],
        "curies": [
            {
                "name": "wp",
                "href": "https:\/\/api.w.org\/{rel}",
                "templated": true
            }
        ]
    }
}