{
    "id": 1667,
    "date": "2025-04-06T19:51:12",
    "date_gmt": "2025-04-06T17:51:12",
    "guid": {
        "rendered": "https:\/\/yaracreatyque.fr\/?post_type=product&#038;p=1667"
    },
    "modified": "2026-03-25T16:47:23",
    "modified_gmt": "2026-03-25T15:47:23",
    "slug": "livre-de-coloriages-geometriques",
    "status": "publish",
    "type": "product",
    "link": "https:\/\/yaracreatyque.fr\/en\/?product=livre-de-coloriages-geometriques",
    "title": {
        "rendered": "Livre de Coloriages G\u00e9om\u00e9triques &#8211; \u00c9dition D\u00e9couverte &#8211; PDF \u00e0 imprimer"
    },
    "content": {
        "rendered": "<p style=\"text-align: center;\"><em>Un livre de coloriages g\u00e9om\u00e9triques en \u00e9dition d\u00e9couverte, une fa\u00e7on de s&rsquo;offrir un moment de relaxation et de d\u00e9tente cr\u00e9ative pour un mieux-\u00eatre durable et d\u00e9veloppant.<br \/>\n<\/em><\/p>\n<h3><\/h3>\n<figure id=\"attachment_2555\" aria-describedby=\"caption-attachment-2555\" style=\"width: 970px\" class=\"wp-caption aligncenter\"><img data-recalc-dims=\"1\" loading=\"lazy\" decoding=\"async\" data-attachment-id=\"2555\" data-permalink=\"https:\/\/yaracreatyque.fr\/en\/?attachment_id=2555\" data-orig-file=\"https:\/\/i0.wp.com\/yaracreatyque.fr\/wp-content\/uploads\/2025\/05\/Livres-de-coloriages-geometriques-Yara-Creatyque.jpg?fit=970%2C600&amp;ssl=1\" data-orig-size=\"970,600\" data-comments-opened=\"1\" data-image-meta=\"{&quot;aperture&quot;:&quot;0&quot;,&quot;credit&quot;:&quot;&quot;,&quot;camera&quot;:&quot;&quot;,&quot;caption&quot;:&quot;&quot;,&quot;created_timestamp&quot;:&quot;0&quot;,&quot;copyright&quot;:&quot;&quot;,&quot;focal_length&quot;:&quot;0&quot;,&quot;iso&quot;:&quot;0&quot;,&quot;shutter_speed&quot;:&quot;0&quot;,&quot;title&quot;:&quot;&quot;,&quot;orientation&quot;:&quot;1&quot;}\" data-image-title=\"Livres de coloriages ge\u0301ome\u0301triques &amp;#8211; Yara Creatyque\" data-image-description=\"&lt;p&gt;Livre de coloriages g\u00e9om\u00e9triques de Yara Creatyque, 3 th\u00e8mes : Animaux, Portraits et Pr\u00e9histoire formant la s\u00e9rie \u00ab\u00a0art g\u00e9om\u00e9trique \u00e0 colorier\u00a0\u00bb&lt;\/p&gt;\" data-image-caption=\"&lt;p&gt;Livres de coloriages g\u00e9om\u00e9triques de Yara Creatyque, 3 th\u00e8mes : Animaux, Portraits et Pr\u00e9histoire&lt;\/p&gt;\" data-large-file=\"https:\/\/i0.wp.com\/yaracreatyque.fr\/wp-content\/uploads\/2025\/05\/Livres-de-coloriages-geometriques-Yara-Creatyque.jpg?fit=970%2C600&amp;ssl=1\" class=\"wp-image-2555 size-full\" src=\"https:\/\/i0.wp.com\/yaracreatyque.fr\/wp-content\/uploads\/2025\/05\/Livres-de-coloriages-geometriques-Yara-Creatyque.jpg?resize=970%2C600&#038;ssl=1\" alt=\"Livres de coloriages g\u00e9om\u00e9triques \u00e0 imprimer de Yara Creatyque, 3 th\u00e8mes : Animaux, Portraits et Pr\u00e9histoire\" width=\"970\" height=\"600\" srcset=\"https:\/\/i0.wp.com\/yaracreatyque.fr\/wp-content\/uploads\/2025\/05\/Livres-de-coloriages-geometriques-Yara-Creatyque.jpg?w=970&amp;ssl=1 970w, https:\/\/i0.wp.com\/yaracreatyque.fr\/wp-content\/uploads\/2025\/05\/Livres-de-coloriages-geometriques-Yara-Creatyque.jpg?resize=300%2C186&amp;ssl=1 300w, https:\/\/i0.wp.com\/yaracreatyque.fr\/wp-content\/uploads\/2025\/05\/Livres-de-coloriages-geometriques-Yara-Creatyque.jpg?resize=768%2C475&amp;ssl=1 768w, https:\/\/i0.wp.com\/yaracreatyque.fr\/wp-content\/uploads\/2025\/05\/Livres-de-coloriages-geometriques-Yara-Creatyque.jpg?resize=18%2C12&amp;ssl=1 18w, https:\/\/i0.wp.com\/yaracreatyque.fr\/wp-content\/uploads\/2025\/05\/Livres-de-coloriages-geometriques-Yara-Creatyque.jpg?resize=600%2C371&amp;ssl=1 600w\" sizes=\"auto, (max-width: 970px) 100vw, 970px\" \/><figcaption id=\"caption-attachment-2555\" class=\"wp-caption-text\">Livres de coloriages g\u00e9om\u00e9triques de Yara Creatyque, 3 th\u00e8mes : Animaux, Portraits et Pr\u00e9histoire<\/figcaption><\/figure>\n<p>&nbsp;<\/p>\n<figure id=\"attachment_2937\" aria-describedby=\"caption-attachment-2937\" style=\"width: 300px\" class=\"wp-caption aligncenter\"><img data-recalc-dims=\"1\" loading=\"lazy\" decoding=\"async\" data-attachment-id=\"2937\" data-permalink=\"https:\/\/yaracreatyque.fr\/en\/?attachment_id=2937\" data-orig-file=\"https:\/\/i0.wp.com\/yaracreatyque.fr\/wp-content\/uploads\/2025\/08\/Code-promo-yara15-coloriages-imprimables-yara-creatyque.png?fit=2000%2C2000&amp;ssl=1\" data-orig-size=\"2000,2000\" data-comments-opened=\"1\" data-image-meta=\"{&quot;aperture&quot;:&quot;0&quot;,&quot;credit&quot;:&quot;&quot;,&quot;camera&quot;:&quot;&quot;,&quot;caption&quot;:&quot;&quot;,&quot;created_timestamp&quot;:&quot;0&quot;,&quot;copyright&quot;:&quot;&quot;,&quot;focal_length&quot;:&quot;0&quot;,&quot;iso&quot;:&quot;0&quot;,&quot;shutter_speed&quot;:&quot;0&quot;,&quot;title&quot;:&quot;&quot;,&quot;orientation&quot;:&quot;0&quot;}\" data-image-title=\"Code promo yara15 coloriages imprimables yara creatyque\" data-image-description=\"&lt;p&gt;code promotionnel -15% sur les livres de coloriages g\u00e9om\u00e9triques de Yara Creatyque&lt;\/p&gt;\" data-image-caption=\"&lt;p&gt;Une occasion de se faire plaisir \u00e0 volont\u00e9&lt;\/p&gt;\" data-large-file=\"https:\/\/i0.wp.com\/yaracreatyque.fr\/wp-content\/uploads\/2025\/08\/Code-promo-yara15-coloriages-imprimables-yara-creatyque.png?fit=1024%2C1024&amp;ssl=1\" class=\"wp-image-2937 size-medium\" src=\"https:\/\/i0.wp.com\/yaracreatyque.fr\/wp-content\/uploads\/2025\/08\/Code-promo-yara15-coloriages-imprimables-yara-creatyque-300x300.png?resize=300%2C300&#038;ssl=1\" alt=\"code promotionnel -15% sur les livres de coloriages g\u00e9om\u00e9triques \u00e0 imprimer de Yara Creatyque\" width=\"300\" height=\"300\" srcset=\"https:\/\/i0.wp.com\/yaracreatyque.fr\/wp-content\/uploads\/2025\/08\/Code-promo-yara15-coloriages-imprimables-yara-creatyque.png?resize=300%2C300&amp;ssl=1 300w, https:\/\/i0.wp.com\/yaracreatyque.fr\/wp-content\/uploads\/2025\/08\/Code-promo-yara15-coloriages-imprimables-yara-creatyque.png?resize=1024%2C1024&amp;ssl=1 1024w, https:\/\/i0.wp.com\/yaracreatyque.fr\/wp-content\/uploads\/2025\/08\/Code-promo-yara15-coloriages-imprimables-yara-creatyque.png?resize=150%2C150&amp;ssl=1 150w, https:\/\/i0.wp.com\/yaracreatyque.fr\/wp-content\/uploads\/2025\/08\/Code-promo-yara15-coloriages-imprimables-yara-creatyque.png?resize=768%2C768&amp;ssl=1 768w, https:\/\/i0.wp.com\/yaracreatyque.fr\/wp-content\/uploads\/2025\/08\/Code-promo-yara15-coloriages-imprimables-yara-creatyque.png?resize=1536%2C1536&amp;ssl=1 1536w, https:\/\/i0.wp.com\/yaracreatyque.fr\/wp-content\/uploads\/2025\/08\/Code-promo-yara15-coloriages-imprimables-yara-creatyque.png?resize=12%2C12&amp;ssl=1 12w, https:\/\/i0.wp.com\/yaracreatyque.fr\/wp-content\/uploads\/2025\/08\/Code-promo-yara15-coloriages-imprimables-yara-creatyque.png?resize=1200%2C1200&amp;ssl=1 1200w, https:\/\/i0.wp.com\/yaracreatyque.fr\/wp-content\/uploads\/2025\/08\/Code-promo-yara15-coloriages-imprimables-yara-creatyque.png?resize=800%2C800&amp;ssl=1 800w, https:\/\/i0.wp.com\/yaracreatyque.fr\/wp-content\/uploads\/2025\/08\/Code-promo-yara15-coloriages-imprimables-yara-creatyque.png?resize=600%2C600&amp;ssl=1 600w, https:\/\/i0.wp.com\/yaracreatyque.fr\/wp-content\/uploads\/2025\/08\/Code-promo-yara15-coloriages-imprimables-yara-creatyque.png?resize=400%2C400&amp;ssl=1 400w, https:\/\/i0.wp.com\/yaracreatyque.fr\/wp-content\/uploads\/2025\/08\/Code-promo-yara15-coloriages-imprimables-yara-creatyque.png?resize=200%2C200&amp;ssl=1 200w, https:\/\/i0.wp.com\/yaracreatyque.fr\/wp-content\/uploads\/2025\/08\/Code-promo-yara15-coloriages-imprimables-yara-creatyque.png?resize=100%2C100&amp;ssl=1 100w, https:\/\/i0.wp.com\/yaracreatyque.fr\/wp-content\/uploads\/2025\/08\/Code-promo-yara15-coloriages-imprimables-yara-creatyque.png?resize=50%2C50&amp;ssl=1 50w, https:\/\/i0.wp.com\/yaracreatyque.fr\/wp-content\/uploads\/2025\/08\/Code-promo-yara15-coloriages-imprimables-yara-creatyque.png?w=2000&amp;ssl=1 2000w\" sizes=\"auto, (max-width: 300px) 100vw, 300px\" \/><figcaption id=\"caption-attachment-2937\" class=\"wp-caption-text\">Une occasion de se faire plaisir \u00e0 volont\u00e9<\/figcaption><\/figure>\n<h3 data-start=\"467\" data-end=\"505\"><\/h3>\n<h3 data-start=\"467\" data-end=\"505\"><\/h3>\n<h3 class=\"\" style=\"text-align: center;\" data-start=\"467\" data-end=\"505\">Un voyage artistique \u00e0 d\u00e9couvrir<\/h3>\n<p class=\"\" data-start=\"507\" data-end=\"692\">Yara Creatyque, artiste passionn\u00e9e par l\u2019intemporalit\u00e9 des formes g\u00e9om\u00e9triques et l\u2019esth\u00e9tique des triangles, vous propose ses cr\u00e9ations inspir\u00e9es par la nature, l\u2019histoire et l\u2019humain.<\/p>\n<p class=\"\" data-start=\"694\" data-end=\"771\">La s\u00e9rie <em data-start=\"703\" data-end=\"731\">Art G\u00e9om\u00e9trique \u00e0 Colorier<\/em> vous invite \u00e0 explorer trois th\u00e8mes :<\/p>\n<ul data-start=\"772\" data-end=\"826\">\n<li class=\"\" data-start=\"772\" data-end=\"788\">\n<p class=\"\" data-start=\"774\" data-end=\"788\"><strong data-start=\"774\" data-end=\"785\">Animaux<\/strong>,<\/p>\n<\/li>\n<li class=\"\" data-start=\"789\" data-end=\"807\">\n<p class=\"\" data-start=\"791\" data-end=\"807\"><strong data-start=\"791\" data-end=\"804\">Portraits<\/strong>,<\/p>\n<\/li>\n<li class=\"\" data-start=\"808\" data-end=\"826\">\n<p class=\"\" data-start=\"810\" data-end=\"826\"><strong data-start=\"810\" data-end=\"825\">Pr\u00e9histoire<\/strong>.<\/p>\n<\/li>\n<\/ul>\n<p>&nbsp;<\/p>\n<p>&nbsp;<\/p>\n<figure id=\"attachment_2744\" aria-describedby=\"caption-attachment-2744\" style=\"width: 724px\" class=\"wp-caption aligncenter\"><img data-recalc-dims=\"1\" loading=\"lazy\" decoding=\"async\" data-attachment-id=\"2744\" data-permalink=\"https:\/\/yaracreatyque.fr\/en\/?attachment_id=2744\" data-orig-file=\"https:\/\/i0.wp.com\/yaracreatyque.fr\/wp-content\/uploads\/2025\/04\/Livre-de-coloriages-Geometriques-Edition-Decouverte-Yara-Creatyque-Format-imprimable-Couverture.png?fit=1414%2C2000&amp;ssl=1\" data-orig-size=\"1414,2000\" data-comments-opened=\"1\" data-image-meta=\"{&quot;aperture&quot;:&quot;0&quot;,&quot;credit&quot;:&quot;&quot;,&quot;camera&quot;:&quot;&quot;,&quot;caption&quot;:&quot;&quot;,&quot;created_timestamp&quot;:&quot;0&quot;,&quot;copyright&quot;:&quot;&quot;,&quot;focal_length&quot;:&quot;0&quot;,&quot;iso&quot;:&quot;0&quot;,&quot;shutter_speed&quot;:&quot;0&quot;,&quot;title&quot;:&quot;&quot;,&quot;orientation&quot;:&quot;0&quot;}\" data-image-title=\"Livre de coloriages Ge\u0301ome\u0301triques &amp;#8211; E\u0301dition De\u0301couverte &amp;#8211; Yara Creatyque &amp;#8211; Format imprimable Couverture\" data-image-description=\"&lt;p&gt;Offrez-vous un \u00e9chantillon des trois th\u00e8mes de Yara Creatyque \u00e0 travers cette \u00e9dition d\u00e9couverte \u00e0 imprimer \u00e0 volont\u00e9&lt;\/p&gt;\" data-image-caption=\"&lt;p&gt;PDF livre de coloriages geometriques t\u00e9l\u00e9chargeable imprimable \u00e0 volont\u00e9, \u00e9chantillon des trois th\u00e8mes de Yara Creatyque&lt;\/p&gt;\" data-large-file=\"https:\/\/i0.wp.com\/yaracreatyque.fr\/wp-content\/uploads\/2025\/04\/Livre-de-coloriages-Geometriques-Edition-Decouverte-Yara-Creatyque-Format-imprimable-Couverture.png?fit=724%2C1024&amp;ssl=1\" class=\"wp-image-2744 size-large\" src=\"https:\/\/i0.wp.com\/yaracreatyque.fr\/wp-content\/uploads\/2025\/04\/Livre-de-coloriages-Geometriques-Edition-Decouverte-Yara-Creatyque-Format-imprimable-Couverture.png?resize=724%2C1024&#038;ssl=1\" alt=\"Couverture livre de coloriages geometriques \u00e0 imprimer format decouverte par Yara Creatyque\" width=\"724\" height=\"1024\" srcset=\"https:\/\/i0.wp.com\/yaracreatyque.fr\/wp-content\/uploads\/2025\/04\/Livre-de-coloriages-Geometriques-Edition-Decouverte-Yara-Creatyque-Format-imprimable-Couverture.png?resize=724%2C1024&amp;ssl=1 724w, https:\/\/i0.wp.com\/yaracreatyque.fr\/wp-content\/uploads\/2025\/04\/Livre-de-coloriages-Geometriques-Edition-Decouverte-Yara-Creatyque-Format-imprimable-Couverture.png?resize=212%2C300&amp;ssl=1 212w, https:\/\/i0.wp.com\/yaracreatyque.fr\/wp-content\/uploads\/2025\/04\/Livre-de-coloriages-Geometriques-Edition-Decouverte-Yara-Creatyque-Format-imprimable-Couverture.png?resize=768%2C1086&amp;ssl=1 768w, https:\/\/i0.wp.com\/yaracreatyque.fr\/wp-content\/uploads\/2025\/04\/Livre-de-coloriages-Geometriques-Edition-Decouverte-Yara-Creatyque-Format-imprimable-Couverture.png?resize=1086%2C1536&amp;ssl=1 1086w, https:\/\/i0.wp.com\/yaracreatyque.fr\/wp-content\/uploads\/2025\/04\/Livre-de-coloriages-Geometriques-Edition-Decouverte-Yara-Creatyque-Format-imprimable-Couverture.png?resize=8%2C12&amp;ssl=1 8w, https:\/\/i0.wp.com\/yaracreatyque.fr\/wp-content\/uploads\/2025\/04\/Livre-de-coloriages-Geometriques-Edition-Decouverte-Yara-Creatyque-Format-imprimable-Couverture.png?resize=600%2C849&amp;ssl=1 600w, https:\/\/i0.wp.com\/yaracreatyque.fr\/wp-content\/uploads\/2025\/04\/Livre-de-coloriages-Geometriques-Edition-Decouverte-Yara-Creatyque-Format-imprimable-Couverture.png?w=1414&amp;ssl=1 1414w\" sizes=\"auto, (max-width: 724px) 100vw, 724px\" \/><figcaption id=\"caption-attachment-2744\" class=\"wp-caption-text\">PDF livre de coloriages g\u00e9om\u00e9triques t\u00e9l\u00e9chargeable imprimable \u00e0 volont\u00e9, \u00e9chantillon des trois th\u00e8mes de Yara Creatyque<\/figcaption><\/figure>\n<p data-start=\"828\" data-end=\"1009\">\n<p data-start=\"828\" data-end=\"1009\">\n<p class=\"\" style=\"text-align: center;\" data-start=\"828\" data-end=\"1009\"><em>Cette <strong data-start=\"834\" data-end=\"856\">\u00e9dition d\u00e9couverte<\/strong> est une porte d\u2019entr\u00e9e douce pour rencontrer son univers, pens\u00e9 pour offrir un espace de concentration, d\u2019expression personnelle et de d\u00e9tente cr\u00e9ative.<\/em><\/p>\n<h3 class=\"\" style=\"text-align: center;\" data-start=\"1016\" data-end=\"1077\">Ce que vous trouverez dans ce livre de coloriages g\u00e9om\u00e9triques :<\/h3>\n<ul data-start=\"1079\" data-end=\"1470\">\n<li class=\"\" data-start=\"1079\" data-end=\"1151\">\n<p class=\"\" data-start=\"1081\" data-end=\"1151\"><strong data-start=\"1081\" data-end=\"1136\">15 illustrations exclusives \u00e0 colorier<\/strong> (5 par th\u00e8me),<\/p>\n<\/li>\n<li class=\"\" data-start=\"1152\" data-end=\"1220\">\n<p class=\"\" data-start=\"1154\" data-end=\"1220\"><strong data-start=\"1154\" data-end=\"1189\">9 mod\u00e8les \u00e0 compl\u00e9ter librement, <\/strong><span data-tt=\"{&quot;paragraphStyle&quot;:{&quot;alignment&quot;:4,&quot;style&quot;:100,&quot;indent&quot;:1}}\">une structure pour des cr\u00e9ations uniques et personnelles<\/span><\/p>\n<\/li>\n<li class=\"\" data-start=\"1221\" data-end=\"1307\">\n<p class=\"\" data-start=\"1223\" data-end=\"1307\"><strong data-start=\"1223\" data-end=\"1263\">Un fichier PDF imprimable \u00e0 l\u2019infini<\/strong> (format A4 recommand\u00e9, papier 100-120g\/m\u00b2),<\/p>\n<\/li>\n<li class=\"\" data-start=\"1308\" data-end=\"1394\">\n<p class=\"\" data-start=\"1310\" data-end=\"1394\"><strong data-start=\"1310\" data-end=\"1333\">Un style distinctif<\/strong> : triangles, sym\u00e9trie, lignes douces et structures subtiles,<\/p>\n<\/li>\n<li class=\"\" data-start=\"1395\" data-end=\"1470\">\n<p class=\"\" data-start=\"1397\" data-end=\"1470\"><strong data-start=\"1397\" data-end=\"1469\">Des instants de recentrage, de plaisir simple et de libert\u00e9 cr\u00e9ative<\/strong>.<\/p>\n<\/li>\n<\/ul>\n<p>&nbsp;<\/p>\n<p>&nbsp;<\/p>\n<h3 class=\"\" style=\"text-align: center;\" data-start=\"1477\" data-end=\"1503\">Pourquoi colorier ?<\/h3>\n<p class=\"\" data-start=\"1505\" data-end=\"1549\">Colorier est une pratique accessible qui :<\/p>\n<ul data-start=\"1550\" data-end=\"1920\">\n<li class=\"\" data-start=\"1550\" data-end=\"1615\">\n<p class=\"\" data-start=\"1552\" data-end=\"1615\"><strong data-start=\"1552\" data-end=\"1586\">R\u00e9duit naturellement le stress<\/strong> en focalisant l\u2019attention,<\/p>\n<\/li>\n<li class=\"\" data-start=\"1616\" data-end=\"1693\">\n<p class=\"\" data-start=\"1618\" data-end=\"1693\"><strong data-start=\"1618\" data-end=\"1649\">Favorise la d\u00e9tente mentale<\/strong> et le ralentissement du rythme int\u00e9rieur,<\/p>\n<\/li>\n<li class=\"\" data-start=\"1694\" data-end=\"1771\">\n<p class=\"\" data-start=\"1696\" data-end=\"1771\"><strong data-start=\"1696\" data-end=\"1732\">Stimule la coordination \u0153il-main<\/strong> et l\u2019ancrage dans le moment pr\u00e9sent,<\/p>\n<\/li>\n<li class=\"\" data-start=\"1772\" data-end=\"1843\">\n<p class=\"\" data-start=\"1774\" data-end=\"1843\"><strong data-start=\"1774\" data-end=\"1813\">Cr\u00e9e un sentiment d\u2019accomplissement<\/strong> et nourrit l\u2019estime de soi,<\/p>\n<\/li>\n<li class=\"\" data-start=\"1844\" data-end=\"1920\">\n<p class=\"\" data-start=\"1846\" data-end=\"1920\"><strong data-start=\"1846\" data-end=\"1887\">Laisse \u00e9merger les ressentis profonds<\/strong>, m\u00eame sans avoir besoin de mots.<\/p>\n<\/li>\n<\/ul>\n<p class=\"\" style=\"text-align: center;\" data-start=\"1922\" data-end=\"2007\"><em>Un moyen doux et naturel pour prendre soin de soi et retrouver un rythme plus apais\u00e9.<\/em><\/p>\n<h3 data-start=\"2014\" data-end=\"2044\"><\/h3>\n<h3 class=\"\" style=\"text-align: center;\" data-start=\"2014\" data-end=\"2044\">Pourquoi la g\u00e9om\u00e9trie ?<\/h3>\n<p class=\"\" data-start=\"2046\" data-end=\"2124\">Les formes g\u00e9om\u00e9triques apportent un effet structurant qui soutient l\u2019esprit :<\/p>\n<ul data-start=\"2126\" data-end=\"2460\">\n<li class=\"\" data-start=\"2126\" data-end=\"2206\">\n<p class=\"\" data-start=\"2128\" data-end=\"2206\"><strong data-start=\"2128\" data-end=\"2143\">La sym\u00e9trie<\/strong> : cr\u00e9e un cadre visuel stable qui rassure et calme le cerveau.<\/p>\n<\/li>\n<li class=\"\" data-start=\"2207\" data-end=\"2306\">\n<p class=\"\" data-start=\"2209\" data-end=\"2306\"><strong data-start=\"2209\" data-end=\"2237\">La r\u00e9p\u00e9tition des motifs<\/strong> : invite \u00e0 la r\u00e9gularit\u00e9 mentale et favorise un rel\u00e2chement profond.<\/p>\n<\/li>\n<li class=\"\" data-start=\"2307\" data-end=\"2460\">\n<p class=\"\" data-start=\"2309\" data-end=\"2460\"><strong data-start=\"2309\" data-end=\"2338\">La structure triangulaire<\/strong> : \u00e9quilibre la logique (h\u00e9misph\u00e8re gauche) et l\u2019intuition (h\u00e9misph\u00e8re droit), stimulant une harmonie c\u00e9r\u00e9brale naturelle.<\/p>\n<\/li>\n<\/ul>\n<p>&nbsp;<\/p>\n<p>&nbsp;<\/p>\n<h3 class=\"\" style=\"text-align: center;\" data-start=\"2870\" data-end=\"2887\">Pour qui ?<\/h3>\n<p class=\"\" data-start=\"2889\" data-end=\"2921\">Cette pratique est id\u00e9ale pour :<\/p>\n<ul data-start=\"2923\" data-end=\"3426\">\n<li class=\"\" data-start=\"2923\" data-end=\"3002\">\n<p class=\"\" data-start=\"2925\" data-end=\"3002\"><strong data-start=\"2925\" data-end=\"2999\">Celles et ceux qui recherchent une activit\u00e9 relaxante, douce et guid\u00e9e<\/strong>,<\/p>\n<\/li>\n<li class=\"\" data-start=\"3003\" data-end=\"3103\">\n<p class=\"\" data-start=\"3005\" data-end=\"3103\"><strong data-start=\"3005\" data-end=\"3061\">Les personnes souhaitant s&rsquo;offrir un moment pour soi<\/strong>, loin des \u00e9crans et du bruit quotidien,<\/p>\n<\/li>\n<li class=\"\" data-start=\"3104\" data-end=\"3171\">\n<p class=\"\" data-start=\"3106\" data-end=\"3171\"><strong data-start=\"3106\" data-end=\"3168\">Ceux qui souhaitent stimuler leur cr\u00e9ativit\u00e9 sans pression<\/strong>,<\/p>\n<\/li>\n<li class=\"\" data-start=\"3172\" data-end=\"3292\">\n<p class=\"\" data-start=\"3174\" data-end=\"3292\"><strong data-start=\"3174\" data-end=\"3209\">Les adultes, enfants ou seniors<\/strong> en qu\u00eate de bien-\u00eatre, de concentration douce et de stimulation de l\u2019imaginaire,<\/p>\n<\/li>\n<li class=\"\" data-start=\"3293\" data-end=\"3426\">\n<p class=\"\" data-start=\"3295\" data-end=\"3426\"><strong data-start=\"3295\" data-end=\"3372\">Toute personne sensible au graphisme, \u00e0 la g\u00e9om\u00e9trie ou \u00e0 l\u2019art m\u00e9ditatif<\/strong>, en qu\u00eate d&rsquo;une exp\u00e9rience diff\u00e9rente et authentique.<\/p>\n<\/li>\n<\/ul>\n<p>&nbsp;<\/p>\n<p class=\"\" style=\"text-align: center;\" data-start=\"3428\" data-end=\"3528\"><em>Un cadeau \u00e0 s&rsquo;offrir ou \u00e0 offrir pour soutenir la d\u00e9tente, la cr\u00e9ativit\u00e9 et la joie simple de cr\u00e9er.<\/em><\/p>\n<h3 data-start=\"3535\" data-end=\"3581\"><\/h3>\n<h3 class=\"\" style=\"text-align: center;\" data-start=\"3535\" data-end=\"3581\">Et si vous souhaitez aller plus loin&#8230;<\/h3>\n<p class=\"\" data-start=\"3583\" data-end=\"3637\">Colorier, c\u2019est aussi <strong data-start=\"3605\" data-end=\"3636\">ouvrir une porte int\u00e9rieure<\/strong>.<\/p>\n<p class=\"\" data-start=\"3639\" data-end=\"3702\">Chaque mod\u00e8le peut devenir un support d\u2019introspection douce :<\/p>\n<ul data-start=\"3703\" data-end=\"3830\">\n<li class=\"\" data-start=\"3703\" data-end=\"3725\">\n<p class=\"\" data-start=\"3705\" data-end=\"3725\">Reconnexion \u00e0 soi,<\/p>\n<\/li>\n<li class=\"\" data-start=\"3726\" data-end=\"3759\">\n<p class=\"\" data-start=\"3728\" data-end=\"3759\">\u00c9coute du dialogue int\u00e9rieur,<\/p>\n<\/li>\n<li class=\"\" data-start=\"3760\" data-end=\"3830\">\n<p class=\"\" data-start=\"3762\" data-end=\"3830\">Observation des \u00e9motions \u00e9mergentes \u00e0 travers les choix de couleurs.<\/p>\n<\/li>\n<\/ul>\n<p class=\"\" data-start=\"3832\" data-end=\"4013\">Pour celles et ceux qui souhaitent approfondir ce chemin cr\u00e9atif et introspectif,<br data-start=\"3913\" data-end=\"3916\" \/>d&rsquo;autres carnets vous attendent dans la s\u00e9rie :<br data-start=\"3963\" data-end=\"3966\" \/><em data-start=\"3966\" data-end=\"4012\">Un chemin vers soi par l\u2019expression cr\u00e9ative<\/em>.<\/p>\n<p class=\"\" data-start=\"4015\" data-end=\"4032\">Ils proposent :<\/p>\n<ul data-start=\"4033\" data-end=\"4223\">\n<li class=\"\" data-start=\"4033\" data-end=\"4085\">\n<p class=\"\" data-start=\"4035\" data-end=\"4085\">Des espaces d\u2019\u00e9criture pour noter ses ressentis,<\/p>\n<\/li>\n<li class=\"\" data-start=\"4086\" data-end=\"4130\">\n<p class=\"\" data-start=\"4088\" data-end=\"4130\">Des guides d\u2019observation de la cr\u00e9ation,<\/p>\n<\/li>\n<li class=\"\" data-start=\"4131\" data-end=\"4223\">\n<p class=\"\" data-start=\"4133\" data-end=\"4223\">Un accompagnement bienveillant pour donner sens et profondeur \u00e0 votre pratique artistique.<\/p>\n<\/li>\n<\/ul>\n<p>&nbsp;<\/p>\n<hr class=\"\" data-start=\"4225\" data-end=\"4228\" \/>\n<p class=\"\" data-start=\"4230\" data-end=\"4279\">\ud83c\udfa8 <strong data-start=\"4233\" data-end=\"4258\">Cr\u00e9er pour se r\u00e9v\u00e9ler<\/strong><br data-start=\"4258\" data-end=\"4261\" \/>\u2013 <em data-start=\"4263\" data-end=\"4279\">Yara Creatyque<\/em><\/p>\n<p class=\"\" data-start=\"4281\" data-end=\"4370\"><strong data-start=\"4281\" data-end=\"4370\">\ud83d\udc49 D\u00e9couvrez l\u2019ensemble de l\u2019univers et des ressources en parcourant le site : yaracreatyque.fr<\/strong><\/p>\n<p>&nbsp;<\/p>\n<p>&nbsp;<\/p>\n<p>&nbsp;<\/p>\n<h3 style=\"text-align: center;\">Un autre format pour ce livre de coloriages g\u00e9om\u00e9triques &#8211; D\u00e9couverte ?<\/h3>\n<p style=\"text-align: center;\">Retrouvez le livre en <strong>format broch\u00e9<\/strong>, imprim\u00e9 \u00e0 la demande par Amazon et disponible en livraison Prime directement sur :<\/p>\n<p><iframe loading=\"lazy\" title=\"Coloriages G\u00e9om\u00e9triques: \u00c9dition sp\u00e9ciale - D\u00e9couverte des collections\" type=\"text\/html\" width=\"500\" height=\"550\" frameborder=\"0\" allowfullscreen style=\"max-width:100%\" src=\"https:\/\/lire.amazon.fr\/kp\/card?preview=inline&#038;linkCode=kpd&#038;ref_=k4w_oembed_KyLt1C8PLtbL2J&#038;asin=B0DNXMVB2V&#038;tag=kpembed-20\"><\/iframe><\/p>\n<p>&nbsp;<\/p>\n<p>&nbsp;<\/p>\n<p>&nbsp;<\/p>\n<h3 style=\"text-align: center;\">Visiter la page d\u00e9di\u00e9e aux livres de coloriages g\u00e9om\u00e9triques :<\/h3>\n<p>&nbsp;<\/p>\n<blockquote class=\"wp-embedded-content\" data-secret=\"KTa1SgeuJ1\"><p><a href=\"https:\/\/yaracreatyque.fr\/en\/?page_id=251\">Livres de Coloriages G\u00e9om\u00e9triques<\/a><\/p><\/blockquote>\n<p><iframe loading=\"lazy\" class=\"wp-embedded-content\" sandbox=\"allow-scripts\" security=\"restricted\" style=\"position: absolute; visibility: hidden;\" title=\"\u00ab\u00a0Livres de Coloriages G\u00e9om\u00e9triques\u00a0\u00bb &#8212; Yara Creatyque\" src=\"https:\/\/yaracreatyque.fr\/?page_id=251&#038;embed=true#?secret=wNhamKsiGV#?secret=KTa1SgeuJ1\" data-secret=\"KTa1SgeuJ1\" width=\"500\" height=\"282\" frameborder=\"0\" marginwidth=\"0\" marginheight=\"0\" scrolling=\"no\"><\/iframe><\/p>\n<p>&nbsp;<\/p>\n<p>&nbsp;<\/p>\n<p>&nbsp;<\/p>\n<p style=\"text-align: center;\"><em>Merci de votre visite et de votre int\u00e9r\u00eat pour mon univers cr\u00e9atif.<\/em><\/p>\n<p style=\"text-align: center;\"><em>Au plaisir de vous accompagner dans votre moment de relaxation cr\u00e9ative.<\/em><\/p>",
        "protected": false
    },
    "excerpt": {
        "rendered": "<p>Une d\u00e9couverte de l&rsquo;univers de Yara Creatyque \u00e0 travers une s\u00e9lection de 15 mod\u00e8les \u00e0 colorer et 9 supports de cr\u00e9ation libre \u00e0 imprimer.<\/p>\n<p>Explorez ses 3 th\u00e8mes : Animaux &#8211; Portraits &#8211; Pr\u00e9histoire &#8211; \u00e0 travers des designs g\u00e9om\u00e9triques originaux pour accompagner votre relaxation cr\u00e9ative.<\/p>",
        "protected": false
    },
    "featured_media": 2433,
    "comment_status": "open",
    "ping_status": "closed",
    "template": "",
    "meta": {
        "_crdt_document": "",
        "jetpack_publicize_message": "",
        "jetpack_publicize_feature_enabled": true,
        "jetpack_social_post_already_shared": true,
        "jetpack_social_options": {
            "image_generator_settings": {
                "template": "highway",
                "default_image_id": 0,
                "font": "",
                "enabled": false
            },
            "version": 2
        },
        "_wpas_customize_per_network": false
    },
    "product_brand": [
        779433982
    ],
    "product_cat": [
        779433981
    ],
    "product_tag": [
        779433993,
        779433995,
        779433992,
        779433989,
        779433996,
        779433988,
        779433984,
        779433985,
        779433983,
        779434012,
        779433986,
        779433997,
        779433990,
        779433991,
        779433987,
        779434011,
        779433994
    ],
    "class_list": {
        "0": "post-1667",
        "1": "product",
        "2": "type-product",
        "3": "status-publish",
        "4": "has-post-thumbnail",
        "6": "product_brand-yara-creatyque",
        "7": "product_cat-livres-de-coloriages-geometriques-telechargeables",
        "8": "product_tag-activite-anti-stress",
        "9": "product_tag-art-geometrique-a-colorier",
        "10": "product_tag-coloriage-adulte",
        "11": "product_tag-coloriage-animaux",
        "12": "product_tag-coloriage-artistique",
        "13": "product_tag-coloriage-a-imprimer",
        "14": "product_tag-coloriage-creatif",
        "15": "product_tag-coloriage-detente",
        "16": "product_tag-coloriage-geometrique",
        "17": "product_tag-coloriage-geometrique-a-imprimer",
        "18": "product_tag-coloriage-meditatif",
        "19": "product_tag-coloriage-moderne",
        "20": "product_tag-coloriage-portrait",
        "21": "product_tag-coloriage-prehistoire",
        "22": "product_tag-coloriage-telechargeable",
        "23": "product_tag-coloriages-a-imprimer",
        "24": "product_tag-relaxation-creative",
        "26": "first",
        "27": "instock",
        "28": "downloadable",
        "29": "virtual",
        "30": "purchasable",
        "31": "product-type-simple"
    },
    "yoast_head": "<!-- This site is optimized with the Yoast SEO plugin v27.5 - https:\/\/yoast.com\/product\/yoast-seo-wordpress\/ -->\n<title>Livre de coloriages g\u00e9om\u00e9triques - D\u00e9couverte - Yara Creatyque<\/title>\n<meta name=\"description\" content=\"Livre de coloriages g\u00e9om\u00e9triques pour adultes \u00e0 imprimer: 15 mod\u00e8les \u00e0 colorier, 9 \u00e0 cr\u00e9er, pour une d\u00e9tente cr\u00e9ative et un moment d\u2019expression personnelle.\" \/>\n<meta name=\"robots\" content=\"index, follow, max-snippet:-1, max-image-preview:large, max-video-preview:-1\" \/>\n<link rel=\"canonical\" href=\"https:\/\/yaracreatyque.fr\/en\/?product=livre-de-coloriages-geometriques\" \/>\n<meta property=\"og:locale\" content=\"en_GB\" \/>\n<meta property=\"og:type\" content=\"article\" \/>\n<meta property=\"og:title\" content=\"Livre de coloriages g\u00e9om\u00e9triques - D\u00e9couverte - Yara Creatyque\" \/>\n<meta property=\"og:description\" content=\"Livre de coloriages g\u00e9om\u00e9triques pour adultes \u00e0 imprimer: 15 mod\u00e8les \u00e0 colorier, 9 \u00e0 cr\u00e9er, pour une d\u00e9tente cr\u00e9ative et un moment d\u2019expression personnelle.\" \/>\n<meta property=\"og:url\" content=\"https:\/\/yaracreatyque.fr\/en\/?product=livre-de-coloriages-geometriques\" \/>\n<meta property=\"og:site_name\" content=\"Yara Creatyque\" \/>\n<meta property=\"article:modified_time\" content=\"2026-03-25T15:47:23+00:00\" \/>\n<meta property=\"og:image\" content=\"https:\/\/yaracreatyque.fr\/wp-content\/uploads\/2025\/04\/Livre-de-coloriages-geometriques-edition-decouverte-imprimable-yara-creatyque-1.jpg\" \/>\n\t<meta property=\"og:image:width\" content=\"800\" \/>\n\t<meta property=\"og:image:height\" content=\"800\" \/>\n\t<meta property=\"og:image:type\" content=\"image\/jpeg\" \/>\n<meta name=\"twitter:card\" content=\"summary_large_image\" \/>\n<meta name=\"twitter:label1\" content=\"Estimated reading time\" \/>\n\t<meta name=\"twitter:data1\" content=\"4 minutes\" \/>\n<script type=\"application\/ld+json\" class=\"yoast-schema-graph\">{\"@context\":\"https:\\\/\\\/schema.org\",\"@graph\":[{\"@type\":\"WebPage\",\"@id\":\"https:\\\/\\\/yaracreatyque.fr\\\/?product=livre-de-coloriages-geometriques\",\"url\":\"https:\\\/\\\/yaracreatyque.fr\\\/?product=livre-de-coloriages-geometriques\",\"name\":\"Livre de coloriages g\u00e9om\u00e9triques - D\u00e9couverte - Yara Creatyque\",\"isPartOf\":{\"@id\":\"https:\\\/\\\/yaracreatyque.fr\\\/#website\"},\"primaryImageOfPage\":{\"@id\":\"https:\\\/\\\/yaracreatyque.fr\\\/?product=livre-de-coloriages-geometriques#primaryimage\"},\"image\":{\"@id\":\"https:\\\/\\\/yaracreatyque.fr\\\/?product=livre-de-coloriages-geometriques#primaryimage\"},\"thumbnailUrl\":\"https:\\\/\\\/i0.wp.com\\\/yaracreatyque.fr\\\/wp-content\\\/uploads\\\/2025\\\/04\\\/Livre-de-coloriages-geometriques-edition-decouverte-imprimable-yara-creatyque-1.jpg?fit=800%2C800&ssl=1\",\"datePublished\":\"2025-04-06T17:51:12+00:00\",\"dateModified\":\"2026-03-25T15:47:23+00:00\",\"description\":\"Livre de coloriages g\u00e9om\u00e9triques pour adultes \u00e0 imprimer: 15 mod\u00e8les \u00e0 colorier, 9 \u00e0 cr\u00e9er, pour une d\u00e9tente cr\u00e9ative et un moment d\u2019expression personnelle.\",\"breadcrumb\":{\"@id\":\"https:\\\/\\\/yaracreatyque.fr\\\/?product=livre-de-coloriages-geometriques#breadcrumb\"},\"inLanguage\":\"en-GB\",\"potentialAction\":[{\"@type\":\"ReadAction\",\"target\":[\"https:\\\/\\\/yaracreatyque.fr\\\/?product=livre-de-coloriages-geometriques\"]}]},{\"@type\":\"ImageObject\",\"inLanguage\":\"en-GB\",\"@id\":\"https:\\\/\\\/yaracreatyque.fr\\\/?product=livre-de-coloriages-geometriques#primaryimage\",\"url\":\"https:\\\/\\\/i0.wp.com\\\/yaracreatyque.fr\\\/wp-content\\\/uploads\\\/2025\\\/04\\\/Livre-de-coloriages-geometriques-edition-decouverte-imprimable-yara-creatyque-1.jpg?fit=800%2C800&ssl=1\",\"contentUrl\":\"https:\\\/\\\/i0.wp.com\\\/yaracreatyque.fr\\\/wp-content\\\/uploads\\\/2025\\\/04\\\/Livre-de-coloriages-geometriques-edition-decouverte-imprimable-yara-creatyque-1.jpg?fit=800%2C800&ssl=1\",\"width\":800,\"height\":800,\"caption\":\"Livre de coloriages g\u00e9om\u00e9triques imprimables - \u00e9dition d\u00e9couverte - Yara Creatyque\"},{\"@type\":\"BreadcrumbList\",\"@id\":\"https:\\\/\\\/yaracreatyque.fr\\\/?product=livre-de-coloriages-geometriques#breadcrumb\",\"itemListElement\":[{\"@type\":\"ListItem\",\"position\":1,\"name\":\"Accueil\",\"item\":\"https:\\\/\\\/yaracreatyque.fr\\\/\"},{\"@type\":\"ListItem\",\"position\":2,\"name\":\"Boutique\",\"item\":\"https:\\\/\\\/yaracreatyque.fr\\\/?page_id=120\"},{\"@type\":\"ListItem\",\"position\":3,\"name\":\"Livre de Coloriages G\u00e9om\u00e9triques &#8211; \u00c9dition D\u00e9couverte &#8211; PDF \u00e0 imprimer\"}]},{\"@type\":\"WebSite\",\"@id\":\"https:\\\/\\\/yaracreatyque.fr\\\/#website\",\"url\":\"https:\\\/\\\/yaracreatyque.fr\\\/\",\"name\":\"Yara Creatyque\",\"description\":\"Explorez l&#039;art du coloriage g\u00e9om\u00e9trique et introspectif \u00e0 travers un espace d\u00e9di\u00e9 \u00e0 la cr\u00e9ation et au bien-\u00eatre par le coloriage th\u00e9rapeutique. D\u00e9couvrez des livres de coloriages uniques alliant designs g\u00e9om\u00e9triques modernes et introspection, con\u00e7us pour stimuler la cr\u00e9ativit\u00e9, favoriser la relaxation et encourager l&#039;expression de soi.\",\"publisher\":{\"@id\":\"https:\\\/\\\/yaracreatyque.fr\\\/#organization\"},\"potentialAction\":[{\"@type\":\"SearchAction\",\"target\":{\"@type\":\"EntryPoint\",\"urlTemplate\":\"https:\\\/\\\/yaracreatyque.fr\\\/?s={search_term_string}\"},\"query-input\":{\"@type\":\"PropertyValueSpecification\",\"valueRequired\":true,\"valueName\":\"search_term_string\"}}],\"inLanguage\":\"en-GB\"},{\"@type\":\"Organization\",\"@id\":\"https:\\\/\\\/yaracreatyque.fr\\\/#organization\",\"name\":\"Yara Creatyque\",\"url\":\"https:\\\/\\\/yaracreatyque.fr\\\/\",\"logo\":{\"@type\":\"ImageObject\",\"inLanguage\":\"en-GB\",\"@id\":\"https:\\\/\\\/yaracreatyque.fr\\\/#\\\/schema\\\/logo\\\/image\\\/\",\"url\":\"https:\\\/\\\/i0.wp.com\\\/yaracreatyque.fr\\\/wp-content\\\/uploads\\\/2025\\\/04\\\/cropped-logo-yara-creatyque.png?fit=760%2C100&ssl=1\",\"contentUrl\":\"https:\\\/\\\/i0.wp.com\\\/yaracreatyque.fr\\\/wp-content\\\/uploads\\\/2025\\\/04\\\/cropped-logo-yara-creatyque.png?fit=760%2C100&ssl=1\",\"width\":760,\"height\":100,\"caption\":\"Yara Creatyque\"},\"image\":{\"@id\":\"https:\\\/\\\/yaracreatyque.fr\\\/#\\\/schema\\\/logo\\\/image\\\/\"}}]}<\/script>\n<!-- \/ Yoast SEO plugin. -->",
    "yoast_head_json": {
        "title": "Livre de coloriages g\u00e9om\u00e9triques - D\u00e9couverte - Yara Creatyque",
        "description": "Livre de coloriages g\u00e9om\u00e9triques pour adultes \u00e0 imprimer: 15 mod\u00e8les \u00e0 colorier, 9 \u00e0 cr\u00e9er, pour une d\u00e9tente cr\u00e9ative et un moment d\u2019expression personnelle.",
        "robots": {
            "index": "index",
            "follow": "follow",
            "max-snippet": "max-snippet:-1",
            "max-image-preview": "max-image-preview:large",
            "max-video-preview": "max-video-preview:-1"
        },
        "canonical": "https:\/\/yaracreatyque.fr\/en\/?product=livre-de-coloriages-geometriques",
        "og_locale": "en_GB",
        "og_type": "article",
        "og_title": "Livre de coloriages g\u00e9om\u00e9triques - D\u00e9couverte - Yara Creatyque",
        "og_description": "Livre de coloriages g\u00e9om\u00e9triques pour adultes \u00e0 imprimer: 15 mod\u00e8les \u00e0 colorier, 9 \u00e0 cr\u00e9er, pour une d\u00e9tente cr\u00e9ative et un moment d\u2019expression personnelle.",
        "og_url": "https:\/\/yaracreatyque.fr\/en\/?product=livre-de-coloriages-geometriques",
        "og_site_name": "Yara Creatyque",
        "article_modified_time": "2026-03-25T15:47:23+00:00",
        "og_image": [
            {
                "width": 800,
                "height": 800,
                "url": "https:\/\/yaracreatyque.fr\/wp-content\/uploads\/2025\/04\/Livre-de-coloriages-geometriques-edition-decouverte-imprimable-yara-creatyque-1.jpg",
                "type": "image\/jpeg"
            }
        ],
        "twitter_card": "summary_large_image",
        "twitter_misc": {
            "Estimated reading time": "4 minutes"
        },
        "schema": {
            "@context": "https:\/\/schema.org",
            "@graph": [
                {
                    "@type": "WebPage",
                    "@id": "https:\/\/yaracreatyque.fr\/?product=livre-de-coloriages-geometriques",
                    "url": "https:\/\/yaracreatyque.fr\/?product=livre-de-coloriages-geometriques",
                    "name": "Livre de coloriages g\u00e9om\u00e9triques - D\u00e9couverte - Yara Creatyque",
                    "isPartOf": {
                        "@id": "https:\/\/yaracreatyque.fr\/#website"
                    },
                    "primaryImageOfPage": {
                        "@id": "https:\/\/yaracreatyque.fr\/?product=livre-de-coloriages-geometriques#primaryimage"
                    },
                    "image": {
                        "@id": "https:\/\/yaracreatyque.fr\/?product=livre-de-coloriages-geometriques#primaryimage"
                    },
                    "thumbnailUrl": "https:\/\/i0.wp.com\/yaracreatyque.fr\/wp-content\/uploads\/2025\/04\/Livre-de-coloriages-geometriques-edition-decouverte-imprimable-yara-creatyque-1.jpg?fit=800%2C800&ssl=1",
                    "datePublished": "2025-04-06T17:51:12+00:00",
                    "dateModified": "2026-03-25T15:47:23+00:00",
                    "description": "Livre de coloriages g\u00e9om\u00e9triques pour adultes \u00e0 imprimer: 15 mod\u00e8les \u00e0 colorier, 9 \u00e0 cr\u00e9er, pour une d\u00e9tente cr\u00e9ative et un moment d\u2019expression personnelle.",
                    "breadcrumb": {
                        "@id": "https:\/\/yaracreatyque.fr\/?product=livre-de-coloriages-geometriques#breadcrumb"
                    },
                    "inLanguage": "en-GB",
                    "potentialAction": [
                        {
                            "@type": "ReadAction",
                            "target": [
                                "https:\/\/yaracreatyque.fr\/?product=livre-de-coloriages-geometriques"
                            ]
                        }
                    ]
                },
                {
                    "@type": "ImageObject",
                    "inLanguage": "en-GB",
                    "@id": "https:\/\/yaracreatyque.fr\/?product=livre-de-coloriages-geometriques#primaryimage",
                    "url": "https:\/\/i0.wp.com\/yaracreatyque.fr\/wp-content\/uploads\/2025\/04\/Livre-de-coloriages-geometriques-edition-decouverte-imprimable-yara-creatyque-1.jpg?fit=800%2C800&ssl=1",
                    "contentUrl": "https:\/\/i0.wp.com\/yaracreatyque.fr\/wp-content\/uploads\/2025\/04\/Livre-de-coloriages-geometriques-edition-decouverte-imprimable-yara-creatyque-1.jpg?fit=800%2C800&ssl=1",
                    "width": 800,
                    "height": 800,
                    "caption": "Livre de coloriages g\u00e9om\u00e9triques imprimables - \u00e9dition d\u00e9couverte - Yara Creatyque"
                },
                {
                    "@type": "BreadcrumbList",
                    "@id": "https:\/\/yaracreatyque.fr\/?product=livre-de-coloriages-geometriques#breadcrumb",
                    "itemListElement": [
                        {
                            "@type": "ListItem",
                            "position": 1,
                            "name": "Accueil",
                            "item": "https:\/\/yaracreatyque.fr\/"
                        },
                        {
                            "@type": "ListItem",
                            "position": 2,
                            "name": "Boutique",
                            "item": "https:\/\/yaracreatyque.fr\/?page_id=120"
                        },
                        {
                            "@type": "ListItem",
                            "position": 3,
                            "name": "Livre de Coloriages G\u00e9om\u00e9triques &#8211; \u00c9dition D\u00e9couverte &#8211; PDF \u00e0 imprimer"
                        }
                    ]
                },
                {
                    "@type": "WebSite",
                    "@id": "https:\/\/yaracreatyque.fr\/#website",
                    "url": "https:\/\/yaracreatyque.fr\/",
                    "name": "Yara Creatyque",
                    "description": "Explorez l&#039;art du coloriage g\u00e9om\u00e9trique et introspectif \u00e0 travers un espace d\u00e9di\u00e9 \u00e0 la cr\u00e9ation et au bien-\u00eatre par le coloriage th\u00e9rapeutique. D\u00e9couvrez des livres de coloriages uniques alliant designs g\u00e9om\u00e9triques modernes et introspection, con\u00e7us pour stimuler la cr\u00e9ativit\u00e9, favoriser la relaxation et encourager l&#039;expression de soi.",
                    "publisher": {
                        "@id": "https:\/\/yaracreatyque.fr\/#organization"
                    },
                    "potentialAction": [
                        {
                            "@type": "SearchAction",
                            "target": {
                                "@type": "EntryPoint",
                                "urlTemplate": "https:\/\/yaracreatyque.fr\/?s={search_term_string}"
                            },
                            "query-input": {
                                "@type": "PropertyValueSpecification",
                                "valueRequired": true,
                                "valueName": "search_term_string"
                            }
                        }
                    ],
                    "inLanguage": "en-GB"
                },
                {
                    "@type": "Organization",
                    "@id": "https:\/\/yaracreatyque.fr\/#organization",
                    "name": "Yara Creatyque",
                    "url": "https:\/\/yaracreatyque.fr\/",
                    "logo": {
                        "@type": "ImageObject",
                        "inLanguage": "en-GB",
                        "@id": "https:\/\/yaracreatyque.fr\/#\/schema\/logo\/image\/",
                        "url": "https:\/\/i0.wp.com\/yaracreatyque.fr\/wp-content\/uploads\/2025\/04\/cropped-logo-yara-creatyque.png?fit=760%2C100&ssl=1",
                        "contentUrl": "https:\/\/i0.wp.com\/yaracreatyque.fr\/wp-content\/uploads\/2025\/04\/cropped-logo-yara-creatyque.png?fit=760%2C100&ssl=1",
                        "width": 760,
                        "height": 100,
                        "caption": "Yara Creatyque"
                    },
                    "image": {
                        "@id": "https:\/\/yaracreatyque.fr\/#\/schema\/logo\/image\/"
                    }
                }
            ]
        }
    },
    "jetpack_publicize_connections": [],
    "jetpack_likes_enabled": true,
    "jetpack_sharing_enabled": true,
    "jetpack-related-posts": [],
    "_links": {
        "self": [
            {
                "href": "https:\/\/yaracreatyque.fr\/en\/index.php?rest_route=\/wp\/v2\/product\/1667",
                "targetHints": {
                    "allow": [
                        "GET"
                    ]
                }
            }
        ],
        "collection": [
            {
                "href": "https:\/\/yaracreatyque.fr\/en\/index.php?rest_route=\/wp\/v2\/product"
            }
        ],
        "about": [
            {
                "href": "https:\/\/yaracreatyque.fr\/en\/index.php?rest_route=\/wp\/v2\/types\/product"
            }
        ],
        "replies": [
            {
                "embeddable": true,
                "href": "https:\/\/yaracreatyque.fr\/en\/index.php?rest_route=%2Fwp%2Fv2%2Fcomments&post=1667"
            }
        ],
        "wp:featuredmedia": [
            {
                "embeddable": true,
                "href": "https:\/\/yaracreatyque.fr\/en\/index.php?rest_route=\/wp\/v2\/media\/2433"
            }
        ],
        "wp:attachment": [
            {
                "href": "https:\/\/yaracreatyque.fr\/en\/index.php?rest_route=%2Fwp%2Fv2%2Fmedia&parent=1667"
            }
        ],
        "wp:term": [
            {
                "taxonomy": "product_brand",
                "embeddable": true,
                "href": "https:\/\/yaracreatyque.fr\/en\/index.php?rest_route=%2Fwp%2Fv2%2Fproduct_brand&post=1667"
            },
            {
                "taxonomy": "product_cat",
                "embeddable": true,
                "href": "https:\/\/yaracreatyque.fr\/en\/index.php?rest_route=%2Fwp%2Fv2%2Fproduct_cat&post=1667"
            },
            {
                "taxonomy": "product_tag",
                "embeddable": true,
                "href": "https:\/\/yaracreatyque.fr\/en\/index.php?rest_route=%2Fwp%2Fv2%2Fproduct_tag&post=1667"
            }
        ],
        "curies": [
            {
                "name": "wp",
                "href": "https:\/\/api.w.org\/{rel}",
                "templated": true
            }
        ]
    }
}