{
    "id": 316861293,
    "count": 1,
    "description": "Le coloriage zen est une pratique apaisante qui permet de r\u00e9duire le stress, d'am\u00e9liorer la concentration et de favoriser un \u00e9tat de calme int\u00e9rieur. En coloriant des motifs simples et \u00e9quilibr\u00e9s, cette activit\u00e9 encourage la pleine conscience et l'ancrage dans l'instant pr\u00e9sent. Le coloriage zen est un excellent moyen de lib\u00e9rer l'esprit des pens\u00e9es anxieuses et de cultiver la s\u00e9r\u00e9nit\u00e9. D\u00e9couvrez comment cette pratique accessible peut vous aider \u00e0 trouver un moment de paix, \u00e0 renforcer votre bien-\u00eatre mental et \u00e0 stimuler une relaxation profonde.",
    "link": "https:\/\/yaracreatyque.fr\/en\/?tag=coloriage-zen",
    "name": "coloriage zen",
    "slug": "coloriage-zen",
    "taxonomy": "post_tag",
    "meta": [],
    "yoast_head": "<!-- This site is optimized with the Yoast SEO plugin v27.4 - https:\/\/yoast.com\/product\/yoast-seo-wordpress\/ -->\n<title>Archives des coloriage zen - Yara Creatyque<\/title>\n<meta name=\"robots\" content=\"index, follow, max-snippet:-1, max-image-preview:large, max-video-preview:-1\" \/>\n<link rel=\"canonical\" href=\"https:\/\/yaracreatyque.fr\/en\/?tag=coloriage-zen\" \/>\n<meta property=\"og:locale\" content=\"en_GB\" \/>\n<meta property=\"og:type\" content=\"article\" \/>\n<meta property=\"og:title\" content=\"Archives des coloriage zen - Yara Creatyque\" \/>\n<meta property=\"og:description\" content=\"Le coloriage zen est une pratique apaisante qui permet de r\u00e9duire le stress, d&rsquo;am\u00e9liorer la concentration et de favoriser un \u00e9tat de calme int\u00e9rieur. En coloriant des motifs simples et \u00e9quilibr\u00e9s, cette activit\u00e9 encourage la pleine conscience et l&rsquo;ancrage dans l&rsquo;instant pr\u00e9sent. Le coloriage zen est un excellent moyen de lib\u00e9rer l&rsquo;esprit des pens\u00e9es anxieuses et de cultiver la s\u00e9r\u00e9nit\u00e9. D\u00e9couvrez comment cette pratique accessible peut vous aider \u00e0 trouver un moment de paix, \u00e0 renforcer votre bien-\u00eatre mental et \u00e0 stimuler une relaxation profonde.\" \/>\n<meta property=\"og:url\" content=\"https:\/\/yaracreatyque.fr\/en\/?tag=coloriage-zen\" \/>\n<meta property=\"og:site_name\" content=\"Yara Creatyque\" \/>\n<meta name=\"twitter:card\" content=\"summary_large_image\" \/>\n<script type=\"application\/ld+json\" class=\"yoast-schema-graph\">{\"@context\":\"https:\\\/\\\/schema.org\",\"@graph\":[{\"@type\":\"CollectionPage\",\"@id\":\"https:\\\/\\\/yaracreatyque.fr\\\/?tag=coloriage-zen\",\"url\":\"https:\\\/\\\/yaracreatyque.fr\\\/?tag=coloriage-zen\",\"name\":\"Archives des coloriage zen - Yara Creatyque\",\"isPartOf\":{\"@id\":\"https:\\\/\\\/yaracreatyque.fr\\\/#website\"},\"breadcrumb\":{\"@id\":\"https:\\\/\\\/yaracreatyque.fr\\\/?tag=coloriage-zen#breadcrumb\"},\"inLanguage\":\"en-GB\"},{\"@type\":\"BreadcrumbList\",\"@id\":\"https:\\\/\\\/yaracreatyque.fr\\\/?tag=coloriage-zen#breadcrumb\",\"itemListElement\":[{\"@type\":\"ListItem\",\"position\":1,\"name\":\"Accueil\",\"item\":\"https:\\\/\\\/yaracreatyque.fr\\\/\"},{\"@type\":\"ListItem\",\"position\":2,\"name\":\"coloriage zen\"}]},{\"@type\":\"WebSite\",\"@id\":\"https:\\\/\\\/yaracreatyque.fr\\\/#website\",\"url\":\"https:\\\/\\\/yaracreatyque.fr\\\/\",\"name\":\"Yara Creatyque\",\"description\":\"Explorez l&#039;art du coloriage g\u00e9om\u00e9trique et introspectif \u00e0 travers un espace d\u00e9di\u00e9 \u00e0 la cr\u00e9ation et au bien-\u00eatre par le coloriage th\u00e9rapeutique. D\u00e9couvrez des livres de coloriages uniques alliant designs g\u00e9om\u00e9triques modernes et introspection, con\u00e7us pour stimuler la cr\u00e9ativit\u00e9, favoriser la relaxation et encourager l&#039;expression de soi.\",\"publisher\":{\"@id\":\"https:\\\/\\\/yaracreatyque.fr\\\/#organization\"},\"potentialAction\":[{\"@type\":\"SearchAction\",\"target\":{\"@type\":\"EntryPoint\",\"urlTemplate\":\"https:\\\/\\\/yaracreatyque.fr\\\/?s={search_term_string}\"},\"query-input\":{\"@type\":\"PropertyValueSpecification\",\"valueRequired\":true,\"valueName\":\"search_term_string\"}}],\"inLanguage\":\"en-GB\"},{\"@type\":\"Organization\",\"@id\":\"https:\\\/\\\/yaracreatyque.fr\\\/#organization\",\"name\":\"Yara Creatyque\",\"url\":\"https:\\\/\\\/yaracreatyque.fr\\\/\",\"logo\":{\"@type\":\"ImageObject\",\"inLanguage\":\"en-GB\",\"@id\":\"https:\\\/\\\/yaracreatyque.fr\\\/#\\\/schema\\\/logo\\\/image\\\/\",\"url\":\"https:\\\/\\\/i0.wp.com\\\/yaracreatyque.fr\\\/wp-content\\\/uploads\\\/2025\\\/04\\\/cropped-logo-yara-creatyque.png?fit=760%2C100&ssl=1\",\"contentUrl\":\"https:\\\/\\\/i0.wp.com\\\/yaracreatyque.fr\\\/wp-content\\\/uploads\\\/2025\\\/04\\\/cropped-logo-yara-creatyque.png?fit=760%2C100&ssl=1\",\"width\":760,\"height\":100,\"caption\":\"Yara Creatyque\"},\"image\":{\"@id\":\"https:\\\/\\\/yaracreatyque.fr\\\/#\\\/schema\\\/logo\\\/image\\\/\"}}]}<\/script>\n<!-- \/ Yoast SEO plugin. -->",
    "yoast_head_json": {
        "title": "Archives des coloriage zen - Yara Creatyque",
        "robots": {
            "index": "index",
            "follow": "follow",
            "max-snippet": "max-snippet:-1",
            "max-image-preview": "max-image-preview:large",
            "max-video-preview": "max-video-preview:-1"
        },
        "canonical": "https:\/\/yaracreatyque.fr\/en\/?tag=coloriage-zen",
        "og_locale": "en_GB",
        "og_type": "article",
        "og_title": "Archives des coloriage zen - Yara Creatyque",
        "og_description": "Le coloriage zen est une pratique apaisante qui permet de r\u00e9duire le stress, d&rsquo;am\u00e9liorer la concentration et de favoriser un \u00e9tat de calme int\u00e9rieur. En coloriant des motifs simples et \u00e9quilibr\u00e9s, cette activit\u00e9 encourage la pleine conscience et l&rsquo;ancrage dans l&rsquo;instant pr\u00e9sent. Le coloriage zen est un excellent moyen de lib\u00e9rer l&rsquo;esprit des pens\u00e9es anxieuses et de cultiver la s\u00e9r\u00e9nit\u00e9. D\u00e9couvrez comment cette pratique accessible peut vous aider \u00e0 trouver un moment de paix, \u00e0 renforcer votre bien-\u00eatre mental et \u00e0 stimuler une relaxation profonde.",
        "og_url": "https:\/\/yaracreatyque.fr\/en\/?tag=coloriage-zen",
        "og_site_name": "Yara Creatyque",
        "twitter_card": "summary_large_image",
        "schema": {
            "@context": "https:\/\/schema.org",
            "@graph": [
                {
                    "@type": "CollectionPage",
                    "@id": "https:\/\/yaracreatyque.fr\/?tag=coloriage-zen",
                    "url": "https:\/\/yaracreatyque.fr\/?tag=coloriage-zen",
                    "name": "Archives des coloriage zen - Yara Creatyque",
                    "isPartOf": {
                        "@id": "https:\/\/yaracreatyque.fr\/#website"
                    },
                    "breadcrumb": {
                        "@id": "https:\/\/yaracreatyque.fr\/?tag=coloriage-zen#breadcrumb"
                    },
                    "inLanguage": "en-GB"
                },
                {
                    "@type": "BreadcrumbList",
                    "@id": "https:\/\/yaracreatyque.fr\/?tag=coloriage-zen#breadcrumb",
                    "itemListElement": [
                        {
                            "@type": "ListItem",
                            "position": 1,
                            "name": "Accueil",
                            "item": "https:\/\/yaracreatyque.fr\/"
                        },
                        {
                            "@type": "ListItem",
                            "position": 2,
                            "name": "coloriage zen"
                        }
                    ]
                },
                {
                    "@type": "WebSite",
                    "@id": "https:\/\/yaracreatyque.fr\/#website",
                    "url": "https:\/\/yaracreatyque.fr\/",
                    "name": "Yara Creatyque",
                    "description": "Explorez l&#039;art du coloriage g\u00e9om\u00e9trique et introspectif \u00e0 travers un espace d\u00e9di\u00e9 \u00e0 la cr\u00e9ation et au bien-\u00eatre par le coloriage th\u00e9rapeutique. D\u00e9couvrez des livres de coloriages uniques alliant designs g\u00e9om\u00e9triques modernes et introspection, con\u00e7us pour stimuler la cr\u00e9ativit\u00e9, favoriser la relaxation et encourager l&#039;expression de soi.",
                    "publisher": {
                        "@id": "https:\/\/yaracreatyque.fr\/#organization"
                    },
                    "potentialAction": [
                        {
                            "@type": "SearchAction",
                            "target": {
                                "@type": "EntryPoint",
                                "urlTemplate": "https:\/\/yaracreatyque.fr\/?s={search_term_string}"
                            },
                            "query-input": {
                                "@type": "PropertyValueSpecification",
                                "valueRequired": true,
                                "valueName": "search_term_string"
                            }
                        }
                    ],
                    "inLanguage": "en-GB"
                },
                {
                    "@type": "Organization",
                    "@id": "https:\/\/yaracreatyque.fr\/#organization",
                    "name": "Yara Creatyque",
                    "url": "https:\/\/yaracreatyque.fr\/",
                    "logo": {
                        "@type": "ImageObject",
                        "inLanguage": "en-GB",
                        "@id": "https:\/\/yaracreatyque.fr\/#\/schema\/logo\/image\/",
                        "url": "https:\/\/i0.wp.com\/yaracreatyque.fr\/wp-content\/uploads\/2025\/04\/cropped-logo-yara-creatyque.png?fit=760%2C100&ssl=1",
                        "contentUrl": "https:\/\/i0.wp.com\/yaracreatyque.fr\/wp-content\/uploads\/2025\/04\/cropped-logo-yara-creatyque.png?fit=760%2C100&ssl=1",
                        "width": 760,
                        "height": 100,
                        "caption": "Yara Creatyque"
                    },
                    "image": {
                        "@id": "https:\/\/yaracreatyque.fr\/#\/schema\/logo\/image\/"
                    }
                }
            ]
        }
    },
    "_links": {
        "self": [
            {
                "href": "https:\/\/yaracreatyque.fr\/en\/index.php?rest_route=\/wp\/v2\/tags\/316861293",
                "targetHints": {
                    "allow": [
                        "GET"
                    ]
                }
            }
        ],
        "collection": [
            {
                "href": "https:\/\/yaracreatyque.fr\/en\/index.php?rest_route=\/wp\/v2\/tags"
            }
        ],
        "about": [
            {
                "href": "https:\/\/yaracreatyque.fr\/en\/index.php?rest_route=\/wp\/v2\/taxonomies\/post_tag"
            }
        ],
        "wp:post_type": [
            {
                "href": "https:\/\/yaracreatyque.fr\/en\/index.php?rest_route=%2Fwp%2Fv2%2Fposts&tags=316861293"
            }
        ],
        "curies": [
            {
                "name": "wp",
                "href": "https:\/\/api.w.org\/{rel}",
                "templated": true
            }
        ]
    }
}