{
    "id": 779255343,
    "count": 1,
    "description": "Le coloriage m\u00e9ditatif est une pratique cr\u00e9ative qui combine l'art du coloriage avec la pleine conscience pour favoriser la relaxation et l'\u00e9quilibre int\u00e9rieur. En coloriant des motifs apaisants et d\u00e9taill\u00e9s, cette activit\u00e9 permet de se concentrer sur l'instant pr\u00e9sent, de r\u00e9duire le stress et d'am\u00e9liorer la clart\u00e9 d'esprit. Le coloriage m\u00e9ditatif aide \u00e0 lib\u00e9rer l'esprit des pens\u00e9es envahissantes et offre un moment de calme et de s\u00e9r\u00e9nit\u00e9. D\u00e9couvrez comment cette pratique simple et accessible peut devenir un outil puissant pour cultiver la paix int\u00e9rieure et nourrir le bien-\u00eatre mental.",
    "link": "https:\/\/yaracreatyque.fr\/en\/?tag=coloriage-meditatif",
    "name": "Coloriage m\u00e9ditatif",
    "slug": "coloriage-meditatif",
    "taxonomy": "post_tag",
    "meta": [],
    "yoast_head": "<!-- This site is optimized with the Yoast SEO plugin v27.1.1 - https:\/\/yoast.com\/product\/yoast-seo-wordpress\/ -->\n<title>Archives des Coloriage m\u00e9ditatif - Yara Creatyque<\/title>\n<meta name=\"robots\" content=\"index, follow, max-snippet:-1, max-image-preview:large, max-video-preview:-1\" \/>\n<link rel=\"canonical\" href=\"https:\/\/yaracreatyque.fr\/en\/?tag=coloriage-meditatif\" \/>\n<meta property=\"og:locale\" content=\"en_GB\" \/>\n<meta property=\"og:type\" content=\"article\" \/>\n<meta property=\"og:title\" content=\"Archives des Coloriage m\u00e9ditatif - Yara Creatyque\" \/>\n<meta property=\"og:description\" content=\"Le coloriage m\u00e9ditatif est une pratique cr\u00e9ative qui combine l&rsquo;art du coloriage avec la pleine conscience pour favoriser la relaxation et l&rsquo;\u00e9quilibre int\u00e9rieur. En coloriant des motifs apaisants et d\u00e9taill\u00e9s, cette activit\u00e9 permet de se concentrer sur l&rsquo;instant pr\u00e9sent, de r\u00e9duire le stress et d&rsquo;am\u00e9liorer la clart\u00e9 d&rsquo;esprit. Le coloriage m\u00e9ditatif aide \u00e0 lib\u00e9rer l&rsquo;esprit des pens\u00e9es envahissantes et offre un moment de calme et de s\u00e9r\u00e9nit\u00e9. D\u00e9couvrez comment cette pratique simple et accessible peut devenir un outil puissant pour cultiver la paix int\u00e9rieure et nourrir le bien-\u00eatre mental.\" \/>\n<meta property=\"og:url\" content=\"https:\/\/yaracreatyque.fr\/en\/?tag=coloriage-meditatif\" \/>\n<meta property=\"og:site_name\" content=\"Yara Creatyque\" \/>\n<meta name=\"twitter:card\" content=\"summary_large_image\" \/>\n<script type=\"application\/ld+json\" class=\"yoast-schema-graph\">{\"@context\":\"https:\/\/schema.org\",\"@graph\":[{\"@type\":\"CollectionPage\",\"@id\":\"https:\/\/yaracreatyque.fr\/?tag=coloriage-meditatif\",\"url\":\"https:\/\/yaracreatyque.fr\/?tag=coloriage-meditatif\",\"name\":\"Archives des Coloriage m\u00e9ditatif - Yara Creatyque\",\"isPartOf\":{\"@id\":\"https:\/\/yaracreatyque.fr\/#website\"},\"breadcrumb\":{\"@id\":\"https:\/\/yaracreatyque.fr\/?tag=coloriage-meditatif#breadcrumb\"},\"inLanguage\":\"en-GB\"},{\"@type\":\"BreadcrumbList\",\"@id\":\"https:\/\/yaracreatyque.fr\/?tag=coloriage-meditatif#breadcrumb\",\"itemListElement\":[{\"@type\":\"ListItem\",\"position\":1,\"name\":\"Accueil\",\"item\":\"https:\/\/yaracreatyque.fr\/\"},{\"@type\":\"ListItem\",\"position\":2,\"name\":\"Coloriage m\u00e9ditatif\"}]},{\"@type\":\"WebSite\",\"@id\":\"https:\/\/yaracreatyque.fr\/#website\",\"url\":\"https:\/\/yaracreatyque.fr\/\",\"name\":\"Yara Creatyque\",\"description\":\"Explorez l&#039;art du coloriage g\u00e9om\u00e9trique et introspectif \u00e0 travers un espace d\u00e9di\u00e9 \u00e0 la cr\u00e9ation et au bien-\u00eatre par le coloriage th\u00e9rapeutique. D\u00e9couvrez des livres de coloriages uniques alliant designs g\u00e9om\u00e9triques modernes et introspection, con\u00e7us pour stimuler la cr\u00e9ativit\u00e9, favoriser la relaxation et encourager l&#039;expression de soi.\",\"publisher\":{\"@id\":\"https:\/\/yaracreatyque.fr\/#organization\"},\"potentialAction\":[{\"@type\":\"SearchAction\",\"target\":{\"@type\":\"EntryPoint\",\"urlTemplate\":\"https:\/\/yaracreatyque.fr\/?s={search_term_string}\"},\"query-input\":{\"@type\":\"PropertyValueSpecification\",\"valueRequired\":true,\"valueName\":\"search_term_string\"}}],\"inLanguage\":\"en-GB\"},{\"@type\":\"Organization\",\"@id\":\"https:\/\/yaracreatyque.fr\/#organization\",\"name\":\"Yara Creatyque\",\"url\":\"https:\/\/yaracreatyque.fr\/\",\"logo\":{\"@type\":\"ImageObject\",\"inLanguage\":\"en-GB\",\"@id\":\"https:\/\/yaracreatyque.fr\/#\/schema\/logo\/image\/\",\"url\":\"https:\/\/i0.wp.com\/yaracreatyque.fr\/wp-content\/uploads\/2025\/04\/cropped-logo-yara-creatyque.png?fit=760%2C100&ssl=1\",\"contentUrl\":\"https:\/\/i0.wp.com\/yaracreatyque.fr\/wp-content\/uploads\/2025\/04\/cropped-logo-yara-creatyque.png?fit=760%2C100&ssl=1\",\"width\":760,\"height\":100,\"caption\":\"Yara Creatyque\"},\"image\":{\"@id\":\"https:\/\/yaracreatyque.fr\/#\/schema\/logo\/image\/\"}}]}<\/script>\n<!-- \/ Yoast SEO plugin. -->",
    "yoast_head_json": {
        "title": "Archives des Coloriage m\u00e9ditatif - Yara Creatyque",
        "robots": {
            "index": "index",
            "follow": "follow",
            "max-snippet": "max-snippet:-1",
            "max-image-preview": "max-image-preview:large",
            "max-video-preview": "max-video-preview:-1"
        },
        "canonical": "https:\/\/yaracreatyque.fr\/en\/?tag=coloriage-meditatif",
        "og_locale": "en_GB",
        "og_type": "article",
        "og_title": "Archives des Coloriage m\u00e9ditatif - Yara Creatyque",
        "og_description": "Le coloriage m\u00e9ditatif est une pratique cr\u00e9ative qui combine l&rsquo;art du coloriage avec la pleine conscience pour favoriser la relaxation et l&rsquo;\u00e9quilibre int\u00e9rieur. En coloriant des motifs apaisants et d\u00e9taill\u00e9s, cette activit\u00e9 permet de se concentrer sur l&rsquo;instant pr\u00e9sent, de r\u00e9duire le stress et d&rsquo;am\u00e9liorer la clart\u00e9 d&rsquo;esprit. Le coloriage m\u00e9ditatif aide \u00e0 lib\u00e9rer l&rsquo;esprit des pens\u00e9es envahissantes et offre un moment de calme et de s\u00e9r\u00e9nit\u00e9. D\u00e9couvrez comment cette pratique simple et accessible peut devenir un outil puissant pour cultiver la paix int\u00e9rieure et nourrir le bien-\u00eatre mental.",
        "og_url": "https:\/\/yaracreatyque.fr\/en\/?tag=coloriage-meditatif",
        "og_site_name": "Yara Creatyque",
        "twitter_card": "summary_large_image",
        "schema": {
            "@context": "https:\/\/schema.org",
            "@graph": [
                {
                    "@type": "CollectionPage",
                    "@id": "https:\/\/yaracreatyque.fr\/?tag=coloriage-meditatif",
                    "url": "https:\/\/yaracreatyque.fr\/?tag=coloriage-meditatif",
                    "name": "Archives des Coloriage m\u00e9ditatif - Yara Creatyque",
                    "isPartOf": {
                        "@id": "https:\/\/yaracreatyque.fr\/#website"
                    },
                    "breadcrumb": {
                        "@id": "https:\/\/yaracreatyque.fr\/?tag=coloriage-meditatif#breadcrumb"
                    },
                    "inLanguage": "en-GB"
                },
                {
                    "@type": "BreadcrumbList",
                    "@id": "https:\/\/yaracreatyque.fr\/?tag=coloriage-meditatif#breadcrumb",
                    "itemListElement": [
                        {
                            "@type": "ListItem",
                            "position": 1,
                            "name": "Accueil",
                            "item": "https:\/\/yaracreatyque.fr\/"
                        },
                        {
                            "@type": "ListItem",
                            "position": 2,
                            "name": "Coloriage m\u00e9ditatif"
                        }
                    ]
                },
                {
                    "@type": "WebSite",
                    "@id": "https:\/\/yaracreatyque.fr\/#website",
                    "url": "https:\/\/yaracreatyque.fr\/",
                    "name": "Yara Creatyque",
                    "description": "Explorez l&#039;art du coloriage g\u00e9om\u00e9trique et introspectif \u00e0 travers un espace d\u00e9di\u00e9 \u00e0 la cr\u00e9ation et au bien-\u00eatre par le coloriage th\u00e9rapeutique. D\u00e9couvrez des livres de coloriages uniques alliant designs g\u00e9om\u00e9triques modernes et introspection, con\u00e7us pour stimuler la cr\u00e9ativit\u00e9, favoriser la relaxation et encourager l&#039;expression de soi.",
                    "publisher": {
                        "@id": "https:\/\/yaracreatyque.fr\/#organization"
                    },
                    "potentialAction": [
                        {
                            "@type": "SearchAction",
                            "target": {
                                "@type": "EntryPoint",
                                "urlTemplate": "https:\/\/yaracreatyque.fr\/?s={search_term_string}"
                            },
                            "query-input": {
                                "@type": "PropertyValueSpecification",
                                "valueRequired": true,
                                "valueName": "search_term_string"
                            }
                        }
                    ],
                    "inLanguage": "en-GB"
                },
                {
                    "@type": "Organization",
                    "@id": "https:\/\/yaracreatyque.fr\/#organization",
                    "name": "Yara Creatyque",
                    "url": "https:\/\/yaracreatyque.fr\/",
                    "logo": {
                        "@type": "ImageObject",
                        "inLanguage": "en-GB",
                        "@id": "https:\/\/yaracreatyque.fr\/#\/schema\/logo\/image\/",
                        "url": "https:\/\/i0.wp.com\/yaracreatyque.fr\/wp-content\/uploads\/2025\/04\/cropped-logo-yara-creatyque.png?fit=760%2C100&ssl=1",
                        "contentUrl": "https:\/\/i0.wp.com\/yaracreatyque.fr\/wp-content\/uploads\/2025\/04\/cropped-logo-yara-creatyque.png?fit=760%2C100&ssl=1",
                        "width": 760,
                        "height": 100,
                        "caption": "Yara Creatyque"
                    },
                    "image": {
                        "@id": "https:\/\/yaracreatyque.fr\/#\/schema\/logo\/image\/"
                    }
                }
            ]
        }
    },
    "_links": {
        "self": [
            {
                "href": "https:\/\/yaracreatyque.fr\/en\/index.php?rest_route=\/wp\/v2\/tags\/779255343",
                "targetHints": {
                    "allow": [
                        "GET"
                    ]
                }
            }
        ],
        "collection": [
            {
                "href": "https:\/\/yaracreatyque.fr\/en\/index.php?rest_route=\/wp\/v2\/tags"
            }
        ],
        "about": [
            {
                "href": "https:\/\/yaracreatyque.fr\/en\/index.php?rest_route=\/wp\/v2\/taxonomies\/post_tag"
            }
        ],
        "wp:post_type": [
            {
                "href": "https:\/\/yaracreatyque.fr\/en\/index.php?rest_route=%2Fwp%2Fv2%2Fposts&tags=779255343"
            }
        ],
        "curies": [
            {
                "name": "wp",
                "href": "https:\/\/api.w.org\/{rel}",
                "templated": true
            }
        ]
    }
}