{
    "id": 874469,
    "count": 1,
    "description": "La gestion du stress consiste \u00e0 adopter des strat\u00e9gies pour r\u00e9duire, contr\u00f4ler et pr\u00e9venir les effets n\u00e9gatifs du stress sur le corps et l'esprit. En utilisant des techniques comme la relaxation, la m\u00e9ditation, l'exercice physique et la gestion du temps, il est possible de diminuer l'anxi\u00e9t\u00e9, am\u00e9liorer la concentration et favoriser un bien-\u00eatre g\u00e9n\u00e9ral. D\u00e9couvrez des m\u00e9thodes \u00e9prouv\u00e9es pour mieux g\u00e9rer le stress au quotidien et maintenir un \u00e9quilibre mental et physique durable.",
    "link": "https:\/\/yaracreatyque.fr\/en\/?tag=gestion-du-stress",
    "name": "gestion du stress",
    "slug": "gestion-du-stress",
    "taxonomy": "post_tag",
    "meta": [],
    "yoast_head": "<!-- This site is optimized with the Yoast SEO plugin v27.5 - https:\/\/yoast.com\/product\/yoast-seo-wordpress\/ -->\n<title>Archives des gestion du stress - Yara Creatyque<\/title>\n<meta name=\"robots\" content=\"index, follow, max-snippet:-1, max-image-preview:large, max-video-preview:-1\" \/>\n<link rel=\"canonical\" href=\"https:\/\/yaracreatyque.fr\/en\/?tag=gestion-du-stress\" \/>\n<meta property=\"og:locale\" content=\"en_GB\" \/>\n<meta property=\"og:type\" content=\"article\" \/>\n<meta property=\"og:title\" content=\"Archives des gestion du stress - Yara Creatyque\" \/>\n<meta property=\"og:description\" content=\"La gestion du stress consiste \u00e0 adopter des strat\u00e9gies pour r\u00e9duire, contr\u00f4ler et pr\u00e9venir les effets n\u00e9gatifs du stress sur le corps et l&rsquo;esprit. En utilisant des techniques comme la relaxation, la m\u00e9ditation, l&rsquo;exercice physique et la gestion du temps, il est possible de diminuer l&rsquo;anxi\u00e9t\u00e9, am\u00e9liorer la concentration et favoriser un bien-\u00eatre g\u00e9n\u00e9ral. D\u00e9couvrez des m\u00e9thodes \u00e9prouv\u00e9es pour mieux g\u00e9rer le stress au quotidien et maintenir un \u00e9quilibre mental et physique durable.\" \/>\n<meta property=\"og:url\" content=\"https:\/\/yaracreatyque.fr\/en\/?tag=gestion-du-stress\" \/>\n<meta property=\"og:site_name\" content=\"Yara Creatyque\" \/>\n<meta name=\"twitter:card\" content=\"summary_large_image\" \/>\n<script type=\"application\/ld+json\" class=\"yoast-schema-graph\">{\"@context\":\"https:\\\/\\\/schema.org\",\"@graph\":[{\"@type\":\"CollectionPage\",\"@id\":\"https:\\\/\\\/yaracreatyque.fr\\\/?tag=gestion-du-stress\",\"url\":\"https:\\\/\\\/yaracreatyque.fr\\\/?tag=gestion-du-stress\",\"name\":\"Archives des gestion du stress - Yara Creatyque\",\"isPartOf\":{\"@id\":\"https:\\\/\\\/yaracreatyque.fr\\\/#website\"},\"breadcrumb\":{\"@id\":\"https:\\\/\\\/yaracreatyque.fr\\\/?tag=gestion-du-stress#breadcrumb\"},\"inLanguage\":\"en-GB\"},{\"@type\":\"BreadcrumbList\",\"@id\":\"https:\\\/\\\/yaracreatyque.fr\\\/?tag=gestion-du-stress#breadcrumb\",\"itemListElement\":[{\"@type\":\"ListItem\",\"position\":1,\"name\":\"Accueil\",\"item\":\"https:\\\/\\\/yaracreatyque.fr\\\/\"},{\"@type\":\"ListItem\",\"position\":2,\"name\":\"gestion du stress\"}]},{\"@type\":\"WebSite\",\"@id\":\"https:\\\/\\\/yaracreatyque.fr\\\/#website\",\"url\":\"https:\\\/\\\/yaracreatyque.fr\\\/\",\"name\":\"Yara Creatyque\",\"description\":\"Explorez l&#039;art du coloriage g\u00e9om\u00e9trique et introspectif \u00e0 travers un espace d\u00e9di\u00e9 \u00e0 la cr\u00e9ation et au bien-\u00eatre par le coloriage th\u00e9rapeutique. D\u00e9couvrez des livres de coloriages uniques alliant designs g\u00e9om\u00e9triques modernes et introspection, con\u00e7us pour stimuler la cr\u00e9ativit\u00e9, favoriser la relaxation et encourager l&#039;expression de soi.\",\"publisher\":{\"@id\":\"https:\\\/\\\/yaracreatyque.fr\\\/#organization\"},\"potentialAction\":[{\"@type\":\"SearchAction\",\"target\":{\"@type\":\"EntryPoint\",\"urlTemplate\":\"https:\\\/\\\/yaracreatyque.fr\\\/?s={search_term_string}\"},\"query-input\":{\"@type\":\"PropertyValueSpecification\",\"valueRequired\":true,\"valueName\":\"search_term_string\"}}],\"inLanguage\":\"en-GB\"},{\"@type\":\"Organization\",\"@id\":\"https:\\\/\\\/yaracreatyque.fr\\\/#organization\",\"name\":\"Yara Creatyque\",\"url\":\"https:\\\/\\\/yaracreatyque.fr\\\/\",\"logo\":{\"@type\":\"ImageObject\",\"inLanguage\":\"en-GB\",\"@id\":\"https:\\\/\\\/yaracreatyque.fr\\\/#\\\/schema\\\/logo\\\/image\\\/\",\"url\":\"https:\\\/\\\/i0.wp.com\\\/yaracreatyque.fr\\\/wp-content\\\/uploads\\\/2025\\\/04\\\/cropped-logo-yara-creatyque.png?fit=760%2C100&ssl=1\",\"contentUrl\":\"https:\\\/\\\/i0.wp.com\\\/yaracreatyque.fr\\\/wp-content\\\/uploads\\\/2025\\\/04\\\/cropped-logo-yara-creatyque.png?fit=760%2C100&ssl=1\",\"width\":760,\"height\":100,\"caption\":\"Yara Creatyque\"},\"image\":{\"@id\":\"https:\\\/\\\/yaracreatyque.fr\\\/#\\\/schema\\\/logo\\\/image\\\/\"}}]}<\/script>\n<!-- \/ Yoast SEO plugin. -->",
    "yoast_head_json": {
        "title": "Archives des gestion du stress - Yara Creatyque",
        "robots": {
            "index": "index",
            "follow": "follow",
            "max-snippet": "max-snippet:-1",
            "max-image-preview": "max-image-preview:large",
            "max-video-preview": "max-video-preview:-1"
        },
        "canonical": "https:\/\/yaracreatyque.fr\/en\/?tag=gestion-du-stress",
        "og_locale": "en_GB",
        "og_type": "article",
        "og_title": "Archives des gestion du stress - Yara Creatyque",
        "og_description": "La gestion du stress consiste \u00e0 adopter des strat\u00e9gies pour r\u00e9duire, contr\u00f4ler et pr\u00e9venir les effets n\u00e9gatifs du stress sur le corps et l&rsquo;esprit. En utilisant des techniques comme la relaxation, la m\u00e9ditation, l&rsquo;exercice physique et la gestion du temps, il est possible de diminuer l&rsquo;anxi\u00e9t\u00e9, am\u00e9liorer la concentration et favoriser un bien-\u00eatre g\u00e9n\u00e9ral. D\u00e9couvrez des m\u00e9thodes \u00e9prouv\u00e9es pour mieux g\u00e9rer le stress au quotidien et maintenir un \u00e9quilibre mental et physique durable.",
        "og_url": "https:\/\/yaracreatyque.fr\/en\/?tag=gestion-du-stress",
        "og_site_name": "Yara Creatyque",
        "twitter_card": "summary_large_image",
        "schema": {
            "@context": "https:\/\/schema.org",
            "@graph": [
                {
                    "@type": "CollectionPage",
                    "@id": "https:\/\/yaracreatyque.fr\/?tag=gestion-du-stress",
                    "url": "https:\/\/yaracreatyque.fr\/?tag=gestion-du-stress",
                    "name": "Archives des gestion du stress - Yara Creatyque",
                    "isPartOf": {
                        "@id": "https:\/\/yaracreatyque.fr\/#website"
                    },
                    "breadcrumb": {
                        "@id": "https:\/\/yaracreatyque.fr\/?tag=gestion-du-stress#breadcrumb"
                    },
                    "inLanguage": "en-GB"
                },
                {
                    "@type": "BreadcrumbList",
                    "@id": "https:\/\/yaracreatyque.fr\/?tag=gestion-du-stress#breadcrumb",
                    "itemListElement": [
                        {
                            "@type": "ListItem",
                            "position": 1,
                            "name": "Accueil",
                            "item": "https:\/\/yaracreatyque.fr\/"
                        },
                        {
                            "@type": "ListItem",
                            "position": 2,
                            "name": "gestion du stress"
                        }
                    ]
                },
                {
                    "@type": "WebSite",
                    "@id": "https:\/\/yaracreatyque.fr\/#website",
                    "url": "https:\/\/yaracreatyque.fr\/",
                    "name": "Yara Creatyque",
                    "description": "Explorez l&#039;art du coloriage g\u00e9om\u00e9trique et introspectif \u00e0 travers un espace d\u00e9di\u00e9 \u00e0 la cr\u00e9ation et au bien-\u00eatre par le coloriage th\u00e9rapeutique. D\u00e9couvrez des livres de coloriages uniques alliant designs g\u00e9om\u00e9triques modernes et introspection, con\u00e7us pour stimuler la cr\u00e9ativit\u00e9, favoriser la relaxation et encourager l&#039;expression de soi.",
                    "publisher": {
                        "@id": "https:\/\/yaracreatyque.fr\/#organization"
                    },
                    "potentialAction": [
                        {
                            "@type": "SearchAction",
                            "target": {
                                "@type": "EntryPoint",
                                "urlTemplate": "https:\/\/yaracreatyque.fr\/?s={search_term_string}"
                            },
                            "query-input": {
                                "@type": "PropertyValueSpecification",
                                "valueRequired": true,
                                "valueName": "search_term_string"
                            }
                        }
                    ],
                    "inLanguage": "en-GB"
                },
                {
                    "@type": "Organization",
                    "@id": "https:\/\/yaracreatyque.fr\/#organization",
                    "name": "Yara Creatyque",
                    "url": "https:\/\/yaracreatyque.fr\/",
                    "logo": {
                        "@type": "ImageObject",
                        "inLanguage": "en-GB",
                        "@id": "https:\/\/yaracreatyque.fr\/#\/schema\/logo\/image\/",
                        "url": "https:\/\/i0.wp.com\/yaracreatyque.fr\/wp-content\/uploads\/2025\/04\/cropped-logo-yara-creatyque.png?fit=760%2C100&ssl=1",
                        "contentUrl": "https:\/\/i0.wp.com\/yaracreatyque.fr\/wp-content\/uploads\/2025\/04\/cropped-logo-yara-creatyque.png?fit=760%2C100&ssl=1",
                        "width": 760,
                        "height": 100,
                        "caption": "Yara Creatyque"
                    },
                    "image": {
                        "@id": "https:\/\/yaracreatyque.fr\/#\/schema\/logo\/image\/"
                    }
                }
            ]
        }
    },
    "_links": {
        "self": [
            {
                "href": "https:\/\/yaracreatyque.fr\/en\/index.php?rest_route=\/wp\/v2\/tags\/874469",
                "targetHints": {
                    "allow": [
                        "GET"
                    ]
                }
            }
        ],
        "collection": [
            {
                "href": "https:\/\/yaracreatyque.fr\/en\/index.php?rest_route=\/wp\/v2\/tags"
            }
        ],
        "about": [
            {
                "href": "https:\/\/yaracreatyque.fr\/en\/index.php?rest_route=\/wp\/v2\/taxonomies\/post_tag"
            }
        ],
        "wp:post_type": [
            {
                "href": "https:\/\/yaracreatyque.fr\/en\/index.php?rest_route=%2Fwp%2Fv2%2Fposts&tags=874469"
            }
        ],
        "curies": [
            {
                "name": "wp",
                "href": "https:\/\/api.w.org\/{rel}",
                "templated": true
            }
        ]
    }
}