{"id":1031,"date":"2025-03-31T17:40:15","date_gmt":"2025-03-31T15:40:15","guid":{"rendered":"https:\/\/yaracreatyque.fr\/?p=1031"},"modified":"2025-03-31T18:08:47","modified_gmt":"2025-03-31T16:08:47","slug":"%f0%9f%90%be-le-murmure-du-chat","status":"publish","type":"post","link":"https:\/\/yaracreatyque.fr\/?p=1031","title":{"rendered":"\ud83d\udc3e Le murmure du chat \u2013"},"content":{"rendered":"\n<p class=\"has-text-align-center wp-block-paragraph\"><strong>Quand l\u2019intuition veille en silence<\/strong><\/p>\n\n\n\n<div style=\"height:77px\" aria-hidden=\"true\" class=\"wp-block-spacer\"><\/div>\n\n\n\n<figure data-wp-context=\"{&quot;imageId&quot;:&quot;69ef1b09c64f4&quot;}\" data-wp-interactive=\"core\/image\" data-wp-key=\"69ef1b09c64f4\" class=\"wp-block-image size-large wp-lightbox-container\"><img data-recalc-dims=\"1\" loading=\"lazy\" decoding=\"async\" width=\"5000\" height=\"5000\" data-attachment-id=\"897\" data-permalink=\"https:\/\/yaracreatyque.fr\/?attachment_id=897\" data-orig-file=\"https:\/\/i0.wp.com\/yaracreatyque.fr\/wp-content\/uploads\/2025\/03\/tete-chat-geometrique-epure-yara-creatyque.png?fit=5000%2C5000&amp;ssl=1\" data-orig-size=\"5000,5000\" data-comments-opened=\"0\" data-image-meta=\"{&quot;aperture&quot;:&quot;0&quot;,&quot;credit&quot;:&quot;&quot;,&quot;camera&quot;:&quot;&quot;,&quot;caption&quot;:&quot;&quot;,&quot;created_timestamp&quot;:&quot;0&quot;,&quot;copyright&quot;:&quot;&quot;,&quot;focal_length&quot;:&quot;0&quot;,&quot;iso&quot;:&quot;0&quot;,&quot;shutter_speed&quot;:&quot;0&quot;,&quot;title&quot;:&quot;&quot;,&quot;orientation&quot;:&quot;0&quot;}\" data-image-title=\"T\u00eate de chat g\u00e9om\u00e9trique \u2013 Intuition &amp;amp; perception subtile | Yara Creatyque\" data-image-description=\"&lt;p&gt;T\u00eate de chat stylis\u00e9e en lignes g\u00e9om\u00e9triques, centr\u00e9e sur le th\u00e8me de l\u2019intuition. Cette illustration introspective fait partie de la collection de Yara Creatyque d\u00e9di\u00e9e \u00e0 l\u2019exploration de soi \u00e0 travers la symbolique animale et les formes sacr\u00e9es.&lt;\/p&gt;\n\" data-image-caption=\"&lt;p&gt;T\u00eate de chat \u2013 Une invitation \u00e0 \u00e9couter son intuition et \u00e0 suivre ses ressentis profonds.&lt;\/p&gt;\n\" data-large-file=\"https:\/\/i0.wp.com\/yaracreatyque.fr\/wp-content\/uploads\/2025\/03\/tete-chat-geometrique-epure-yara-creatyque.png?fit=1024%2C1024&amp;ssl=1\" data-wp-class--hide=\"state.isContentHidden\" data-wp-class--show=\"state.isContentVisible\" data-wp-init=\"callbacks.setButtonStyles\" data-wp-on--click=\"actions.showLightbox\" data-wp-on--load=\"callbacks.setButtonStyles\" data-wp-on--pointerdown=\"actions.preloadImage\" data-wp-on--pointerenter=\"actions.preloadImageWithDelay\" data-wp-on--pointerleave=\"actions.cancelPreload\" data-wp-on-window--resize=\"callbacks.setButtonStyles\" src=\"https:\/\/i0.wp.com\/yaracreatyque.fr\/wp-content\/uploads\/2025\/03\/tete-chat-geometrique-epure-yara-creatyque.png?resize=5000%2C5000&#038;ssl=1\" alt=\"Illustration g\u00e9om\u00e9trique minimaliste d\u2019une t\u00eate de chat stylis\u00e9e. Symbole d\u2019intuition, de clairvoyance et de perception int\u00e9rieure. Design sign\u00e9 Yara Creatyque.\" class=\"wp-image-897\" \/><button\n\t\t\tclass=\"lightbox-trigger\"\n\t\t\ttype=\"button\"\n\t\t\taria-haspopup=\"dialog\"\n\t\t\tdata-wp-bind--aria-label=\"state.thisImage.triggerButtonAriaLabel\"\n\t\t\tdata-wp-init=\"callbacks.initTriggerButton\"\n\t\t\tdata-wp-on--click=\"actions.showLightbox\"\n\t\t\tdata-wp-style--right=\"state.thisImage.buttonRight\"\n\t\t\tdata-wp-style--top=\"state.thisImage.buttonTop\"\n\t\t>\n\t\t\t<svg xmlns=\"http:\/\/www.w3.org\/2000\/svg\" width=\"12\" height=\"12\" fill=\"none\" viewBox=\"0 0 12 12\">\n\t\t\t\t<path fill=\"#fff\" d=\"M2 0a2 2 0 0 0-2 2v2h1.5V2a.5.5 0 0 1 .5-.5h2V0H2Zm2 10.5H2a.5.5 0 0 1-.5-.5V8H0v2a2 2 0 0 0 2 2h2v-1.5ZM8 12v-1.5h2a.5.5 0 0 0 .5-.5V8H12v2a2 2 0 0 1-2 2H8Zm2-12a2 2 0 0 1 2 2v2h-1.5V2a.5.5 0 0 0-.5-.5H8V0h2Z\" \/>\n\t\t\t<\/svg>\n\t\t<\/button><figcaption class=\"wp-element-caption\">T\u00eate de chat \u2013 Une invitation \u00e0 \u00e9couter son intuition et \u00e0 suivre ses ressentis profonds.<\/figcaption><\/figure>\n\n\n\n<div class=\"wp-block-group alignfull has-global-padding is-layout-constrained wp-container-core-group-is-layout-14b40b51 wp-block-group-is-layout-constrained\" style=\"border-top-color:#4043501a;border-top-width:1px;border-bottom-color:#4043501a;border-bottom-width:1px;margin-top:0;margin-bottom:0;padding-top:var(--wp--preset--spacing--20);padding-bottom:var(--wp--preset--spacing--20)\">\n<div style=\"height:calc( 0.25 * var(--wp--style--root--padding-right, var(--wp--custom--gap--horizontal)))\" aria-hidden=\"true\" class=\"wp-block-spacer\"><\/div>\n\n\n\n<p class=\"has-text-align-center wp-block-paragraph\">Il y a dans le regard du chat un silence qui traverse.<br>Ce dessin g\u00e9om\u00e9trique, \u00e0 la fois minimal et puissant, nous invite \u00e0 \u00e9couter notre boussole int\u00e9rieure.<br>\u00c0 travers lui, c\u2019est l\u2019intuition qui se r\u00e9v\u00e8le, en filigrane, en vibration.<br>Cette page t\u2019invite \u00e0 explorer cette \u00e9nergie, \u00e0 ton rythme.<\/p>\n\n\n\n<div style=\"height:calc( 0.25 * var(--wp--style--root--padding-right, var(--wp--custom--gap--horizontal)))\" aria-hidden=\"true\" class=\"wp-block-spacer\"><\/div>\n\n\n\n<div class=\"wp-block-media-text is-stacked-on-mobile has-theme-3-background-color has-background\"><figure class=\"wp-block-media-text__media\"><img data-recalc-dims=\"1\" loading=\"lazy\" decoding=\"async\" width=\"5000\" height=\"5000\" data-attachment-id=\"1043\" data-permalink=\"https:\/\/yaracreatyque.fr\/?attachment_id=1043\" data-orig-file=\"https:\/\/i0.wp.com\/yaracreatyque.fr\/wp-content\/uploads\/2025\/03\/tete-de-chat-geometrique-intuition-yara-creatyque.png?fit=5000%2C5000&amp;ssl=1\" data-orig-size=\"5000,5000\" data-comments-opened=\"0\" data-image-meta=\"{&quot;aperture&quot;:&quot;0&quot;,&quot;credit&quot;:&quot;&quot;,&quot;camera&quot;:&quot;&quot;,&quot;caption&quot;:&quot;&quot;,&quot;created_timestamp&quot;:&quot;0&quot;,&quot;copyright&quot;:&quot;&quot;,&quot;focal_length&quot;:&quot;0&quot;,&quot;iso&quot;:&quot;0&quot;,&quot;shutter_speed&quot;:&quot;0&quot;,&quot;title&quot;:&quot;&quot;,&quot;orientation&quot;:&quot;0&quot;}\" data-image-title=\"T\u00eate de chat g\u00e9om\u00e9trique \u2013 Intuition &amp;amp; perception subtile | Yara Creatyque\" data-image-description=\"&lt;p&gt;T\u00eate de chat stylis\u00e9e en lignes g\u00e9om\u00e9triques, centr\u00e9e sur le th\u00e8me de l\u2019intuition. Cette illustration introspective fait partie de la collection de Yara Creatyque d\u00e9di\u00e9e \u00e0 l\u2019exploration de soi \u00e0 travers la symbolique animale et les formes sacr\u00e9es. Disponible avec une fiche d\u2019interpr\u00e9tation t\u00e9l\u00e9chargeable r\u00e9serv\u00e9e aux abonn\u00e9s.&lt;\/p&gt;\n\" data-image-caption=\"&lt;p&gt;T\u00eate de chat \u2013 Une invitation \u00e0 \u00e9couter son intuition et \u00e0 suivre ses ressentis profonds.&lt;\/p&gt;\n\" data-large-file=\"https:\/\/i0.wp.com\/yaracreatyque.fr\/wp-content\/uploads\/2025\/03\/tete-de-chat-geometrique-intuition-yara-creatyque.png?fit=1024%2C1024&amp;ssl=1\" src=\"https:\/\/i0.wp.com\/yaracreatyque.fr\/wp-content\/uploads\/2025\/03\/tete-de-chat-geometrique-intuition-yara-creatyque.png?resize=5000%2C5000&#038;ssl=1\" alt=\"Illustration g\u00e9om\u00e9trique minimaliste d\u2019une t\u00eate de chat stylis\u00e9e. Symbole d\u2019intuition, de clairvoyance et de perception int\u00e9rieure. Design sign\u00e9 Yara Creatyque.\" class=\"wp-image-1043 size-full\" \/><\/figure><div class=\"wp-block-media-text__content\">\n<div style=\"height:var(--wp--preset--spacing--20)\" aria-hidden=\"true\" class=\"wp-block-spacer\"><\/div>\n\n\n\n<h2 class=\"wp-block-heading has-text-align-center has-large-font-size\"><strong>Description de la fiche \u00e0 t\u00e9l\u00e9charger<\/strong><\/h2>\n\n\n\n<blockquote class=\"wp-block-quote is-layout-flow wp-block-quote-is-layout-flow\">\n<p class=\"wp-block-paragraph\">La fiche d\u2019interpr\u00e9tation associ\u00e9e \u00e0 cette illustration comprend:<\/p>\n\n\n\n<p class=\"wp-block-paragraph\"><br>\u2022 Le design \u00e0 imprimer<\/p>\n\n\n\n<p class=\"wp-block-paragraph\">\u2022 Une lecture symbolique et introspective du dessin<\/p>\n\n\n\n<p class=\"wp-block-paragraph\"><br>\u2022 Des pistes de r\u00e9flexion personnelles et collectives<\/p>\n\n\n\n<p class=\"wp-block-paragraph\"><br>\u2022 Deux mantras inspirant<\/p>\n\n\n\n<p class=\"wp-block-paragraph\"><br>\u2022 12 questions guid\u00e9es pour explorer ton lien \u00e0 l\u2019intuition<\/p>\n\n\n\n<p class=\"wp-block-paragraph\"><br>\u2022 Une version en fran\u00e7ais &amp; en anglais<\/p>\n\n\n\n<p class=\"wp-block-paragraph\"><br>\u2022 Un format A4 pr\u00eat \u00e0 imprimer ou \u00e0 remplir en ligne<\/p>\n\n\n\n<div style=\"height:33px\" aria-hidden=\"true\" class=\"wp-block-spacer\"><\/div>\n<\/blockquote>\n\n\n\n<p class=\"has-text-align-center wp-block-paragraph\">\u2728 *<em>R\u00e9serv\u00e9e aux abonn\u00e9s VIP  <\/em><\/p>\n\n\n\n<p class=\"has-text-align-center wp-block-paragraph\"><em>Ressource exclusive de l\u2019univers <\/em><\/p>\n\n\n\n<p class=\"has-text-align-center wp-block-paragraph\"><em>Yara Creatyque<\/em><\/p>\n\n\n\n<div style=\"height:var(--wp--preset--spacing--20)\" aria-hidden=\"true\" class=\"wp-block-spacer\"><\/div>\n<\/div><\/div>\n\n\n\n<div style=\"height:var(--wp--preset--spacing--20)\" aria-hidden=\"true\" class=\"wp-block-spacer\"><\/div>\n<\/div>\n\n\n\n\n<div class=\"wp-block-columns jetpack-paywall-simple is-layout-flex wp-container-core-columns-is-layout-3b811c60 wp-block-columns-is-layout-flex\" style=\"display: inline-block; width: 90%\">\n    \n    <div class=\"wp-block-column is-layout-flow wp-block-column-is-layout-flow\" style=\"background-color: #F6F7F7; padding: 32px; 24px;\">\n        \n        <h2 class=\"has-text-align-center wp-block-heading\" style=\"margin: 0 0 12px; font-weight: 600;\">S\u2019abonner pour poursuivre la lecture<\/h2>\n        \n        \n        <p class=\"has-text-align-center wp-block-paragraph\"\n           style=\"text-align: center;\n                  color: #50575E;\n                  font-weight: 400;\n                  font-size: 16px;\n                  font-family: 'SF Pro Text', sans-serif;\n                  line-height: 28.8px;\">\n        Il s\u2019agit d\u2019un article r\u00e9serv\u00e9 aux abonn\u00e9s. Abonnez-vous pour avoir acc\u00e8s \u00e0 la suite de cette publication et au contenu r\u00e9serv\u00e9 aux abonn\u00e9s.\n        <\/p>\n        \n        \n        <div class=\"wp-block-buttons is-layout-flex wp-block-buttons-is-layout-flex\" style=\"text-align: center;\">\n            \n            <div class=\"wp-block-button\" style=\"display: inline-block; margin: 10px 0; border-style: none; padding: 0;\">\n                <a href=\"https:\/\/yaracreatyque.fr\/?post_type=post&#038;p=1031\" class=\"wp-block-button__link wp-element-button\"\n                   data-wpcom-track data-tracks-link-desc=\"paywall-email-click\"\n                   style=\"display: inline-block;\n                          padding: 12px 15px;\n                          background-color: #3858e9;\n                          color: #FFFFFF;\n                          text-decoration: none;\n                          border-radius: 5px;\n                          font-family: 'SF Pro Display', sans-serif;\n                          font-weight: 500;\n                          font-size: 16px;\n                          text-align: center;\">Abonnez-vous<\/a>\n            <\/div>\n            \n        <\/div>\n        \n    <\/div>\n    \n<\/div>\n\n","protected":false},"excerpt":{"rendered":"<p>Cette fiche d\u2019interpr\u00e9tation te propose une exploration de l\u2019intuition \u00e0 travers un dessin g\u00e9om\u00e9trique de t\u00eate de chat. Symbolique, questions guid\u00e9es, et pistes de reconnexion int\u00e9rieure t\u2019y attendent.<\/p>\n","protected":false},"author":263724410,"featured_media":1043,"comment_status":"open","ping_status":"open","sticky":false,"template":"","format":"standard","meta":{"_crdt_document":"","_jetpack_newsletter_access":"subscribers","_jetpack_dont_email_post_to_subs":false,"_jetpack_newsletter_tier_id":0,"_jetpack_memberships_contains_paywalled_content":true,"_jetpack_memberships_contains_paid_content":true,"footnotes":"","jetpack_publicize_message":"","jetpack_publicize_feature_enabled":true,"jetpack_social_post_already_shared":false,"jetpack_social_options":{"image_generator_settings":{"template":"highway","enabled":false},"version":2},"_wpas_customize_per_network":false,"jetpack_post_was_ever_published":false},"categories":[779370771,779370710],"tags":[779251451,40316052,8096324,779370855,386775547,779370861],"class_list":["post-1031","post","type-post","status-publish","format-standard","has-post-thumbnail","hentry","category-presences-animales","category-suivre-mes-lignes-sur-le-chemin","tag-art-therapie-geometrique","tag-auto-therapie","tag-exploration-de-soi","tag-guide-dinterpretation","tag-introspection-creative","tag-intuition-feline"],"yoast_head":"<!-- This site is optimized with the Yoast SEO plugin v27.4 - https:\/\/yoast.com\/product\/yoast-seo-wordpress\/ -->\n<title>\ud83d\udc3e Le murmure du chat \u2013 - Yara Creatyque<\/title>\n<meta name=\"robots\" content=\"index, follow, max-snippet:-1, max-image-preview:large, max-video-preview:-1\" \/>\n<link rel=\"canonical\" href=\"https:\/\/yaracreatyque.fr\/?p=1031\" \/>\n<meta property=\"og:locale\" content=\"fr_FR\" \/>\n<meta property=\"og:type\" content=\"article\" \/>\n<meta property=\"og:title\" content=\"\ud83d\udc3e Le murmure du chat \u2013 - Yara Creatyque\" \/>\n<meta property=\"og:description\" content=\"Cette fiche d\u2019interpr\u00e9tation te propose une exploration de l\u2019intuition \u00e0 travers un dessin g\u00e9om\u00e9trique de t\u00eate de chat. Symbolique, questions guid\u00e9es, et pistes de reconnexion int\u00e9rieure t\u2019y attendent.\" \/>\n<meta property=\"og:url\" content=\"https:\/\/yaracreatyque.fr\/?p=1031\" \/>\n<meta property=\"og:site_name\" content=\"Yara Creatyque\" \/>\n<meta property=\"article:published_time\" content=\"2025-03-31T15:40:15+00:00\" \/>\n<meta property=\"article:modified_time\" content=\"2025-03-31T16:08:47+00:00\" \/>\n<meta property=\"og:image\" content=\"https:\/\/yaracreatyque.fr\/wp-content\/uploads\/2025\/03\/tete-de-chat-geometrique-intuition-yara-creatyque.png\" \/>\n\t<meta property=\"og:image:width\" content=\"1024\" \/>\n\t<meta property=\"og:image:height\" content=\"1024\" \/>\n\t<meta property=\"og:image:type\" content=\"image\/png\" \/>\n<meta name=\"author\" content=\"Yara\" \/>\n<meta name=\"twitter:card\" content=\"summary_large_image\" \/>\n<meta name=\"twitter:label1\" content=\"\u00c9crit par\" \/>\n\t<meta name=\"twitter:data1\" content=\"Yara\" \/>\n\t<meta name=\"twitter:label2\" content=\"Dur\u00e9e de lecture estim\u00e9e\" \/>\n\t<meta name=\"twitter:data2\" content=\"3 minutes\" \/>\n<script type=\"application\/ld+json\" class=\"yoast-schema-graph\">{\"@context\":\"https:\\\/\\\/schema.org\",\"@graph\":[{\"@type\":\"Article\",\"@id\":\"https:\\\/\\\/yaracreatyque.fr\\\/?p=1031#article\",\"isPartOf\":{\"@id\":\"https:\\\/\\\/yaracreatyque.fr\\\/?p=1031\"},\"author\":{\"name\":\"Yara\",\"@id\":\"https:\\\/\\\/yaracreatyque.fr\\\/#\\\/schema\\\/person\\\/eb6b12b5443042def80bb9efe0d0b3b1\"},\"headline\":\"\ud83d\udc3e Le murmure du chat \u2013\",\"datePublished\":\"2025-03-31T15:40:15+00:00\",\"dateModified\":\"2025-03-31T16:08:47+00:00\",\"mainEntityOfPage\":{\"@id\":\"https:\\\/\\\/yaracreatyque.fr\\\/?p=1031\"},\"wordCount\":604,\"commentCount\":0,\"publisher\":{\"@id\":\"https:\\\/\\\/yaracreatyque.fr\\\/#organization\"},\"image\":{\"@id\":\"https:\\\/\\\/yaracreatyque.fr\\\/?p=1031#primaryimage\"},\"thumbnailUrl\":\"https:\\\/\\\/i0.wp.com\\\/yaracreatyque.fr\\\/wp-content\\\/uploads\\\/2025\\\/03\\\/tete-de-chat-geometrique-intuition-yara-creatyque.png?fit=5000%2C5000&ssl=1\",\"keywords\":[\"art-th\u00e9rapie g\u00e9om\u00e9trique\",\"auto-th\u00e9rapie\",\"Exploration de soi\",\"guide d'interpretation\",\"introspection cr\u00e9ative\",\"intuition f\u00e9line\"],\"articleSection\":[\"Pr\u00e9sences animales\",\"Suivre mes lignes sur le chemin\"],\"inLanguage\":\"fr-FR\",\"potentialAction\":[{\"@type\":\"CommentAction\",\"name\":\"Comment\",\"target\":[\"https:\\\/\\\/yaracreatyque.fr\\\/?p=1031#respond\"]}]},{\"@type\":\"WebPage\",\"@id\":\"https:\\\/\\\/yaracreatyque.fr\\\/?p=1031\",\"url\":\"https:\\\/\\\/yaracreatyque.fr\\\/?p=1031\",\"name\":\"\ud83d\udc3e Le murmure du chat \u2013 - Yara Creatyque\",\"isPartOf\":{\"@id\":\"https:\\\/\\\/yaracreatyque.fr\\\/#website\"},\"primaryImageOfPage\":{\"@id\":\"https:\\\/\\\/yaracreatyque.fr\\\/?p=1031#primaryimage\"},\"image\":{\"@id\":\"https:\\\/\\\/yaracreatyque.fr\\\/?p=1031#primaryimage\"},\"thumbnailUrl\":\"https:\\\/\\\/i0.wp.com\\\/yaracreatyque.fr\\\/wp-content\\\/uploads\\\/2025\\\/03\\\/tete-de-chat-geometrique-intuition-yara-creatyque.png?fit=5000%2C5000&ssl=1\",\"datePublished\":\"2025-03-31T15:40:15+00:00\",\"dateModified\":\"2025-03-31T16:08:47+00:00\",\"breadcrumb\":{\"@id\":\"https:\\\/\\\/yaracreatyque.fr\\\/?p=1031#breadcrumb\"},\"inLanguage\":\"fr-FR\",\"potentialAction\":[{\"@type\":\"ReadAction\",\"target\":[\"https:\\\/\\\/yaracreatyque.fr\\\/?p=1031\"]}]},{\"@type\":\"ImageObject\",\"inLanguage\":\"fr-FR\",\"@id\":\"https:\\\/\\\/yaracreatyque.fr\\\/?p=1031#primaryimage\",\"url\":\"https:\\\/\\\/i0.wp.com\\\/yaracreatyque.fr\\\/wp-content\\\/uploads\\\/2025\\\/03\\\/tete-de-chat-geometrique-intuition-yara-creatyque.png?fit=5000%2C5000&ssl=1\",\"contentUrl\":\"https:\\\/\\\/i0.wp.com\\\/yaracreatyque.fr\\\/wp-content\\\/uploads\\\/2025\\\/03\\\/tete-de-chat-geometrique-intuition-yara-creatyque.png?fit=5000%2C5000&ssl=1\",\"width\":5000,\"height\":5000,\"caption\":\"T\u00eate de chat \u2013 Une invitation \u00e0 \u00e9couter son intuition et \u00e0 suivre ses ressentis profonds.\"},{\"@type\":\"BreadcrumbList\",\"@id\":\"https:\\\/\\\/yaracreatyque.fr\\\/?p=1031#breadcrumb\",\"itemListElement\":[{\"@type\":\"ListItem\",\"position\":1,\"name\":\"Accueil\",\"item\":\"https:\\\/\\\/yaracreatyque.fr\\\/\"},{\"@type\":\"ListItem\",\"position\":2,\"name\":\"\ud83d\udc3e Le murmure du chat \u2013\"}]},{\"@type\":\"WebSite\",\"@id\":\"https:\\\/\\\/yaracreatyque.fr\\\/#website\",\"url\":\"https:\\\/\\\/yaracreatyque.fr\\\/\",\"name\":\"Yara Creatyque\",\"description\":\"Explorez l&#039;art du coloriage g\u00e9om\u00e9trique et introspectif \u00e0 travers un espace d\u00e9di\u00e9 \u00e0 la cr\u00e9ation et au bien-\u00eatre par le coloriage th\u00e9rapeutique. D\u00e9couvrez des livres de coloriages uniques alliant designs g\u00e9om\u00e9triques modernes et introspection, con\u00e7us pour stimuler la cr\u00e9ativit\u00e9, favoriser la relaxation et encourager l&#039;expression de soi.\",\"publisher\":{\"@id\":\"https:\\\/\\\/yaracreatyque.fr\\\/#organization\"},\"potentialAction\":[{\"@type\":\"SearchAction\",\"target\":{\"@type\":\"EntryPoint\",\"urlTemplate\":\"https:\\\/\\\/yaracreatyque.fr\\\/?s={search_term_string}\"},\"query-input\":{\"@type\":\"PropertyValueSpecification\",\"valueRequired\":true,\"valueName\":\"search_term_string\"}}],\"inLanguage\":\"fr-FR\"},{\"@type\":\"Organization\",\"@id\":\"https:\\\/\\\/yaracreatyque.fr\\\/#organization\",\"name\":\"Yara Creatyque\",\"url\":\"https:\\\/\\\/yaracreatyque.fr\\\/\",\"logo\":{\"@type\":\"ImageObject\",\"inLanguage\":\"fr-FR\",\"@id\":\"https:\\\/\\\/yaracreatyque.fr\\\/#\\\/schema\\\/logo\\\/image\\\/\",\"url\":\"https:\\\/\\\/i0.wp.com\\\/yaracreatyque.fr\\\/wp-content\\\/uploads\\\/2025\\\/04\\\/cropped-logo-yara-creatyque.png?fit=760%2C100&ssl=1\",\"contentUrl\":\"https:\\\/\\\/i0.wp.com\\\/yaracreatyque.fr\\\/wp-content\\\/uploads\\\/2025\\\/04\\\/cropped-logo-yara-creatyque.png?fit=760%2C100&ssl=1\",\"width\":760,\"height\":100,\"caption\":\"Yara Creatyque\"},\"image\":{\"@id\":\"https:\\\/\\\/yaracreatyque.fr\\\/#\\\/schema\\\/logo\\\/image\\\/\"}},{\"@type\":\"Person\",\"@id\":\"https:\\\/\\\/yaracreatyque.fr\\\/#\\\/schema\\\/person\\\/eb6b12b5443042def80bb9efe0d0b3b1\",\"name\":\"Yara\",\"image\":{\"@type\":\"ImageObject\",\"inLanguage\":\"fr-FR\",\"@id\":\"https:\\\/\\\/secure.gravatar.com\\\/avatar\\\/efd2cac8022c1412d4c307ac3673692a775ca432d7ec66f29449f6befb6dc021?s=96&d=identicon&r=g\",\"url\":\"https:\\\/\\\/secure.gravatar.com\\\/avatar\\\/efd2cac8022c1412d4c307ac3673692a775ca432d7ec66f29449f6befb6dc021?s=96&d=identicon&r=g\",\"contentUrl\":\"https:\\\/\\\/secure.gravatar.com\\\/avatar\\\/efd2cac8022c1412d4c307ac3673692a775ca432d7ec66f29449f6befb6dc021?s=96&d=identicon&r=g\",\"caption\":\"Yara\"},\"description\":\"Artiste d'illustrations g\u00e9om\u00e9triques et auteure de livres auto-\u00e9dit\u00e9s\",\"sameAs\":[\"http:\\\/\\\/yaracreatyque.fr\"],\"url\":\"https:\\\/\\\/yaracreatyque.fr\\\/?author=263724410\"}]}<\/script>\n<!-- \/ Yoast SEO plugin. -->","yoast_head_json":{"title":"\ud83d\udc3e Le murmure du chat \u2013 - Yara Creatyque","robots":{"index":"index","follow":"follow","max-snippet":"max-snippet:-1","max-image-preview":"max-image-preview:large","max-video-preview":"max-video-preview:-1"},"canonical":"https:\/\/yaracreatyque.fr\/?p=1031","og_locale":"fr_FR","og_type":"article","og_title":"\ud83d\udc3e Le murmure du chat \u2013 - Yara Creatyque","og_description":"Cette fiche d\u2019interpr\u00e9tation te propose une exploration de l\u2019intuition \u00e0 travers un dessin g\u00e9om\u00e9trique de t\u00eate de chat. Symbolique, questions guid\u00e9es, et pistes de reconnexion int\u00e9rieure t\u2019y attendent.","og_url":"https:\/\/yaracreatyque.fr\/?p=1031","og_site_name":"Yara Creatyque","article_published_time":"2025-03-31T15:40:15+00:00","article_modified_time":"2025-03-31T16:08:47+00:00","og_image":[{"url":"https:\/\/yaracreatyque.fr\/wp-content\/uploads\/2025\/03\/tete-de-chat-geometrique-intuition-yara-creatyque.png","width":1024,"height":1024,"type":"image\/png"}],"author":"Yara","twitter_card":"summary_large_image","twitter_misc":{"\u00c9crit par":"Yara","Dur\u00e9e de lecture estim\u00e9e":"3 minutes"},"schema":{"@context":"https:\/\/schema.org","@graph":[{"@type":"Article","@id":"https:\/\/yaracreatyque.fr\/?p=1031#article","isPartOf":{"@id":"https:\/\/yaracreatyque.fr\/?p=1031"},"author":{"name":"Yara","@id":"https:\/\/yaracreatyque.fr\/#\/schema\/person\/eb6b12b5443042def80bb9efe0d0b3b1"},"headline":"\ud83d\udc3e Le murmure du chat \u2013","datePublished":"2025-03-31T15:40:15+00:00","dateModified":"2025-03-31T16:08:47+00:00","mainEntityOfPage":{"@id":"https:\/\/yaracreatyque.fr\/?p=1031"},"wordCount":604,"commentCount":0,"publisher":{"@id":"https:\/\/yaracreatyque.fr\/#organization"},"image":{"@id":"https:\/\/yaracreatyque.fr\/?p=1031#primaryimage"},"thumbnailUrl":"https:\/\/i0.wp.com\/yaracreatyque.fr\/wp-content\/uploads\/2025\/03\/tete-de-chat-geometrique-intuition-yara-creatyque.png?fit=5000%2C5000&ssl=1","keywords":["art-th\u00e9rapie g\u00e9om\u00e9trique","auto-th\u00e9rapie","Exploration de soi","guide d'interpretation","introspection cr\u00e9ative","intuition f\u00e9line"],"articleSection":["Pr\u00e9sences animales","Suivre mes lignes sur le chemin"],"inLanguage":"fr-FR","potentialAction":[{"@type":"CommentAction","name":"Comment","target":["https:\/\/yaracreatyque.fr\/?p=1031#respond"]}]},{"@type":"WebPage","@id":"https:\/\/yaracreatyque.fr\/?p=1031","url":"https:\/\/yaracreatyque.fr\/?p=1031","name":"\ud83d\udc3e Le murmure du chat \u2013 - Yara Creatyque","isPartOf":{"@id":"https:\/\/yaracreatyque.fr\/#website"},"primaryImageOfPage":{"@id":"https:\/\/yaracreatyque.fr\/?p=1031#primaryimage"},"image":{"@id":"https:\/\/yaracreatyque.fr\/?p=1031#primaryimage"},"thumbnailUrl":"https:\/\/i0.wp.com\/yaracreatyque.fr\/wp-content\/uploads\/2025\/03\/tete-de-chat-geometrique-intuition-yara-creatyque.png?fit=5000%2C5000&ssl=1","datePublished":"2025-03-31T15:40:15+00:00","dateModified":"2025-03-31T16:08:47+00:00","breadcrumb":{"@id":"https:\/\/yaracreatyque.fr\/?p=1031#breadcrumb"},"inLanguage":"fr-FR","potentialAction":[{"@type":"ReadAction","target":["https:\/\/yaracreatyque.fr\/?p=1031"]}]},{"@type":"ImageObject","inLanguage":"fr-FR","@id":"https:\/\/yaracreatyque.fr\/?p=1031#primaryimage","url":"https:\/\/i0.wp.com\/yaracreatyque.fr\/wp-content\/uploads\/2025\/03\/tete-de-chat-geometrique-intuition-yara-creatyque.png?fit=5000%2C5000&ssl=1","contentUrl":"https:\/\/i0.wp.com\/yaracreatyque.fr\/wp-content\/uploads\/2025\/03\/tete-de-chat-geometrique-intuition-yara-creatyque.png?fit=5000%2C5000&ssl=1","width":5000,"height":5000,"caption":"T\u00eate de chat \u2013 Une invitation \u00e0 \u00e9couter son intuition et \u00e0 suivre ses ressentis profonds."},{"@type":"BreadcrumbList","@id":"https:\/\/yaracreatyque.fr\/?p=1031#breadcrumb","itemListElement":[{"@type":"ListItem","position":1,"name":"Accueil","item":"https:\/\/yaracreatyque.fr\/"},{"@type":"ListItem","position":2,"name":"\ud83d\udc3e Le murmure du chat \u2013"}]},{"@type":"WebSite","@id":"https:\/\/yaracreatyque.fr\/#website","url":"https:\/\/yaracreatyque.fr\/","name":"Yara Creatyque","description":"Explorez l&#039;art du coloriage g\u00e9om\u00e9trique et introspectif \u00e0 travers un espace d\u00e9di\u00e9 \u00e0 la cr\u00e9ation et au bien-\u00eatre par le coloriage th\u00e9rapeutique. D\u00e9couvrez des livres de coloriages uniques alliant designs g\u00e9om\u00e9triques modernes et introspection, con\u00e7us pour stimuler la cr\u00e9ativit\u00e9, favoriser la relaxation et encourager l&#039;expression de soi.","publisher":{"@id":"https:\/\/yaracreatyque.fr\/#organization"},"potentialAction":[{"@type":"SearchAction","target":{"@type":"EntryPoint","urlTemplate":"https:\/\/yaracreatyque.fr\/?s={search_term_string}"},"query-input":{"@type":"PropertyValueSpecification","valueRequired":true,"valueName":"search_term_string"}}],"inLanguage":"fr-FR"},{"@type":"Organization","@id":"https:\/\/yaracreatyque.fr\/#organization","name":"Yara Creatyque","url":"https:\/\/yaracreatyque.fr\/","logo":{"@type":"ImageObject","inLanguage":"fr-FR","@id":"https:\/\/yaracreatyque.fr\/#\/schema\/logo\/image\/","url":"https:\/\/i0.wp.com\/yaracreatyque.fr\/wp-content\/uploads\/2025\/04\/cropped-logo-yara-creatyque.png?fit=760%2C100&ssl=1","contentUrl":"https:\/\/i0.wp.com\/yaracreatyque.fr\/wp-content\/uploads\/2025\/04\/cropped-logo-yara-creatyque.png?fit=760%2C100&ssl=1","width":760,"height":100,"caption":"Yara Creatyque"},"image":{"@id":"https:\/\/yaracreatyque.fr\/#\/schema\/logo\/image\/"}},{"@type":"Person","@id":"https:\/\/yaracreatyque.fr\/#\/schema\/person\/eb6b12b5443042def80bb9efe0d0b3b1","name":"Yara","image":{"@type":"ImageObject","inLanguage":"fr-FR","@id":"https:\/\/secure.gravatar.com\/avatar\/efd2cac8022c1412d4c307ac3673692a775ca432d7ec66f29449f6befb6dc021?s=96&d=identicon&r=g","url":"https:\/\/secure.gravatar.com\/avatar\/efd2cac8022c1412d4c307ac3673692a775ca432d7ec66f29449f6befb6dc021?s=96&d=identicon&r=g","contentUrl":"https:\/\/secure.gravatar.com\/avatar\/efd2cac8022c1412d4c307ac3673692a775ca432d7ec66f29449f6befb6dc021?s=96&d=identicon&r=g","caption":"Yara"},"description":"Artiste d'illustrations g\u00e9om\u00e9triques et auteure de livres auto-\u00e9dit\u00e9s","sameAs":["http:\/\/yaracreatyque.fr"],"url":"https:\/\/yaracreatyque.fr\/?author=263724410"}]}},"jetpack_publicize_connections":[],"jetpack_featured_media_url":"https:\/\/i0.wp.com\/yaracreatyque.fr\/wp-content\/uploads\/2025\/03\/tete-de-chat-geometrique-intuition-yara-creatyque.png?fit=5000%2C5000&ssl=1","jetpack_likes_enabled":true,"jetpack_sharing_enabled":true,"jetpack_shortlink":"https:\/\/wp.me\/pgr1n1-gD","jetpack-related-posts":[],"_links":{"self":[{"href":"https:\/\/yaracreatyque.fr\/index.php?rest_route=\/wp\/v2\/posts\/1031","targetHints":{"allow":["GET"]}}],"collection":[{"href":"https:\/\/yaracreatyque.fr\/index.php?rest_route=\/wp\/v2\/posts"}],"about":[{"href":"https:\/\/yaracreatyque.fr\/index.php?rest_route=\/wp\/v2\/types\/post"}],"author":[{"embeddable":true,"href":"https:\/\/yaracreatyque.fr\/index.php?rest_route=\/wp\/v2\/users\/263724410"}],"replies":[{"embeddable":true,"href":"https:\/\/yaracreatyque.fr\/index.php?rest_route=%2Fwp%2Fv2%2Fcomments&post=1031"}],"version-history":[{"count":25,"href":"https:\/\/yaracreatyque.fr\/index.php?rest_route=\/wp\/v2\/posts\/1031\/revisions"}],"predecessor-version":[{"id":1109,"href":"https:\/\/yaracreatyque.fr\/index.php?rest_route=\/wp\/v2\/posts\/1031\/revisions\/1109"}],"wp:featuredmedia":[{"embeddable":true,"href":"https:\/\/yaracreatyque.fr\/index.php?rest_route=\/wp\/v2\/media\/1043"}],"wp:attachment":[{"href":"https:\/\/yaracreatyque.fr\/index.php?rest_route=%2Fwp%2Fv2%2Fmedia&parent=1031"}],"wp:term":[{"taxonomy":"category","embeddable":true,"href":"https:\/\/yaracreatyque.fr\/index.php?rest_route=%2Fwp%2Fv2%2Fcategories&post=1031"},{"taxonomy":"post_tag","embeddable":true,"href":"https:\/\/yaracreatyque.fr\/index.php?rest_route=%2Fwp%2Fv2%2Ftags&post=1031"}],"curies":[{"name":"wp","href":"https:\/\/api.w.org\/{rel}","templated":true}]}}