{"id":1211,"date":"2025-04-01T18:02:39","date_gmt":"2025-04-01T16:02:39","guid":{"rendered":"https:\/\/yaracreatyque.fr\/?p=1211"},"modified":"2025-04-02T21:31:07","modified_gmt":"2025-04-02T19:31:07","slug":"exemple-concret-dinterpretation-artistique","status":"publish","type":"post","link":"https:\/\/yaracreatyque.fr\/?p=1211","title":{"rendered":"Exemple concret d&rsquo;interpr\u00e9tation artistique"},"content":{"rendered":"\n<div style=\"height:55px\" aria-hidden=\"true\" class=\"wp-block-spacer\"><\/div>\n\n\n\n<hr class=\"wp-block-separator has-alpha-channel-opacity\" \/>\n\n\n\n<h2 class=\"wp-block-heading has-text-align-center has-montserrat-font-family\" style=\"letter-spacing:5px\">Souverainet\u00e9 int\u00e9rieure<\/h2>\n\n\n\n<hr class=\"wp-block-separator has-alpha-channel-opacity\" \/>\n\n\n\n<div style=\"height:55px\" aria-hidden=\"true\" class=\"wp-block-spacer\"><\/div>\n\n\n\n<p class=\"has-text-align-center wp-block-paragraph\">Entre les deux, il n\u2019y a pas un \u201cr\u00e9sultat\u201d.<br>Il y a un moment v\u00e9cu. Une trace int\u00e9rieure.<br>Un \u00e9tat qui s\u2019est transform\u00e9 en forme,<br>et que le papier porte \u00e0 pr\u00e9sent, pour nous all\u00e9ger un peu.<\/p>\n\n\n\n<div style=\"height:33px\" aria-hidden=\"true\" class=\"wp-block-spacer\"><\/div>\n\n\n\n<figure class=\"wp-block-jetpack-image-compare\"><div class=\"juxtapose\" data-mode=\"horizontal\"><img data-recalc-dims=\"1\" loading=\"lazy\" decoding=\"async\" id=\"926\" src=\"https:\/\/i0.wp.com\/yaracreatyque.fr\/wp-content\/uploads\/2025\/03\/lion-design-geometrique-yara-creatyque.png?resize=8125%2C8125&#038;ssl=1\" alt=\"Lion en design g\u00e9om\u00e9trique minimaliste, \u0153uvre de Yara Creatyque, symbolisant la puissance et la majest\u00e9.\" width=\"8125\" height=\"8125\" class=\"image-compare__image-before\" \/><img data-recalc-dims=\"1\" loading=\"lazy\" decoding=\"async\" id=\"934\" src=\"https:\/\/i0.wp.com\/yaracreatyque.fr\/wp-content\/uploads\/2025\/03\/lion-bleu-beige-marron-yara-creatyque.png?resize=8125%2C8125&#038;ssl=1\" alt=\"Lion color\u00e9 en bleu, beige et marron, \u0153uvre g\u00e9om\u00e9trique de Yara Creatyque, symbolisant la force et la royaut\u00e9.\" width=\"8125\" height=\"8125\" class=\"image-compare__image-after\" \/><\/div><\/figure>\n\n\n\n<div style=\"height:11px\" aria-hidden=\"true\" class=\"wp-block-spacer\"><\/div>\n\n\n\n<p class=\"has-text-align-center wp-block-paragraph\">Voyons comment on peut l&rsquo;interpr\u00e9ter pour exemple :<\/p>\n\n\n\n<div style=\"height:11px\" aria-hidden=\"true\" class=\"wp-block-spacer\"><\/div>\n\n\n\n<hr class=\"wp-block-separator has-alpha-channel-opacity\" \/>\n\n\n\n<h2 class=\"wp-block-heading has-text-align-center has-montserrat-font-family has-medium-font-size\" style=\"letter-spacing:5px\">Repr\u00e9sentation globale &amp; symbolique<\/h2>\n\n\n\n<hr class=\"wp-block-separator has-alpha-channel-opacity\" \/>\n\n\n\n<div style=\"height:11px\" aria-hidden=\"true\" class=\"wp-block-spacer\"><\/div>\n\n\n\n<p class=\"has-text-align-center wp-block-paragraph\">Ce dessin repr\u00e9sente un <strong>lion stylis\u00e9<\/strong>, construit enti\u00e8rement \u00e0 partir de triangles, de sym\u00e9tries et de tensions g\u00e9om\u00e9triques internes. <\/p>\n\n\n\n<p class=\"has-text-align-center wp-block-paragraph\">Le visage est frontal, puissant, pos\u00e9.<br>Il n\u2019exprime ni agressivit\u00e9 ni mouvement. Il <strong>observe<\/strong>. Il est l\u00e0. Pleinement.<\/p>\n\n\n\n<p class=\"has-text-align-center wp-block-paragraph\">Le lion symbolise depuis toujours la <strong>force, la noblesse, la souverainet\u00e9<\/strong>.<br>Mais ici, cette force n\u2019est pas rugissante. Elle est <strong>ma\u00eetris\u00e9e, int\u00e9rieure<\/strong>, presque m\u00e9ditative.<br>Les lignes dessinent un masque sacr\u00e9, une figure totem.<br>Ce n\u2019est plus un animal, c\u2019est une <strong>pr\u00e9sence<\/strong>.<\/p>\n\n\n\n<div style=\"height:11px\" aria-hidden=\"true\" class=\"wp-block-spacer\"><\/div>\n\n\n\n<hr class=\"wp-block-separator has-alpha-channel-opacity\" \/>\n\n\n\n<h2 class=\"wp-block-heading has-text-align-center has-montserrat-font-family has-medium-font-size\" style=\"letter-spacing:5px\">Pourquoi on est attir\u00e9 par lui<\/h2>\n\n\n\n<hr class=\"wp-block-separator has-alpha-channel-opacity\" \/>\n\n\n\n<div style=\"height:11px\" aria-hidden=\"true\" class=\"wp-block-spacer\"><\/div>\n\n\n\n<p class=\"wp-block-paragraph\">Certain\u00b7es seront attir\u00e9\u00b7es par son <strong>regard magn\u00e9tique<\/strong>, d\u2019autres par la <strong>rigueur de sa structure<\/strong>, d\u2019autres encore par <strong>l\u2019\u00e9cho qu\u2019il r\u00e9veille au fond de soi<\/strong> : le besoin de se recentrer, de se tenir droit\u00b7e, de s\u2019affirmer sans violence.<\/p>\n\n\n\n<p class=\"wp-block-paragraph\">Il y a dans ce dessin une <strong>stabilit\u00e9 vibratoire<\/strong> qui apaise le mental tout en r\u00e9veillant la conscience.<br>On peut \u00eatre attir\u00e9 par lui dans un moment o\u00f9 l\u2019on cherche \u00e0 <strong>retrouver son axe<\/strong>, \u00e0 se reconnecter \u00e0 sa dignit\u00e9, \u00e0 sa v\u00e9rit\u00e9 profonde, <strong>sans justification<\/strong>, simplement dans l&rsquo;\u00eatre.<\/p>\n\n\n\n<div style=\"height:11px\" aria-hidden=\"true\" class=\"wp-block-spacer\"><\/div>\n\n\n\n<hr class=\"wp-block-separator has-alpha-channel-opacity\" \/>\n\n\n\n<h2 class=\"wp-block-heading has-text-align-center has-montserrat-font-family has-medium-font-size\" style=\"letter-spacing:5px\">Palette de couleurs utilis\u00e9e<\/h2>\n\n\n\n<hr class=\"wp-block-separator has-alpha-channel-opacity\" \/>\n\n\n\n<div style=\"height:11px\" aria-hidden=\"true\" class=\"wp-block-spacer\"><\/div>\n\n\n\n<p class=\"wp-block-paragraph\">Ce lion a \u00e9t\u00e9 colori\u00e9 dans une <strong>gamme de tons doux et terreux<\/strong>, domin\u00e9e par :<\/p>\n\n\n\n<ul class=\"wp-block-list\">\n<li>des <strong>bleus p\u00e2les<\/strong>, presque c\u00e9ladon ou glacier,<\/li>\n\n\n\n<li>des <strong>bruns chauds<\/strong> (camel, ocre doux),<\/li>\n\n\n\n<li>quelques <strong>gris froids<\/strong> et <strong>beiges lumineux<\/strong>,<\/li>\n<\/ul>\n\n\n\n<p class=\"wp-block-paragraph\">Cette palette cr\u00e9e un <strong>\u00e9quilibre visuel subtil<\/strong> :<br>elle m\u00eale la <strong>chaleur terrestre<\/strong> \u00e0 une <strong>fra\u00eecheur a\u00e9rienne<\/strong>, donnant au lion une pr\u00e9sence \u00e0 la fois <strong>ancr\u00e9e et \u00e9lev\u00e9e<\/strong>.<br>Rien de criard, rien d\u2019opaque : tout est <strong>souffle et stabilit\u00e9<\/strong>.<\/p>\n\n\n\n<p class=\"has-text-align-center wp-block-paragraph\">Les couleurs semblent rayonner du centre vers l\u2019ext\u00e9rieur, comme si la <strong>lumi\u00e8re int\u00e9rieure<\/strong> du lion s\u2019\u00e9tendait doucement \u00e0 son environnement.<\/p>\n\n\n\n<div style=\"height:33px\" aria-hidden=\"true\" class=\"wp-block-spacer\"><\/div>\n\n\n\n<hr class=\"wp-block-separator has-alpha-channel-opacity\" \/>\n\n\n\n<h2 class=\"wp-block-heading has-text-align-center has-montserrat-font-family has-medium-font-size\" style=\"letter-spacing:5px\">Symbolique des couleurs choisies<\/h2>\n\n\n\n<hr class=\"wp-block-separator has-alpha-channel-opacity\" \/>\n\n\n\n<div style=\"height:33px\" aria-hidden=\"true\" class=\"wp-block-spacer\"><\/div>\n\n\n\n<h3 class=\"wp-block-heading has-montserrat-font-family has-small-font-size\" style=\"letter-spacing:3px\"><strong>Bleu glacier \/ c\u00e9ladon<\/strong><\/h3>\n\n\n\n<ul class=\"wp-block-list\">\n<li><strong>Psychologie<\/strong> : calme, d\u00e9tente mentale, recul \u00e9motionnel<\/li>\n\n\n\n<li><strong>Spiritualit\u00e9<\/strong> : lien \u00e0 la v\u00e9rit\u00e9, au chakra de la gorge (expression)<\/li>\n\n\n\n<li><strong>Histoire de l\u2019art<\/strong> : souvent utilis\u00e9 pour signifier la paix, l\u2019espace, le sacr\u00e9<\/li>\n<\/ul>\n\n\n\n<div style=\"height:33px\" aria-hidden=\"true\" class=\"wp-block-spacer\"><\/div>\n\n\n\n<p class=\"has-text-align-center wp-block-paragraph\">Ici, le bleu cr\u00e9e une <strong>ambiance sereine<\/strong>, presque contemplative. <\/p>\n\n\n\n<p class=\"has-text-align-center wp-block-paragraph\">Il ouvre un espace de silence autour du c\u0153ur du dessin.<\/p>\n\n\n\n<div style=\"height:33px\" aria-hidden=\"true\" class=\"wp-block-spacer\"><\/div>\n\n\n\n<hr class=\"wp-block-separator has-alpha-channel-opacity\" \/>\n\n\n\n<h3 class=\"wp-block-heading has-montserrat-font-family has-small-font-size\" style=\"letter-spacing:3px\"><strong>Bruns et ocres<\/strong><\/h3>\n\n\n\n<ul class=\"wp-block-list\">\n<li><strong>Psychologie<\/strong> : s\u00e9curit\u00e9, enracinement, confort<\/li>\n\n\n\n<li><strong>Spiritualit\u00e9<\/strong> : chakra racine, lien au corps et \u00e0 la Terre<\/li>\n\n\n\n<li><strong>Histoire de l\u2019art<\/strong> : tons utilis\u00e9s pour repr\u00e9senter l\u2019humanit\u00e9, la mati\u00e8re, le r\u00e9el<\/li>\n<\/ul>\n\n\n\n<p class=\"has-text-align-center wp-block-paragraph\">Ce brun apporte une <strong>chaleur organique<\/strong>, une solidit\u00e9 int\u00e9rieure. Il pose le lion dans une v\u00e9rit\u00e9 calme.<\/p>\n\n\n\n<hr class=\"wp-block-separator has-alpha-channel-opacity\" \/>\n\n\n\n<h3 class=\"wp-block-heading has-montserrat-font-family has-small-font-size\" style=\"letter-spacing:3px\"><strong>Beiges et gris doux<\/strong><\/h3>\n\n\n\n<ul class=\"wp-block-list\">\n<li><strong>Psychologie<\/strong> : neutralit\u00e9 apaisante, ouverture<\/li>\n\n\n\n<li><strong>Spiritualit\u00e9<\/strong> : espace de transition, accueil de ce qui est<\/li>\n\n\n\n<li><strong>Art<\/strong> : souvent pr\u00e9sents en arri\u00e8re-plan, ils permettent aux autres couleurs d\u2019exister sans conflit<\/li>\n<\/ul>\n\n\n\n<div style=\"height:11px\" aria-hidden=\"true\" class=\"wp-block-spacer\"><\/div>\n\n\n\n<p class=\"has-text-align-center wp-block-paragraph\">Ce sont les <strong>respirations du dessin<\/strong>. <\/p>\n\n\n\n<p class=\"has-text-align-center wp-block-paragraph\">L\u00e0 o\u00f9 l\u2019\u0153il se repose. <\/p>\n\n\n\n<p class=\"has-text-align-center wp-block-paragraph\">L\u00e0 o\u00f9 le silence s\u2019installe.<\/p>\n\n\n\n<div style=\"height:11px\" aria-hidden=\"true\" class=\"wp-block-spacer\"><\/div>\n\n\n\n<hr class=\"wp-block-separator has-alpha-channel-opacity\" \/>\n\n\n\n<h2 class=\"wp-block-heading has-montserrat-font-family has-medium-font-size\" style=\"letter-spacing:3px\">Placement des couleurs &amp; lecture \u00e9nerg\u00e9tique<\/h2>\n\n\n\n<hr class=\"wp-block-separator has-alpha-channel-opacity\" \/>\n\n\n\n<p class=\"has-text-align-center wp-block-paragraph\">Dans ce dessin, <strong>la disposition des couleurs<\/strong> agit comme un langage silencieux du corps subtil.<br>Chaque zone color\u00e9e entre en r\u00e9sonance avec des <strong>zones vibratoires internes<\/strong>, comme une forme d\u2019<strong>acupuncture graphique<\/strong>.<\/p>\n\n\n\n<hr class=\"wp-block-separator has-alpha-channel-opacity\" \/>\n\n\n\n<h3 class=\"wp-block-heading has-montserrat-font-family has-small-font-size\" style=\"letter-spacing:3px\"><strong>Centre du visage (bruns \/ ocres)<\/strong><\/h3>\n\n\n\n<p class=\"has-text-align-center wp-block-paragraph\">La concentration des tons bruns au centre <\/p>\n\n\n\n<p class=\"has-text-align-center wp-block-paragraph\">\u2014 notamment autour de la bouche, du nez et du front \u2014 <\/p>\n\n\n\n<p class=\"has-text-align-center wp-block-paragraph\">\u00e9voque un <strong>ancrage dans la parole et la perception<\/strong>.<\/p>\n\n\n\n<p class=\"wp-block-paragraph\"><br>\u2192 Cela peut sugg\u00e9rer une harmonisation du <strong>chakra racine<\/strong> (s\u00e9curit\u00e9) <strong>et du chakra de la gorge<\/strong> (expression juste).<\/p>\n\n\n\n<p class=\"has-text-align-center wp-block-paragraph\">C\u2019est comme si une parole int\u00e9rieure cherchait \u00e0 <strong>se poser, se pacifier<\/strong>, sans avoir besoin de convaincre.<\/p>\n\n\n\n<hr class=\"wp-block-separator has-alpha-channel-opacity\" \/>\n\n\n\n<h3 class=\"wp-block-heading has-montserrat-font-family has-small-font-size\" style=\"letter-spacing:3px\"><strong>P\u00e9riph\u00e9rie et contour (bleus froids)<\/strong><\/h3>\n\n\n\n<p class=\"has-text-align-center wp-block-paragraph\">Le bleu pos\u00e9 autour du visage, sur les joues et les oreilles, agit comme une <strong>enveloppe de paix<\/strong>.<br>Il cr\u00e9e une <strong>distance saine<\/strong> entre soi et le monde.<\/p>\n\n\n\n<p class=\"has-text-align-left wp-block-paragraph\"><br>\u2192 On peut y voir un travail sur les <strong>limites personnelles<\/strong>, sur l\u2019<strong>\u00e9coute sans absorption<\/strong>, sur la <strong>clart\u00e9 mentale<\/strong> et son expression calme.<\/p>\n\n\n\n<p class=\"wp-block-paragraph\">C\u2019est le territoire de l\u2019<strong>observation silencieuse<\/strong>.<\/p>\n\n\n\n<hr class=\"wp-block-separator has-alpha-channel-opacity\" \/>\n\n\n\n<h3 class=\"wp-block-heading has-montserrat-font-family has-small-font-size\" style=\"letter-spacing:3px\"><strong>Lumi\u00e8re claire autour du regard<\/strong><\/h3>\n\n\n\n<p class=\"has-text-align-center wp-block-paragraph\">Les beiges et gris lumineux accentuent certaines lignes autour des yeux et du front.<\/p>\n\n\n\n<p class=\"wp-block-paragraph\"><br>\u2192 Cela sugg\u00e8re une <strong>prise de conscience subtile<\/strong>, comme si le mental s\u2019\u00e9clairait de l\u2019int\u00e9rieur.<\/p>\n\n\n\n<p class=\"has-text-align-center wp-block-paragraph\"><br>Ces zones agissent comme des <strong>points d\u2019harmonisation mentale<\/strong>, une r\u00e9organisation du regard qu\u2019on porte sur soi et sur la vie.<\/p>\n\n\n\n<hr class=\"wp-block-separator has-alpha-channel-opacity\" \/>\n\n\n\n<h3 class=\"wp-block-heading has-montserrat-font-family has-small-font-size\" style=\"letter-spacing:3px\"><strong>Les yeux<\/strong><\/h3>\n\n\n\n<p class=\"has-text-align-center wp-block-paragraph\">Les yeux sont \u00e0 la fois <strong>vides et pleins<\/strong> de l&rsquo;environnement. Ext\u00e9rieur ou int\u00e9rieur, il semble que ce soit vrai pour les deux.<\/p>\n\n\n\n<p class=\"has-text-align-center wp-block-paragraph\">Comme si ce qu&rsquo;ils contenaient \u00e9tait le rien et le tout ce qu&rsquo;il y a derri\u00e8re. <\/p>\n\n\n\n<p class=\"has-text-align-center wp-block-paragraph\">Plut\u00f4t repr\u00e9sentatif et inspirant ?<\/p>\n\n\n\n<div style=\"height:33px\" aria-hidden=\"true\" class=\"wp-block-spacer\"><\/div>\n\n\n\n<hr class=\"wp-block-separator has-alpha-channel-opacity\" \/>\n\n\n\n<h2 class=\"wp-block-heading has-text-align-center has-montserrat-font-family has-medium-font-size\" style=\"letter-spacing:3px\">Ressenti global final<\/h2>\n\n\n\n<hr class=\"wp-block-separator has-alpha-channel-opacity\" \/>\n\n\n\n<div style=\"height:33px\" aria-hidden=\"true\" class=\"wp-block-spacer\"><\/div>\n\n\n\n<p class=\"has-text-align-center wp-block-paragraph\">Une fois color\u00e9, ce lion ne crie pas sa transformation.<br>Il <strong>l\u2019incarne<\/strong>.<\/p>\n\n\n\n<p class=\"wp-block-paragraph\"><br>Il est devenu un <strong>gardien silencieux<\/strong>, un t\u00e9moin de ce qui a \u00e9t\u00e9 v\u00e9cu.<br>Il d\u00e9gage une sensation de <strong>paix solide<\/strong>, de <strong>ma\u00eetrise douce<\/strong>, presque royale.<\/p>\n\n\n\n<p class=\"wp-block-paragraph\">Regarder ce dessin apr\u00e8s l\u2019avoir colori\u00e9, c\u2019est un peu comme <strong>relire une page de soi-m\u00eame<\/strong>, mais sans mots.<\/p>\n\n\n\n<div style=\"height:11px\" aria-hidden=\"true\" class=\"wp-block-spacer\"><\/div>\n\n\n\n<p class=\"has-text-align-center wp-block-paragraph\"><br>Et dans cet \u00e9cho silencieux<br>quelque chose s\u2019apaise.<br>Quelque chose <strong>est devenu visible<\/strong>.<\/p>\n\n\n\n<div style=\"height:33px\" aria-hidden=\"true\" class=\"wp-block-spacer\"><\/div>\n\n\n\n<hr class=\"wp-block-separator has-alpha-channel-opacity\" \/>\n\n\n\n<h2 class=\"wp-block-heading has-text-align-center has-montserrat-font-family has-medium-font-size\" style=\"letter-spacing:5px\">Suivons les 12 questions d&rsquo;introspection propos\u00e9es pour ce mod\u00e8le <\/h2>\n\n\n\n<hr class=\"wp-block-separator has-alpha-channel-opacity\" \/>\n\n\n\n<div style=\"height:33px\" aria-hidden=\"true\" class=\"wp-block-spacer\"><\/div>\n\n\n\n<h3 class=\"wp-block-heading has-montserrat-font-family has-small-font-size\" style=\"letter-spacing:3px\">1. <strong>Qu\u2019est-ce que ce dessin m\u2019\u00e9voque au premier regard?<\/strong><\/h3>\n\n\n\n<p class=\"has-text-align-center wp-block-paragraph\">Il me donne une impression de calme autorit\u00e9. Il semble tout savoir, mais n\u2019avoir besoin de rien dire. Je ressens une grande force, tr\u00e8s pos\u00e9e.<\/p>\n\n\n\n<div style=\"height:11px\" aria-hidden=\"true\" class=\"wp-block-spacer\"><\/div>\n\n\n\n<h3 class=\"wp-block-heading has-montserrat-font-family has-small-font-size\" style=\"letter-spacing:3px\">2. <strong>Pourquoi ai-je choisi ce mod\u00e8le plut\u00f4t qu\u2019un autre ?<\/strong><\/h3>\n\n\n\n<p class=\"has-text-align-center wp-block-paragraph\">J\u2019avais besoin de me sentir plus centr\u00e9\u00b7e. <\/p>\n\n\n\n<p class=\"has-text-align-center wp-block-paragraph\">J\u2019\u00e9tais un peu \u00e9parpill\u00e9\u00b7e dans mes \u00e9motions, et ce lion m\u2019a attir\u00e9\u00b7e comme une promesse de recentrage, de stabilit\u00e9 et de solidit\u00e9 int\u00e9rieure.<\/p>\n\n\n\n<div style=\"height:11px\" aria-hidden=\"true\" class=\"wp-block-spacer\"><\/div>\n\n\n\n<h3 class=\"wp-block-heading has-montserrat-font-family has-small-font-size\" style=\"letter-spacing:3px\">3. <strong>Quel a \u00e9t\u00e9 mon \u00e9tat d\u2019esprit en d\u00e9butant le coloriage ?<\/strong><\/h3>\n\n\n\n<p class=\"has-text-align-center wp-block-paragraph\">J\u2019\u00e9tais tendu\u00b7e, un peu fatigu\u00e9\u00b7e mentalement. J\u2019avais beaucoup pens\u00e9 toute la journ\u00e9e. J\u2019ai choisi ce mod\u00e8le sans trop r\u00e9fl\u00e9chir, comme un appel instinctif.<\/p>\n\n\n\n<div style=\"height:11px\" aria-hidden=\"true\" class=\"wp-block-spacer\"><\/div>\n\n\n\n<h3 class=\"wp-block-heading has-montserrat-font-family has-small-font-size\" style=\"letter-spacing:3px\">4. <strong>Quelles couleurs ai-je choisies en premier ? Pourquoi ?<\/strong><\/h3>\n\n\n\n<p class=\"has-text-align-center wp-block-paragraph\">J\u2019ai commenc\u00e9 par les tons bruns. <\/p>\n\n\n\n<p class=\"has-text-align-center wp-block-paragraph\">J\u2019avais besoin de chaleur, de concret, d\u2019un retour au corps. C\u2019\u00e9tait comme poser une base stable pour le reste.<\/p>\n\n\n\n<div style=\"height:11px\" aria-hidden=\"true\" class=\"wp-block-spacer\"><\/div>\n\n\n\n<h3 class=\"wp-block-heading has-montserrat-font-family has-small-font-size\" style=\"letter-spacing:3px\">5. <strong>Y a-t-il des couleurs que j\u2019ai \u00e9vit\u00e9es ? Pourquoi ?<\/strong><\/h3>\n\n\n\n<p class=\"has-text-align-center wp-block-paragraph\">Oui, j\u2019ai \u00e9vit\u00e9 les rouges. <\/p>\n\n\n\n<p class=\"has-text-align-center wp-block-paragraph\">Je ne voulais pas trop d\u2019intensit\u00e9, je ne me sentais pas dans un \u00e9lan d\u2019action ou de passion. <\/p>\n\n\n\n<p class=\"has-text-align-center wp-block-paragraph\">Je cherchais la paix plus que l\u2019\u00e9nergie.<\/p>\n\n\n\n<div style=\"height:11px\" aria-hidden=\"true\" class=\"wp-block-spacer\"><\/div>\n\n\n\n<h3 class=\"wp-block-heading has-montserrat-font-family has-small-font-size\" style=\"letter-spacing:3px\">6. <strong>Quels ressentis ont \u00e9merg\u00e9 pendant le coloriage ?<\/strong><\/h3>\n\n\n\n<p class=\"has-text-align-center wp-block-paragraph\">Au fil du temps, mon mental s\u2019est apais\u00e9.<br>J\u2019ai senti mon souffle se ralentir. Des pens\u00e9es ont surgi, mais je ne m\u2019y suis pas accroch\u00e9\u00b7e.<br>C\u2019\u00e9tait comme si je pouvais les regarder passer, sans jugement.<\/p>\n\n\n\n<p class=\"has-text-align-center wp-block-paragraph\">Il y a eu des souvenirs, des moments o\u00f9 je ne me suis pas sentie reconnue.<br>Des situations o\u00f9 j\u2019ai ressenti un besoin de me justifier, de prouver quelque chose.<br>Le fait de colorier ce lion m\u2019a offert une tranquillit\u00e9 face \u00e0 tout cela.<\/p>\n\n\n\n<p class=\"has-text-align-center has-medium-font-size wp-block-paragraph\"><br>Comme un rappel doux :<br><strong>je suis qui je suis, m\u00eame quand on ne me voit pas.<\/strong><br>Et <strong>je n\u2019ai pas \u00e0 me justifier pour exister<\/strong>, pas m\u00eame face \u00e0 moi-m\u00eame.<\/p>\n\n\n\n<div style=\"height:11px\" aria-hidden=\"true\" class=\"wp-block-spacer\"><\/div>\n\n\n\n<h3 class=\"wp-block-heading has-montserrat-font-family has-small-font-size\" style=\"letter-spacing:3px\"><strong>7. Est-ce qu\u2019un souvenir, une \u00e9motion ou une image est apparue ?<\/strong><\/h3>\n\n\n\n<p class=\"has-text-align-center wp-block-paragraph\">Oui. <\/p>\n\n\n\n<p class=\"has-text-align-center wp-block-paragraph\">Des sc\u00e8nes du pass\u00e9 o\u00f9 je me suis sentie en d\u00e9calage, invisible, ou mal comprise.<br>Pas dans la douleur intense, mais comme une <strong>tristesse enfouie<\/strong>.<br>Le dessin m\u2019a permis de <strong>revoir ces instants sans les raviver<\/strong>, comme si je les regardais \u00e0 travers un voile d\u2019acceptation.<\/p>\n\n\n\n<div style=\"height:11px\" aria-hidden=\"true\" class=\"wp-block-spacer\"><\/div>\n\n\n\n<h3 class=\"wp-block-heading has-montserrat-font-family has-small-font-size\" style=\"letter-spacing:3px\">8. <strong>Que me raconte ce dessin maintenant qu\u2019il est termin\u00e9 ?<\/strong><\/h3>\n\n\n\n<p class=\"wp-block-paragraph\">Il me dit que je n\u2019ai rien \u00e0 prouver.<br>Que ma pr\u00e9sence suffit, m\u00eame quand elle est silencieuse.<br>Il me rappelle que je suis l\u00e9gitime dans mon \u00eatre, quelles que soient les circonstances.<br>Et que parfois, la reconnaissance que je cherche \u00e0 l\u2019ext\u00e9rieur,<br>je peux me l\u2019offrir moi-m\u00eame \u2014<br>non pas en me battant, mais en me laissant vivre paisiblement.<br>En me reconnaissant,<br>en m\u2019accueillant comme <strong>la reine de ma vie<\/strong>.<\/p>\n\n\n\n<div style=\"height:11px\" aria-hidden=\"true\" class=\"wp-block-spacer\"><\/div>\n\n\n\n<p class=\"has-text-align-center wp-block-paragraph\"><em>\u00ab\u00a0Un lion reste un lion, m\u00eame si on s\u2019amuse avec, m\u00eame si on le peint \u00e0 sa fa\u00e7on. Ce qu\u2019il est reste ce qu\u2019il est, au-del\u00e0 de toutes personnalisations.\u00a0\u00bb<\/em><\/p>\n\n\n\n<div style=\"height:11px\" aria-hidden=\"true\" class=\"wp-block-spacer\"><\/div>\n\n\n\n<h3 class=\"wp-block-heading has-montserrat-font-family has-small-font-size\" style=\"letter-spacing:3px\"><strong>9. Quels mots ou phrases pourrais-je associer \u00e0 ce moment ?<\/strong><\/h3>\n\n\n\n<p class=\"has-text-align-center wp-block-paragraph\">Je suis.<br>Et cela suffit.<br>Je ne m\u2019excuse plus d\u2019exister.<br>Je suis souveraine, douce et pr\u00e9sente.<br>Je me reconnais, et c\u2019est d\u00e9j\u00e0 tout un monde.<\/p>\n\n\n\n<div style=\"height:11px\" aria-hidden=\"true\" class=\"wp-block-spacer\"><\/div>\n\n\n\n<h3 class=\"wp-block-heading has-montserrat-font-family has-small-font-size\" style=\"letter-spacing:3px\"><strong>10. Est-ce que ce dessin pourrait m\u2019accompagner dans mon quotidien ? Comment ?<\/strong><\/h3>\n\n\n\n<p class=\"wp-block-paragraph\">Oui.<br>Il pourrait \u00eatre <strong>un rappel sacr\u00e9<\/strong> que je n\u2019ai pas besoin de me modeler pour m\u00e9riter ma place.<br>Je le regarderais comme on regarde un miroir d\u2019\u00e2me :<br>calme, vrai, invincible dans sa paix.<br>Il pourrait tr\u00f4ner sur mon mur comme une <strong>b\u00e9n\u00e9diction silencieuse<\/strong>.<\/p>\n\n\n\n<p class=\"wp-block-paragraph\">Repr\u00e9sentant ce moment o\u00f9 nous avons \u00e9t\u00e9 connect\u00e9s, et d&rsquo;un regard, c&rsquo;est comme si je canalisais ou r\u00e9activais tout ce qu&rsquo;il s&rsquo;est pass\u00e9 et ce que \u00e7a a \u00e9veill\u00e9, transform\u00e9, lorsque \u00e7a s&rsquo;est pass\u00e9.<\/p>\n\n\n\n<div style=\"height:11px\" aria-hidden=\"true\" class=\"wp-block-spacer\"><\/div>\n\n\n\n<h3 class=\"wp-block-heading has-montserrat-font-family has-small-font-size\" style=\"letter-spacing:3px\"><strong>11. Si ce dessin avait une voix, que dirait-il ?<\/strong><\/h3>\n\n\n\n<p class=\"has-text-align-center wp-block-paragraph\">\u00ab Tu es d\u00e9j\u00e0 couronn\u00e9e. Tu n\u2019as plus besoin de lutter.<br>Tu peux maintenant marcher, danser, \u00eatre\u2026<br>en paix. \u00bb<\/p>\n\n\n\n<div style=\"height:11px\" aria-hidden=\"true\" class=\"wp-block-spacer\"><\/div>\n\n\n\n<h3 class=\"wp-block-heading has-montserrat-font-family has-small-font-size\" style=\"letter-spacing:3px\">12. <strong>Qu\u2019ai-je lib\u00e9r\u00e9 ou compris gr\u00e2ce \u00e0 cette exp\u00e9rience ?<\/strong><\/h3>\n\n\n\n<p class=\"has-text-align-center wp-block-paragraph\">J\u2019ai d\u00e9pos\u00e9 un vieux r\u00e9flexe : celui de chercher la reconnaissance dans le regard des autres.<br>J\u2019ai retrouv\u00e9 <strong>ma propre pr\u00e9sence<\/strong> comme un lieu doux, complet.<br>Et j\u2019ai compris que ma force n\u2019\u00e9tait pas dans la d\u00e9monstration\u2026<br>mais dans l\u2019<strong>accueil simple et souverain<\/strong> de ce que je suis.<\/p>\n\n\n\n<div style=\"height:11px\" aria-hidden=\"true\" class=\"wp-block-spacer\"><\/div>\n\n\n\n<hr class=\"wp-block-separator has-alpha-channel-opacity\" \/>\n\n\n\n<h2 class=\"wp-block-heading has-text-align-center has-montserrat-font-family\" style=\"letter-spacing:5px\">Espace \u00e0 compl\u00e9ter<\/h2>\n\n\n\n<hr class=\"wp-block-separator has-alpha-channel-opacity\" \/>\n\n\n\n<div style=\"height:11px\" aria-hidden=\"true\" class=\"wp-block-spacer\"><\/div>\n\n\n\n<p class=\"wp-block-paragraph\">Mon bilan, mon flow, mon flux, mon inspiration,&#8230;<\/p>\n\n\n\n<div style=\"height:22px\" aria-hidden=\"true\" class=\"wp-block-spacer\"><\/div>\n\n\n\n<p class=\"has-text-align-center wp-block-paragraph\">Il \u00e9tait l\u00e0<\/p>\n\n\n\n<p class=\"has-text-align-center wp-block-paragraph\">Vide<\/p>\n\n\n\n<p class=\"has-text-align-center wp-block-paragraph\">Il m\u2019a attir\u00e9e<\/p>\n\n\n\n<p class=\"has-text-align-center wp-block-paragraph\">Peut-\u00eatre parce qu\u2019il s\u2019\u00e9tend<\/p>\n\n\n\n<p class=\"has-text-align-center wp-block-paragraph\">Sur les c\u00f4t\u00e9s<\/p>\n\n\n\n<div style=\"height:22px\" aria-hidden=\"true\" class=\"wp-block-spacer\"><\/div>\n\n\n\n<p class=\"has-text-align-center wp-block-paragraph\">Peut-\u00eatre avec son nez, ses yeux aux contours fragment\u00e9s<\/p>\n\n\n\n<p class=\"has-text-align-center wp-block-paragraph\">Semblable \u00e0 une sculpture<\/p>\n\n\n\n<p class=\"has-text-align-center wp-block-paragraph\">Il m\u2019a appel\u00e9<\/p>\n\n\n\n<div style=\"height:22px\" aria-hidden=\"true\" class=\"wp-block-spacer\"><\/div>\n\n\n\n<p class=\"has-text-align-center wp-block-paragraph\">J\u2019en avais besoin<\/p>\n\n\n\n<p class=\"has-text-align-center wp-block-paragraph\">C\u2019\u00e9tait dans ce que j\u2019\u00e9tais<\/p>\n\n\n\n<p class=\"has-text-align-center wp-block-paragraph\">Ce qui me bouleversait<\/p>\n\n\n\n<p class=\"has-text-align-center wp-block-paragraph\">Sans pouvoir l\u2019identifier<\/p>\n\n\n\n<div style=\"height:22px\" aria-hidden=\"true\" class=\"wp-block-spacer\"><\/div>\n\n\n\n<p class=\"has-text-align-center wp-block-paragraph\">Je l\u2019ai trouv\u00e9 beau<\/p>\n\n\n\n<p class=\"has-text-align-center wp-block-paragraph\">Dans sa forme hexagu\u00e9e*<\/p>\n\n\n\n<p class=\"has-text-align-center wp-block-paragraph\">Dans son design exag\u00e9r\u00e9<\/p>\n\n\n\n<div style=\"height:22px\" aria-hidden=\"true\" class=\"wp-block-spacer\"><\/div>\n\n\n\n<p class=\"has-text-align-center wp-block-paragraph\">Il y avait comme un c\u0153ur<\/p>\n\n\n\n<p class=\"has-text-align-center wp-block-paragraph\">Fragment\u00e9<\/p>\n\n\n\n<p class=\"has-text-align-center wp-block-paragraph\">Entre ses deux yeux<\/p>\n\n\n\n<p class=\"has-text-align-center wp-block-paragraph\">Assez rapproch\u00e9s<\/p>\n\n\n\n<div style=\"height:22px\" aria-hidden=\"true\" class=\"wp-block-spacer\"><\/div>\n\n\n\n<p class=\"has-text-align-center wp-block-paragraph\">Il avait une forme<\/p>\n\n\n\n<p class=\"has-text-align-center wp-block-paragraph\">Qui semblait reposer<\/p>\n\n\n\n<p class=\"has-text-align-center wp-block-paragraph\">En \u00e9quilibre fin<\/p>\n\n\n\n<p class=\"has-text-align-center wp-block-paragraph\">Et \u00e0 la fois assur\u00e9e<\/p>\n\n\n\n<div style=\"height:22px\" aria-hidden=\"true\" class=\"wp-block-spacer\"><\/div>\n\n\n\n<p class=\"has-text-align-center wp-block-paragraph\">Sa forme est rassurante<\/p>\n\n\n\n<p class=\"has-text-align-center wp-block-paragraph\">Sa crini\u00e8re semble<\/p>\n\n\n\n<p class=\"has-text-align-center wp-block-paragraph\">S\u2019imposer<\/p>\n\n\n\n<p class=\"has-text-align-center wp-block-paragraph\">Sa structure sym\u00e9trique<\/p>\n\n\n\n<p class=\"has-text-align-center wp-block-paragraph\">M\u2019a vraiment apais\u00e9e<\/p>\n\n\n\n<div style=\"height:22px\" aria-hidden=\"true\" class=\"wp-block-spacer\"><\/div>\n\n\n\n<p class=\"has-text-align-center wp-block-paragraph\">J\u2019ai color\u00e9 chaque triangles<\/p>\n\n\n\n<p class=\"has-text-align-center wp-block-paragraph\">Chaque fragment propos\u00e9<\/p>\n\n\n\n<p class=\"has-text-align-center wp-block-paragraph\">instinctivement<\/p>\n\n\n\n<p class=\"has-text-align-center wp-block-paragraph\">Sans y penser<\/p>\n\n\n\n<div style=\"height:22px\" aria-hidden=\"true\" class=\"wp-block-spacer\"><\/div>\n\n\n\n<p class=\"has-text-align-center wp-block-paragraph\">Mais \u00e0 la fin<\/p>\n\n\n\n<p class=\"has-text-align-center wp-block-paragraph\">Il repr\u00e9sentait<\/p>\n\n\n\n<p class=\"has-text-align-center wp-block-paragraph\">Ce qu\u2019il vient de se passer<\/p>\n\n\n\n<div style=\"height:11px\" aria-hidden=\"true\" class=\"wp-block-spacer\"><\/div>\n\n\n\n<p class=\"has-text-align-center wp-block-paragraph\">Il m\u2019assure le bien<\/p>\n\n\n\n<p class=\"has-text-align-center wp-block-paragraph\">M\u2019a lib\u00e9r\u00e9e<\/p>\n\n\n\n<p class=\"has-text-align-center wp-block-paragraph\">Comme si c\u2019\u00e9tait facile<\/p>\n\n\n\n<p class=\"has-text-align-center wp-block-paragraph\">Pas lourd \u00e0 porter<\/p>\n\n\n\n<p class=\"has-text-align-center wp-block-paragraph\">Mais harmonis\u00e9<\/p>\n\n\n\n<p class=\"has-text-align-center wp-block-paragraph\">Couleurs apport\u00e9es<\/p>\n\n\n\n<div style=\"height:22px\" aria-hidden=\"true\" class=\"wp-block-spacer\"><\/div>\n\n\n\n<p class=\"has-text-align-center wp-block-paragraph\">Comme si elles venaient<\/p>\n\n\n\n<p class=\"has-text-align-center wp-block-paragraph\">De ce moment partag\u00e9<\/p>\n\n\n\n<p class=\"has-text-align-center wp-block-paragraph\">Le processus visible<\/p>\n\n\n\n<p class=\"has-text-align-center wp-block-paragraph\">Un regard et je sais m\u2019y replonger<\/p>\n\n\n\n<p class=\"has-text-align-center wp-block-paragraph\">Comme je l\u2019ai v\u00e9cu<\/p>\n\n\n\n<p class=\"has-text-align-center wp-block-paragraph\">C\u2019est priv\u00e9<\/p>\n\n\n\n<p class=\"has-text-align-center wp-block-paragraph\">Un cadeau que je me suis fait<\/p>\n\n\n\n<div style=\"height:22px\" aria-hidden=\"true\" class=\"wp-block-spacer\"><\/div>\n\n\n\n<p class=\"has-text-align-center wp-block-paragraph\">Personne ne comprendra<\/p>\n\n\n\n<p class=\"has-text-align-center wp-block-paragraph\">M\u00eame s\u2019il le voit<\/p>\n\n\n\n<p class=\"has-text-align-center wp-block-paragraph\">Mais il pourra peut-\u00eatre<\/p>\n\n\n\n<p class=\"has-text-align-center wp-block-paragraph\">En capter<\/p>\n\n\n\n<p class=\"has-text-align-center wp-block-paragraph\">Quelques v\u00e9rit\u00e9s<\/p>\n\n\n\n<div style=\"height:55px\" aria-hidden=\"true\" class=\"wp-block-spacer\"><\/div>\n\n\n\n<p class=\"wp-block-paragraph\">*Hexagu\u00e9e : si ce mot est invent\u00e9, observons les graines qui l&rsquo;ont cr\u00e9\u00e9es.<\/p>\n\n\n\n<p class=\"wp-block-paragraph\" id=\"exploration-hexagu\u00e9e\"><strong>Exploration du mot \u201chexagu\u00e9e\u201d \u2013 racine, pr\u00e9fixe, suffixe<\/strong><\/p>\n\n\n\n<p class=\"wp-block-paragraph\" id=\"hexagu\u00e9e\"><strong>Racine : \u201chexa\u201d<\/strong><\/p>\n\n\n\n<ul class=\"wp-block-list\">\n<li>Vient du grec <em>hexa-<\/em> = <strong>six<\/strong><\/li>\n\n\n\n<li>Pr\u00e9sent dans <em>hexagone<\/em>, <em>hexagramme<\/em>, etc.<\/li>\n\n\n\n<li>C\u2019est la <strong>g\u00e9om\u00e9trie pure<\/strong>, les <strong>6 c\u00f4t\u00e9s<\/strong>, la structure stable, tr\u00e8s pr\u00e9sente dans la nature (alv\u00e9oles, flocons, cristaux\u2026) \ud83d\udc49 Dans \u201chexagu\u00e9e\u201d, cette racine <strong>porte l\u2019id\u00e9e d\u2019une forme g\u00e9om\u00e9trique fondamentale<\/strong>, <strong>sacr\u00e9e<\/strong>, presque <strong>arch\u00e9typale<\/strong><\/li>\n<\/ul>\n\n\n\n<div style=\"height:11px\" aria-hidden=\"true\" class=\"wp-block-spacer\"><\/div>\n\n\n\n<p class=\"wp-block-paragraph\"><strong>Partie centrale : \u201c-gua-\u201d<\/strong><\/p>\n\n\n\n<p class=\"wp-block-paragraph\">Pas une racine classique\u2026<br>Mais <em>phon\u00e9tiquement<\/em>, elle adoucit le mot.<br>Elle donne une <strong>rondeur inattendue au milieu de la forme rigide<\/strong>,<br>comme un c\u0153ur qui battrait \u00e0 l\u2019int\u00e9rieur du cristal.<\/p>\n\n\n\n<p class=\"wp-block-paragraph\">Peut-\u00eatre que ce \u201cgua\u201d vient <strong>inconsciemment de \u201cguard\u201d (gardien)<\/strong>, ou <strong>\u201cgu\u00e9rir\u201d<\/strong>, ou m\u00eame <strong>\u201cgua-sha\u201d<\/strong> (outil de soin)\u2026<br>\u00c7a vibre comme <strong>quelque chose qui prend soin de la structure<\/strong>.<\/p>\n\n\n\n<div style=\"height:11px\" aria-hidden=\"true\" class=\"wp-block-spacer\"><\/div>\n\n\n\n<p class=\"wp-block-paragraph\"><strong>Suffixe : \u201c-\u00e9e\u201d<\/strong><\/p>\n\n\n\n<p class=\"wp-block-paragraph\">Typiquement f\u00e9minin, passif, <strong>forme participiale<\/strong> en fran\u00e7ais.<br>Il \u00e9voque quelque chose de <strong>re\u00e7u<\/strong>, <strong>absorb\u00e9<\/strong>, <strong>ressenti<\/strong>.<\/p>\n\n\n\n<p class=\"wp-block-paragraph\"><em>\u201cHexagu\u00e9e\u201d<\/em> devient alors : <strong>Une forme hexagonale qu\u2019on a accueillie.<br>Ou une structure qu\u2019on a habit\u00e9e.<br>Ou encore : une g\u00e9om\u00e9trie qu\u2019on a laiss\u00e9e vibrer en soi.<\/strong><\/p>\n\n\n\n<p class=\"wp-block-paragraph\"><strong>\u201cHexagu\u00e9e\u201d, c\u2019est plus qu\u2019une forme.<\/strong><br>C\u2019est une <strong>structure symbolique<\/strong> qui vient <strong>envelopper<\/strong>, <strong>modifier<\/strong>, <strong>r\u00e9v\u00e9ler<\/strong>.<\/p>\n\n\n\n<p class=\"wp-block-paragraph\">Elle ne se contente pas d\u2019exister :<br><strong>elle transforme le mod\u00e8le<\/strong>.<br>Elle redessine les contours. <\/p>\n\n\n\n<p class=\"wp-block-paragraph\">Elle <strong>pose une base stable<\/strong>, presque comme un toit,<br>et en faisant cela\u2026 elle <strong>change le regard<\/strong> qu\u2019on porte sur ce qu\u2019elle encadre.<\/p>\n\n\n\n<p class=\"wp-block-paragraph\">Elle agit comme un <strong>filtre g\u00e9om\u00e9trique<\/strong> :<br>pas pour cacher, mais pour <strong>clarifier<\/strong>.<br>Elle rend visible <strong>ce qui \u00e9tait l\u00e0 mais encore flou<\/strong>.<\/p>\n\n\n\n<blockquote class=\"wp-block-quote is-layout-flow wp-block-quote-is-layout-flow\">\n<p class=\"wp-block-paragraph\">Une forme hexagonale, donc.<br>Mais <strong>active. Vivante. Sacr\u00e9e.<br>Une cl\u00e9 qui modifie l\u2019apparence\u2026<br>pour r\u00e9v\u00e9ler le sens.<\/strong><\/p>\n<\/blockquote>\n\n\n\n<div style=\"height:11px\" aria-hidden=\"true\" class=\"wp-block-spacer\"><\/div>\n\n\n\n<div style=\"height:100px\" aria-hidden=\"true\" class=\"wp-block-spacer\"><\/div>\n\n\n\n\n\n<div style=\"height:55px\" aria-hidden=\"true\" class=\"wp-block-spacer\"><\/div>\n\n\n\n<p class=\"has-text-align-center wp-block-paragraph\"><strong>Et vous, qu\u2019est-ce que cela a r\u00e9veill\u00e9 en vous ?<\/strong><\/p>\n\n\n\n<p class=\"has-text-align-center wp-block-paragraph\"><br>Ce mod\u00e8le vous a touch\u00e9\u00b7e ?<br>Un mot, une sensation, un souvenir\u2026 ou peut-\u00eatre un ressentis ou une inspiration originale, vous aussi ?<\/p>\n\n\n\n<p class=\"has-text-align-center wp-block-paragraph\">Vous pouvez d\u00e9poser ici ce que ce moment vous a inspir\u00e9.<br>Avec douceur, avec sinc\u00e9rit\u00e9, en toute simplicit\u00e9.<br>Cet espace est ouvert comme un cercle silencieux o\u00f9 chacun peut laisser une trace.<\/p>\n\n\n\n<div style=\"height:55px\" aria-hidden=\"true\" class=\"wp-block-spacer\"><\/div>\n\n\n\n\n<div class=\"wp-block-columns jetpack-paywall-simple is-layout-flex wp-container-core-columns-is-layout-3b811c60 wp-block-columns-is-layout-flex\" style=\"display: inline-block; width: 90%\">\n    \n    <div class=\"wp-block-column is-layout-flow wp-block-column-is-layout-flow\" style=\"background-color: #F6F7F7; padding: 32px; 24px;\">\n        \n        <h2 class=\"has-text-align-center wp-block-heading\" style=\"margin: 0 0 12px; font-weight: 600;\">S\u2019abonner pour poursuivre la lecture<\/h2>\n        \n        \n        <p class=\"has-text-align-center wp-block-paragraph\"\n           style=\"text-align: center;\n                  color: #50575E;\n                  font-weight: 400;\n                  font-size: 16px;\n                  font-family: 'SF Pro Text', sans-serif;\n                  line-height: 28.8px;\">\n        Il s\u2019agit d\u2019un article r\u00e9serv\u00e9 aux abonn\u00e9s. Abonnez-vous pour avoir acc\u00e8s \u00e0 la suite de cette publication et au contenu r\u00e9serv\u00e9 aux abonn\u00e9s.\n        <\/p>\n        \n        \n        <div class=\"wp-block-buttons is-layout-flex wp-block-buttons-is-layout-flex\" style=\"text-align: center;\">\n            \n            <div class=\"wp-block-button\" style=\"display: inline-block; margin: 10px 0; border-style: none; padding: 0;\">\n                <a href=\"https:\/\/yaracreatyque.fr\/?post_type=post&#038;p=1211\" class=\"wp-block-button__link wp-element-button\"\n                   data-wpcom-track data-tracks-link-desc=\"paywall-email-click\"\n                   style=\"display: inline-block;\n                          padding: 12px 15px;\n                          background-color: #3858e9;\n                          color: #FFFFFF;\n                          text-decoration: none;\n                          border-radius: 5px;\n                          font-family: 'SF Pro Display', sans-serif;\n                          font-weight: 500;\n                          font-size: 16px;\n                          text-align: center;\">Abonnez-vous<\/a>\n            <\/div>\n            \n        <\/div>\n        \n    <\/div>\n    \n<\/div>\n\n","protected":false},"excerpt":{"rendered":"<p>Souverainet\u00e9 int\u00e9rieure Entre les deux, il n\u2019y a pas un \u201cr\u00e9sultat\u201d.Il y a un moment v\u00e9cu. Une trace int\u00e9rieure.Un \u00e9tat qui s\u2019est transform\u00e9 en forme,et que le papier porte \u00e0 pr\u00e9sent, pour nous all\u00e9ger un peu. Voyons comment on peut l&rsquo;interpr\u00e9ter pour exemple : Repr\u00e9sentation globale &amp; symbolique Ce dessin repr\u00e9sente un lion stylis\u00e9, construit [&hellip;]<\/p>\n","protected":false},"author":263724410,"featured_media":1221,"comment_status":"open","ping_status":"open","sticky":false,"template":"","format":"standard","meta":{"_crdt_document":"","_jetpack_newsletter_access":"subscribers","_jetpack_dont_email_post_to_subs":false,"_jetpack_newsletter_tier_id":0,"_jetpack_memberships_contains_paywalled_content":true,"_jetpack_memberships_contains_paid_content":false,"footnotes":"","jetpack_publicize_message":"","jetpack_publicize_feature_enabled":true,"jetpack_social_post_already_shared":false,"jetpack_social_options":{"image_generator_settings":{"template":"highway","enabled":false},"version":2},"_wpas_customize_per_network":false,"jetpack_post_was_ever_published":false},"categories":[779228393,779228504,779370771,779370710,779228484],"tags":[],"class_list":["post-1211","post","type-post","status-publish","format-standard","has-post-thumbnail","hentry","category-auto-therapie-et-developpement-personnel","category-les-designs-geometriques","category-presences-animales","category-suivre-mes-lignes-sur-le-chemin","category-yara-creatyque"],"yoast_head":"<!-- This site is optimized with the Yoast SEO plugin v27.4 - https:\/\/yoast.com\/product\/yoast-seo-wordpress\/ -->\n<title>Exemple concret d&#039;interpr\u00e9tation artistique - Yara Creatyque<\/title>\n<meta name=\"robots\" content=\"index, follow, max-snippet:-1, max-image-preview:large, max-video-preview:-1\" \/>\n<link rel=\"canonical\" href=\"https:\/\/yaracreatyque.fr\/?p=1211\" \/>\n<meta property=\"og:locale\" content=\"fr_FR\" \/>\n<meta property=\"og:type\" content=\"article\" \/>\n<meta property=\"og:title\" content=\"Exemple concret d&#039;interpr\u00e9tation artistique - Yara Creatyque\" \/>\n<meta property=\"og:description\" content=\"Souverainet\u00e9 int\u00e9rieure Entre les deux, il n\u2019y a pas un \u201cr\u00e9sultat\u201d.Il y a un moment v\u00e9cu. Une trace int\u00e9rieure.Un \u00e9tat qui s\u2019est transform\u00e9 en forme,et que le papier porte \u00e0 pr\u00e9sent, pour nous all\u00e9ger un peu. Voyons comment on peut l&rsquo;interpr\u00e9ter pour exemple : Repr\u00e9sentation globale &amp; symbolique Ce dessin repr\u00e9sente un lion stylis\u00e9, construit [&hellip;]\" \/>\n<meta property=\"og:url\" content=\"https:\/\/yaracreatyque.fr\/?p=1211\" \/>\n<meta property=\"og:site_name\" content=\"Yara Creatyque\" \/>\n<meta property=\"article:published_time\" content=\"2025-04-01T16:02:39+00:00\" \/>\n<meta property=\"article:modified_time\" content=\"2025-04-02T19:31:07+00:00\" \/>\n<meta property=\"og:image\" content=\"https:\/\/yaracreatyque.fr\/wp-content\/uploads\/2025\/04\/souveraine-interieure-modele-trialogue-coloration-introspective.png\" \/>\n\t<meta property=\"og:image:width\" content=\"2659\" \/>\n\t<meta property=\"og:image:height\" content=\"984\" \/>\n\t<meta property=\"og:image:type\" content=\"image\/png\" \/>\n<meta name=\"author\" content=\"Yara\" \/>\n<meta name=\"twitter:card\" content=\"summary_large_image\" \/>\n<meta name=\"twitter:label1\" content=\"\u00c9crit par\" \/>\n\t<meta name=\"twitter:data1\" content=\"Yara\" \/>\n\t<meta name=\"twitter:label2\" content=\"Dur\u00e9e de lecture estim\u00e9e\" \/>\n\t<meta name=\"twitter:data2\" content=\"11 minutes\" \/>\n<script type=\"application\/ld+json\" class=\"yoast-schema-graph\">{\"@context\":\"https:\\\/\\\/schema.org\",\"@graph\":[{\"@type\":\"Article\",\"@id\":\"https:\\\/\\\/yaracreatyque.fr\\\/?p=1211#article\",\"isPartOf\":{\"@id\":\"https:\\\/\\\/yaracreatyque.fr\\\/?p=1211\"},\"author\":{\"name\":\"Yara\",\"@id\":\"https:\\\/\\\/yaracreatyque.fr\\\/#\\\/schema\\\/person\\\/eb6b12b5443042def80bb9efe0d0b3b1\"},\"headline\":\"Exemple concret d&rsquo;interpr\u00e9tation artistique\",\"datePublished\":\"2025-04-01T16:02:39+00:00\",\"dateModified\":\"2025-04-02T19:31:07+00:00\",\"mainEntityOfPage\":{\"@id\":\"https:\\\/\\\/yaracreatyque.fr\\\/?p=1211\"},\"wordCount\":2301,\"commentCount\":0,\"publisher\":{\"@id\":\"https:\\\/\\\/yaracreatyque.fr\\\/#organization\"},\"image\":{\"@id\":\"https:\\\/\\\/yaracreatyque.fr\\\/?p=1211#primaryimage\"},\"thumbnailUrl\":\"https:\\\/\\\/i0.wp.com\\\/yaracreatyque.fr\\\/wp-content\\\/uploads\\\/2025\\\/04\\\/souveraine-interieure-modele-trialogue-coloration-introspective.png?fit=2659%2C984&ssl=1\",\"articleSection\":[\"Auto-th\u00e9rapie et d\u00e9veloppement personnel\",\"Les designs g\u00e9om\u00e9triques\",\"Pr\u00e9sences animales\",\"Suivre mes lignes sur le chemin\",\"YARA CREATYQUE\"],\"inLanguage\":\"fr-FR\",\"potentialAction\":[{\"@type\":\"CommentAction\",\"name\":\"Comment\",\"target\":[\"https:\\\/\\\/yaracreatyque.fr\\\/?p=1211#respond\"]}]},{\"@type\":\"WebPage\",\"@id\":\"https:\\\/\\\/yaracreatyque.fr\\\/?p=1211\",\"url\":\"https:\\\/\\\/yaracreatyque.fr\\\/?p=1211\",\"name\":\"Exemple concret d'interpr\u00e9tation artistique - Yara Creatyque\",\"isPartOf\":{\"@id\":\"https:\\\/\\\/yaracreatyque.fr\\\/#website\"},\"primaryImageOfPage\":{\"@id\":\"https:\\\/\\\/yaracreatyque.fr\\\/?p=1211#primaryimage\"},\"image\":{\"@id\":\"https:\\\/\\\/yaracreatyque.fr\\\/?p=1211#primaryimage\"},\"thumbnailUrl\":\"https:\\\/\\\/i0.wp.com\\\/yaracreatyque.fr\\\/wp-content\\\/uploads\\\/2025\\\/04\\\/souveraine-interieure-modele-trialogue-coloration-introspective.png?fit=2659%2C984&ssl=1\",\"datePublished\":\"2025-04-01T16:02:39+00:00\",\"dateModified\":\"2025-04-02T19:31:07+00:00\",\"breadcrumb\":{\"@id\":\"https:\\\/\\\/yaracreatyque.fr\\\/?p=1211#breadcrumb\"},\"inLanguage\":\"fr-FR\",\"potentialAction\":[{\"@type\":\"ReadAction\",\"target\":[\"https:\\\/\\\/yaracreatyque.fr\\\/?p=1211\"]}]},{\"@type\":\"ImageObject\",\"inLanguage\":\"fr-FR\",\"@id\":\"https:\\\/\\\/yaracreatyque.fr\\\/?p=1211#primaryimage\",\"url\":\"https:\\\/\\\/i0.wp.com\\\/yaracreatyque.fr\\\/wp-content\\\/uploads\\\/2025\\\/04\\\/souveraine-interieure-modele-trialogue-coloration-introspective.png?fit=2659%2C984&ssl=1\",\"contentUrl\":\"https:\\\/\\\/i0.wp.com\\\/yaracreatyque.fr\\\/wp-content\\\/uploads\\\/2025\\\/04\\\/souveraine-interieure-modele-trialogue-coloration-introspective.png?fit=2659%2C984&ssl=1\",\"width\":2659,\"height\":984,\"caption\":\"Expr\u00e9rience interpr\u00e9tation du lion g\u00e9om\u00e9trique - Mod\u00e8le \u201cSouveraine Int\u00e9rieure\u201d, une exploration du geste, de la couleur et de soi.\"},{\"@type\":\"BreadcrumbList\",\"@id\":\"https:\\\/\\\/yaracreatyque.fr\\\/?p=1211#breadcrumb\",\"itemListElement\":[{\"@type\":\"ListItem\",\"position\":1,\"name\":\"Accueil\",\"item\":\"https:\\\/\\\/yaracreatyque.fr\\\/\"},{\"@type\":\"ListItem\",\"position\":2,\"name\":\"Exemple concret d&rsquo;interpr\u00e9tation artistique\"}]},{\"@type\":\"WebSite\",\"@id\":\"https:\\\/\\\/yaracreatyque.fr\\\/#website\",\"url\":\"https:\\\/\\\/yaracreatyque.fr\\\/\",\"name\":\"Yara Creatyque\",\"description\":\"Explorez l&#039;art du coloriage g\u00e9om\u00e9trique et introspectif \u00e0 travers un espace d\u00e9di\u00e9 \u00e0 la cr\u00e9ation et au bien-\u00eatre par le coloriage th\u00e9rapeutique. D\u00e9couvrez des livres de coloriages uniques alliant designs g\u00e9om\u00e9triques modernes et introspection, con\u00e7us pour stimuler la cr\u00e9ativit\u00e9, favoriser la relaxation et encourager l&#039;expression de soi.\",\"publisher\":{\"@id\":\"https:\\\/\\\/yaracreatyque.fr\\\/#organization\"},\"potentialAction\":[{\"@type\":\"SearchAction\",\"target\":{\"@type\":\"EntryPoint\",\"urlTemplate\":\"https:\\\/\\\/yaracreatyque.fr\\\/?s={search_term_string}\"},\"query-input\":{\"@type\":\"PropertyValueSpecification\",\"valueRequired\":true,\"valueName\":\"search_term_string\"}}],\"inLanguage\":\"fr-FR\"},{\"@type\":\"Organization\",\"@id\":\"https:\\\/\\\/yaracreatyque.fr\\\/#organization\",\"name\":\"Yara Creatyque\",\"url\":\"https:\\\/\\\/yaracreatyque.fr\\\/\",\"logo\":{\"@type\":\"ImageObject\",\"inLanguage\":\"fr-FR\",\"@id\":\"https:\\\/\\\/yaracreatyque.fr\\\/#\\\/schema\\\/logo\\\/image\\\/\",\"url\":\"https:\\\/\\\/i0.wp.com\\\/yaracreatyque.fr\\\/wp-content\\\/uploads\\\/2025\\\/04\\\/cropped-logo-yara-creatyque.png?fit=760%2C100&ssl=1\",\"contentUrl\":\"https:\\\/\\\/i0.wp.com\\\/yaracreatyque.fr\\\/wp-content\\\/uploads\\\/2025\\\/04\\\/cropped-logo-yara-creatyque.png?fit=760%2C100&ssl=1\",\"width\":760,\"height\":100,\"caption\":\"Yara Creatyque\"},\"image\":{\"@id\":\"https:\\\/\\\/yaracreatyque.fr\\\/#\\\/schema\\\/logo\\\/image\\\/\"}},{\"@type\":\"Person\",\"@id\":\"https:\\\/\\\/yaracreatyque.fr\\\/#\\\/schema\\\/person\\\/eb6b12b5443042def80bb9efe0d0b3b1\",\"name\":\"Yara\",\"image\":{\"@type\":\"ImageObject\",\"inLanguage\":\"fr-FR\",\"@id\":\"https:\\\/\\\/secure.gravatar.com\\\/avatar\\\/efd2cac8022c1412d4c307ac3673692a775ca432d7ec66f29449f6befb6dc021?s=96&d=identicon&r=g\",\"url\":\"https:\\\/\\\/secure.gravatar.com\\\/avatar\\\/efd2cac8022c1412d4c307ac3673692a775ca432d7ec66f29449f6befb6dc021?s=96&d=identicon&r=g\",\"contentUrl\":\"https:\\\/\\\/secure.gravatar.com\\\/avatar\\\/efd2cac8022c1412d4c307ac3673692a775ca432d7ec66f29449f6befb6dc021?s=96&d=identicon&r=g\",\"caption\":\"Yara\"},\"description\":\"Artiste d'illustrations g\u00e9om\u00e9triques et auteure de livres auto-\u00e9dit\u00e9s\",\"sameAs\":[\"http:\\\/\\\/yaracreatyque.fr\"],\"url\":\"https:\\\/\\\/yaracreatyque.fr\\\/?author=263724410\"}]}<\/script>\n<!-- \/ Yoast SEO plugin. -->","yoast_head_json":{"title":"Exemple concret d'interpr\u00e9tation artistique - Yara Creatyque","robots":{"index":"index","follow":"follow","max-snippet":"max-snippet:-1","max-image-preview":"max-image-preview:large","max-video-preview":"max-video-preview:-1"},"canonical":"https:\/\/yaracreatyque.fr\/?p=1211","og_locale":"fr_FR","og_type":"article","og_title":"Exemple concret d'interpr\u00e9tation artistique - Yara Creatyque","og_description":"Souverainet\u00e9 int\u00e9rieure Entre les deux, il n\u2019y a pas un \u201cr\u00e9sultat\u201d.Il y a un moment v\u00e9cu. Une trace int\u00e9rieure.Un \u00e9tat qui s\u2019est transform\u00e9 en forme,et que le papier porte \u00e0 pr\u00e9sent, pour nous all\u00e9ger un peu. Voyons comment on peut l&rsquo;interpr\u00e9ter pour exemple : Repr\u00e9sentation globale &amp; symbolique Ce dessin repr\u00e9sente un lion stylis\u00e9, construit [&hellip;]","og_url":"https:\/\/yaracreatyque.fr\/?p=1211","og_site_name":"Yara Creatyque","article_published_time":"2025-04-01T16:02:39+00:00","article_modified_time":"2025-04-02T19:31:07+00:00","og_image":[{"width":2659,"height":984,"url":"https:\/\/yaracreatyque.fr\/wp-content\/uploads\/2025\/04\/souveraine-interieure-modele-trialogue-coloration-introspective.png","type":"image\/png"}],"author":"Yara","twitter_card":"summary_large_image","twitter_misc":{"\u00c9crit par":"Yara","Dur\u00e9e de lecture estim\u00e9e":"11 minutes"},"schema":{"@context":"https:\/\/schema.org","@graph":[{"@type":"Article","@id":"https:\/\/yaracreatyque.fr\/?p=1211#article","isPartOf":{"@id":"https:\/\/yaracreatyque.fr\/?p=1211"},"author":{"name":"Yara","@id":"https:\/\/yaracreatyque.fr\/#\/schema\/person\/eb6b12b5443042def80bb9efe0d0b3b1"},"headline":"Exemple concret d&rsquo;interpr\u00e9tation artistique","datePublished":"2025-04-01T16:02:39+00:00","dateModified":"2025-04-02T19:31:07+00:00","mainEntityOfPage":{"@id":"https:\/\/yaracreatyque.fr\/?p=1211"},"wordCount":2301,"commentCount":0,"publisher":{"@id":"https:\/\/yaracreatyque.fr\/#organization"},"image":{"@id":"https:\/\/yaracreatyque.fr\/?p=1211#primaryimage"},"thumbnailUrl":"https:\/\/i0.wp.com\/yaracreatyque.fr\/wp-content\/uploads\/2025\/04\/souveraine-interieure-modele-trialogue-coloration-introspective.png?fit=2659%2C984&ssl=1","articleSection":["Auto-th\u00e9rapie et d\u00e9veloppement personnel","Les designs g\u00e9om\u00e9triques","Pr\u00e9sences animales","Suivre mes lignes sur le chemin","YARA CREATYQUE"],"inLanguage":"fr-FR","potentialAction":[{"@type":"CommentAction","name":"Comment","target":["https:\/\/yaracreatyque.fr\/?p=1211#respond"]}]},{"@type":"WebPage","@id":"https:\/\/yaracreatyque.fr\/?p=1211","url":"https:\/\/yaracreatyque.fr\/?p=1211","name":"Exemple concret d'interpr\u00e9tation artistique - Yara Creatyque","isPartOf":{"@id":"https:\/\/yaracreatyque.fr\/#website"},"primaryImageOfPage":{"@id":"https:\/\/yaracreatyque.fr\/?p=1211#primaryimage"},"image":{"@id":"https:\/\/yaracreatyque.fr\/?p=1211#primaryimage"},"thumbnailUrl":"https:\/\/i0.wp.com\/yaracreatyque.fr\/wp-content\/uploads\/2025\/04\/souveraine-interieure-modele-trialogue-coloration-introspective.png?fit=2659%2C984&ssl=1","datePublished":"2025-04-01T16:02:39+00:00","dateModified":"2025-04-02T19:31:07+00:00","breadcrumb":{"@id":"https:\/\/yaracreatyque.fr\/?p=1211#breadcrumb"},"inLanguage":"fr-FR","potentialAction":[{"@type":"ReadAction","target":["https:\/\/yaracreatyque.fr\/?p=1211"]}]},{"@type":"ImageObject","inLanguage":"fr-FR","@id":"https:\/\/yaracreatyque.fr\/?p=1211#primaryimage","url":"https:\/\/i0.wp.com\/yaracreatyque.fr\/wp-content\/uploads\/2025\/04\/souveraine-interieure-modele-trialogue-coloration-introspective.png?fit=2659%2C984&ssl=1","contentUrl":"https:\/\/i0.wp.com\/yaracreatyque.fr\/wp-content\/uploads\/2025\/04\/souveraine-interieure-modele-trialogue-coloration-introspective.png?fit=2659%2C984&ssl=1","width":2659,"height":984,"caption":"Expr\u00e9rience interpr\u00e9tation du lion g\u00e9om\u00e9trique - Mod\u00e8le \u201cSouveraine Int\u00e9rieure\u201d, une exploration du geste, de la couleur et de soi."},{"@type":"BreadcrumbList","@id":"https:\/\/yaracreatyque.fr\/?p=1211#breadcrumb","itemListElement":[{"@type":"ListItem","position":1,"name":"Accueil","item":"https:\/\/yaracreatyque.fr\/"},{"@type":"ListItem","position":2,"name":"Exemple concret d&rsquo;interpr\u00e9tation artistique"}]},{"@type":"WebSite","@id":"https:\/\/yaracreatyque.fr\/#website","url":"https:\/\/yaracreatyque.fr\/","name":"Yara Creatyque","description":"Explorez l&#039;art du coloriage g\u00e9om\u00e9trique et introspectif \u00e0 travers un espace d\u00e9di\u00e9 \u00e0 la cr\u00e9ation et au bien-\u00eatre par le coloriage th\u00e9rapeutique. D\u00e9couvrez des livres de coloriages uniques alliant designs g\u00e9om\u00e9triques modernes et introspection, con\u00e7us pour stimuler la cr\u00e9ativit\u00e9, favoriser la relaxation et encourager l&#039;expression de soi.","publisher":{"@id":"https:\/\/yaracreatyque.fr\/#organization"},"potentialAction":[{"@type":"SearchAction","target":{"@type":"EntryPoint","urlTemplate":"https:\/\/yaracreatyque.fr\/?s={search_term_string}"},"query-input":{"@type":"PropertyValueSpecification","valueRequired":true,"valueName":"search_term_string"}}],"inLanguage":"fr-FR"},{"@type":"Organization","@id":"https:\/\/yaracreatyque.fr\/#organization","name":"Yara Creatyque","url":"https:\/\/yaracreatyque.fr\/","logo":{"@type":"ImageObject","inLanguage":"fr-FR","@id":"https:\/\/yaracreatyque.fr\/#\/schema\/logo\/image\/","url":"https:\/\/i0.wp.com\/yaracreatyque.fr\/wp-content\/uploads\/2025\/04\/cropped-logo-yara-creatyque.png?fit=760%2C100&ssl=1","contentUrl":"https:\/\/i0.wp.com\/yaracreatyque.fr\/wp-content\/uploads\/2025\/04\/cropped-logo-yara-creatyque.png?fit=760%2C100&ssl=1","width":760,"height":100,"caption":"Yara Creatyque"},"image":{"@id":"https:\/\/yaracreatyque.fr\/#\/schema\/logo\/image\/"}},{"@type":"Person","@id":"https:\/\/yaracreatyque.fr\/#\/schema\/person\/eb6b12b5443042def80bb9efe0d0b3b1","name":"Yara","image":{"@type":"ImageObject","inLanguage":"fr-FR","@id":"https:\/\/secure.gravatar.com\/avatar\/efd2cac8022c1412d4c307ac3673692a775ca432d7ec66f29449f6befb6dc021?s=96&d=identicon&r=g","url":"https:\/\/secure.gravatar.com\/avatar\/efd2cac8022c1412d4c307ac3673692a775ca432d7ec66f29449f6befb6dc021?s=96&d=identicon&r=g","contentUrl":"https:\/\/secure.gravatar.com\/avatar\/efd2cac8022c1412d4c307ac3673692a775ca432d7ec66f29449f6befb6dc021?s=96&d=identicon&r=g","caption":"Yara"},"description":"Artiste d'illustrations g\u00e9om\u00e9triques et auteure de livres auto-\u00e9dit\u00e9s","sameAs":["http:\/\/yaracreatyque.fr"],"url":"https:\/\/yaracreatyque.fr\/?author=263724410"}]}},"jetpack_publicize_connections":[],"jetpack_featured_media_url":"https:\/\/i0.wp.com\/yaracreatyque.fr\/wp-content\/uploads\/2025\/04\/souveraine-interieure-modele-trialogue-coloration-introspective.png?fit=2659%2C984&ssl=1","jetpack_likes_enabled":true,"jetpack_sharing_enabled":true,"jetpack_shortlink":"https:\/\/wp.me\/pgr1n1-jx","jetpack-related-posts":[],"_links":{"self":[{"href":"https:\/\/yaracreatyque.fr\/index.php?rest_route=\/wp\/v2\/posts\/1211","targetHints":{"allow":["GET"]}}],"collection":[{"href":"https:\/\/yaracreatyque.fr\/index.php?rest_route=\/wp\/v2\/posts"}],"about":[{"href":"https:\/\/yaracreatyque.fr\/index.php?rest_route=\/wp\/v2\/types\/post"}],"author":[{"embeddable":true,"href":"https:\/\/yaracreatyque.fr\/index.php?rest_route=\/wp\/v2\/users\/263724410"}],"replies":[{"embeddable":true,"href":"https:\/\/yaracreatyque.fr\/index.php?rest_route=%2Fwp%2Fv2%2Fcomments&post=1211"}],"version-history":[{"count":15,"href":"https:\/\/yaracreatyque.fr\/index.php?rest_route=\/wp\/v2\/posts\/1211\/revisions"}],"predecessor-version":[{"id":1468,"href":"https:\/\/yaracreatyque.fr\/index.php?rest_route=\/wp\/v2\/posts\/1211\/revisions\/1468"}],"wp:featuredmedia":[{"embeddable":true,"href":"https:\/\/yaracreatyque.fr\/index.php?rest_route=\/wp\/v2\/media\/1221"}],"wp:attachment":[{"href":"https:\/\/yaracreatyque.fr\/index.php?rest_route=%2Fwp%2Fv2%2Fmedia&parent=1211"}],"wp:term":[{"taxonomy":"category","embeddable":true,"href":"https:\/\/yaracreatyque.fr\/index.php?rest_route=%2Fwp%2Fv2%2Fcategories&post=1211"},{"taxonomy":"post_tag","embeddable":true,"href":"https:\/\/yaracreatyque.fr\/index.php?rest_route=%2Fwp%2Fv2%2Ftags&post=1211"}],"curies":[{"name":"wp","href":"https:\/\/api.w.org\/{rel}","templated":true}]}}