{"id":2853,"date":"2025-08-11T10:32:13","date_gmt":"2025-08-11T08:32:13","guid":{"rendered":"https:\/\/yaracreatyque.fr\/?p=2853"},"modified":"2025-08-22T14:53:30","modified_gmt":"2025-08-22T12:53:30","slug":"mandalas-en-triangles","status":"publish","type":"post","link":"https:\/\/yaracreatyque.fr\/?p=2853","title":{"rendered":"Mandalas en triangles"},"content":{"rendered":"\n<div style=\"height:33px\" aria-hidden=\"true\" class=\"wp-block-spacer\"><\/div>\n\n\n\n<p class=\"wp-block-paragraph\">Des mandalas avec une forme r\u00e9p\u00e9t\u00e9e : les triangles<\/p>\n\n\n\n<div style=\"height:33px\" aria-hidden=\"true\" class=\"wp-block-spacer\"><\/div>\n\n\n\n<p class=\"wp-block-paragraph\">Ils ont un c\u00f4t\u00e9 un peu cosmique <\/p>\n\n\n\n<p class=\"wp-block-paragraph\">ou quantique<\/p>\n\n\n\n<p class=\"wp-block-paragraph\">En miniatures <\/p>\n\n\n\n<p class=\"wp-block-paragraph\">Ou de tr\u00e8s loin<\/p>\n\n\n\n<div style=\"height:33px\" aria-hidden=\"true\" class=\"wp-block-spacer\"><\/div>\n\n\n\n<p class=\"wp-block-paragraph\">De plus pr\u00e8s on distingue des formes famili\u00e8res<\/p>\n\n\n\n<p class=\"wp-block-paragraph\">Des contours reconnaissables <\/p>\n\n\n\n<p class=\"wp-block-paragraph\">Des repr\u00e9sentations<\/p>\n\n\n\n<div style=\"height:33px\" aria-hidden=\"true\" class=\"wp-block-spacer\"><\/div>\n\n\n\n<p class=\"wp-block-paragraph\">Qu\u2019en pensez-vous ?<\/p>\n\n\n\n<div style=\"height:33px\" aria-hidden=\"true\" class=\"wp-block-spacer\"><\/div>\n\n\n\n<h2 class=\"wp-block-heading has-text-align-center\">Mandalas en triangles<\/h2>\n\n\n\n<div class=\"wp-block-jetpack-tiled-gallery aligncenter is-style-rectangular\"><div class=\"\"><div class=\"tiled-gallery__gallery\"><div class=\"tiled-gallery__row\"><div class=\"tiled-gallery__col\" style=\"flex-basis:66.77704%\"><figure class=\"tiled-gallery__item\"><img decoding=\"async\" data-attachment-id=\"2870\" data-permalink=\"https:\/\/yaracreatyque.fr\/?attachment_id=2870\" data-orig-file=\"https:\/\/i0.wp.com\/yaracreatyque.fr\/wp-content\/uploads\/2025\/08\/Mandala-en-triangles-Yara-Creatyque.jpg?fit=2048%2C2048&amp;ssl=1\" data-orig-size=\"2048,2048\" data-comments-opened=\"1\" data-image-meta=\"{&quot;aperture&quot;:&quot;0&quot;,&quot;credit&quot;:&quot;&quot;,&quot;camera&quot;:&quot;&quot;,&quot;caption&quot;:&quot;&quot;,&quot;created_timestamp&quot;:&quot;0&quot;,&quot;copyright&quot;:&quot;&quot;,&quot;focal_length&quot;:&quot;0&quot;,&quot;iso&quot;:&quot;0&quot;,&quot;shutter_speed&quot;:&quot;0&quot;,&quot;title&quot;:&quot;Illustration sans titre&quot;,&quot;orientation&quot;:&quot;0&quot;}\" data-image-title=\"Mandala en triangles Yara Creatyque\" data-image-description=\"&lt;p&gt;Mandala g\u00e9om\u00e9trique r\u00e9alis\u00e9 avec des triangles  Yara Creatyque&lt;\/p&gt;\n\" data-image-caption=\"&lt;p&gt;Mandala en triangles Yara Creatyque&lt;\/p&gt;\n\" data-large-file=\"https:\/\/i0.wp.com\/yaracreatyque.fr\/wp-content\/uploads\/2025\/08\/Mandala-en-triangles-Yara-Creatyque.jpg?fit=1024%2C1024&amp;ssl=1\" data-attachment-id=\"2870\" data-permalink=\"https:\/\/yaracreatyque.fr\/?attachment_id=2870\" data-orig-file=\"https:\/\/i0.wp.com\/yaracreatyque.fr\/wp-content\/uploads\/2025\/08\/Mandala-en-triangles-Yara-Creatyque.jpg?fit=2048%2C2048&amp;ssl=1\" data-orig-size=\"2048,2048\" data-comments-opened=\"1\" data-image-meta=\"{&quot;aperture&quot;:&quot;0&quot;,&quot;credit&quot;:&quot;&quot;,&quot;camera&quot;:&quot;&quot;,&quot;caption&quot;:&quot;&quot;,&quot;created_timestamp&quot;:&quot;0&quot;,&quot;copyright&quot;:&quot;&quot;,&quot;focal_length&quot;:&quot;0&quot;,&quot;iso&quot;:&quot;0&quot;,&quot;shutter_speed&quot;:&quot;0&quot;,&quot;title&quot;:&quot;Illustration sans titre&quot;,&quot;orientation&quot;:&quot;0&quot;}\" data-image-title=\"Mandala en triangles Yara Creatyque\" data-image-description=\"&lt;p&gt;Mandala g\u00e9om\u00e9trique r\u00e9alis\u00e9 avec des triangles  Yara Creatyque&lt;\/p&gt;\n\" data-image-caption=\"&lt;p&gt;Mandala en triangles Yara Creatyque&lt;\/p&gt;\n\" data-large-file=\"https:\/\/i0.wp.com\/yaracreatyque.fr\/wp-content\/uploads\/2025\/08\/Mandala-en-triangles-Yara-Creatyque.jpg?fit=1024%2C1024&amp;ssl=1\" role=\"button\" tabindex=\"0\" aria-label=\"Ouvrir l\u2019image 1 sur 17 en plein \u00e9cran\"srcset=\"https:\/\/i0.wp.com\/yaracreatyque.fr\/wp-content\/uploads\/2025\/08\/Mandala-en-triangles-Yara-Creatyque-1024x1024.jpg?strip=info&#038;w=600&#038;ssl=1 600w,https:\/\/i0.wp.com\/yaracreatyque.fr\/wp-content\/uploads\/2025\/08\/Mandala-en-triangles-Yara-Creatyque-1024x1024.jpg?strip=info&#038;w=900&#038;ssl=1 900w,https:\/\/i0.wp.com\/yaracreatyque.fr\/wp-content\/uploads\/2025\/08\/Mandala-en-triangles-Yara-Creatyque-1024x1024.jpg?strip=info&#038;w=1200&#038;ssl=1 1200w,https:\/\/i0.wp.com\/yaracreatyque.fr\/wp-content\/uploads\/2025\/08\/Mandala-en-triangles-Yara-Creatyque-1024x1024.jpg?strip=info&#038;w=1500&#038;ssl=1 1500w,https:\/\/i0.wp.com\/yaracreatyque.fr\/wp-content\/uploads\/2025\/08\/Mandala-en-triangles-Yara-Creatyque-1024x1024.jpg?strip=info&#038;w=1800&#038;ssl=1 1800w,https:\/\/i0.wp.com\/yaracreatyque.fr\/wp-content\/uploads\/2025\/08\/Mandala-en-triangles-Yara-Creatyque-1024x1024.jpg?strip=info&#038;w=2000&#038;ssl=1 2000w\" alt=\"Mandala en triangles Yara Creatyque\" data-height=\"2048\" data-id=\"2870\" data-link=\"https:\/\/yaracreatyque.fr\/?attachment_id=2870\" data-url=\"https:\/\/yaracreatyque.fr\/wp-content\/uploads\/2025\/08\/Mandala-en-triangles-Yara-Creatyque-1024x1024.jpg\" data-width=\"2048\" src=\"https:\/\/i0.wp.com\/yaracreatyque.fr\/wp-content\/uploads\/2025\/08\/Mandala-en-triangles-Yara-Creatyque-1024x1024.jpg?ssl=1\" data-amp-layout=\"responsive\"\/><\/figure><\/div><div class=\"tiled-gallery__col\" style=\"flex-basis:33.22296%\"><figure class=\"tiled-gallery__item\"><img decoding=\"async\" data-attachment-id=\"2871\" data-permalink=\"https:\/\/yaracreatyque.fr\/?attachment_id=2871\" data-orig-file=\"https:\/\/i0.wp.com\/yaracreatyque.fr\/wp-content\/uploads\/2025\/08\/Mandala-requin-Yara-Creatyque.jpg?fit=2048%2C2048&amp;ssl=1\" data-orig-size=\"2048,2048\" data-comments-opened=\"1\" data-image-meta=\"{&quot;aperture&quot;:&quot;0&quot;,&quot;credit&quot;:&quot;&quot;,&quot;camera&quot;:&quot;&quot;,&quot;caption&quot;:&quot;&quot;,&quot;created_timestamp&quot;:&quot;1753116769&quot;,&quot;copyright&quot;:&quot;&quot;,&quot;focal_length&quot;:&quot;0&quot;,&quot;iso&quot;:&quot;0&quot;,&quot;shutter_speed&quot;:&quot;0&quot;,&quot;title&quot;:&quot;Illustration sans titre&quot;,&quot;orientation&quot;:&quot;0&quot;}\" data-image-title=\"Mandala Requin Yara Creatyque\" data-image-description=\"&lt;p&gt;Mandala g\u00e9om\u00e9trique en triangles repr\u00e9sentant 4 requins par Yara Creatyque&lt;\/p&gt;\n\" data-image-caption=\"&lt;p&gt;Mandala Requin Yara Creatyque&lt;\/p&gt;\n\" data-large-file=\"https:\/\/i0.wp.com\/yaracreatyque.fr\/wp-content\/uploads\/2025\/08\/Mandala-requin-Yara-Creatyque.jpg?fit=1024%2C1024&amp;ssl=1\" data-attachment-id=\"2871\" data-permalink=\"https:\/\/yaracreatyque.fr\/?attachment_id=2871\" data-orig-file=\"https:\/\/i0.wp.com\/yaracreatyque.fr\/wp-content\/uploads\/2025\/08\/Mandala-requin-Yara-Creatyque.jpg?fit=2048%2C2048&amp;ssl=1\" data-orig-size=\"2048,2048\" data-comments-opened=\"1\" data-image-meta=\"{&quot;aperture&quot;:&quot;0&quot;,&quot;credit&quot;:&quot;&quot;,&quot;camera&quot;:&quot;&quot;,&quot;caption&quot;:&quot;&quot;,&quot;created_timestamp&quot;:&quot;1753116769&quot;,&quot;copyright&quot;:&quot;&quot;,&quot;focal_length&quot;:&quot;0&quot;,&quot;iso&quot;:&quot;0&quot;,&quot;shutter_speed&quot;:&quot;0&quot;,&quot;title&quot;:&quot;Illustration sans titre&quot;,&quot;orientation&quot;:&quot;0&quot;}\" data-image-title=\"Mandala Requin Yara Creatyque\" data-image-description=\"&lt;p&gt;Mandala g\u00e9om\u00e9trique en triangles repr\u00e9sentant 4 requins par Yara Creatyque&lt;\/p&gt;\n\" data-image-caption=\"&lt;p&gt;Mandala Requin Yara Creatyque&lt;\/p&gt;\n\" data-large-file=\"https:\/\/i0.wp.com\/yaracreatyque.fr\/wp-content\/uploads\/2025\/08\/Mandala-requin-Yara-Creatyque.jpg?fit=1024%2C1024&amp;ssl=1\" role=\"button\" tabindex=\"0\" aria-label=\"Ouvrir l\u2019image 2 sur 17 en plein \u00e9cran\"srcset=\"https:\/\/i0.wp.com\/yaracreatyque.fr\/wp-content\/uploads\/2025\/08\/Mandala-requin-Yara-Creatyque-1024x1024.jpg?strip=info&#038;w=600&#038;ssl=1 600w,https:\/\/i0.wp.com\/yaracreatyque.fr\/wp-content\/uploads\/2025\/08\/Mandala-requin-Yara-Creatyque-1024x1024.jpg?strip=info&#038;w=900&#038;ssl=1 900w,https:\/\/i0.wp.com\/yaracreatyque.fr\/wp-content\/uploads\/2025\/08\/Mandala-requin-Yara-Creatyque-1024x1024.jpg?strip=info&#038;w=1200&#038;ssl=1 1200w,https:\/\/i0.wp.com\/yaracreatyque.fr\/wp-content\/uploads\/2025\/08\/Mandala-requin-Yara-Creatyque-1024x1024.jpg?strip=info&#038;w=1500&#038;ssl=1 1500w,https:\/\/i0.wp.com\/yaracreatyque.fr\/wp-content\/uploads\/2025\/08\/Mandala-requin-Yara-Creatyque-1024x1024.jpg?strip=info&#038;w=1800&#038;ssl=1 1800w,https:\/\/i0.wp.com\/yaracreatyque.fr\/wp-content\/uploads\/2025\/08\/Mandala-requin-Yara-Creatyque-1024x1024.jpg?strip=info&#038;w=2000&#038;ssl=1 2000w\" alt=\"Mandala Requin Yara Creatyque\" data-height=\"2048\" data-id=\"2871\" data-link=\"https:\/\/yaracreatyque.fr\/?attachment_id=2871\" data-url=\"https:\/\/yaracreatyque.fr\/wp-content\/uploads\/2025\/08\/Mandala-requin-Yara-Creatyque-1024x1024.jpg\" data-width=\"2048\" src=\"https:\/\/i0.wp.com\/yaracreatyque.fr\/wp-content\/uploads\/2025\/08\/Mandala-requin-Yara-Creatyque-1024x1024.jpg?ssl=1\" data-amp-layout=\"responsive\"\/><\/figure><figure class=\"tiled-gallery__item\"><img decoding=\"async\" data-attachment-id=\"2872\" data-permalink=\"https:\/\/yaracreatyque.fr\/?attachment_id=2872\" data-orig-file=\"https:\/\/i0.wp.com\/yaracreatyque.fr\/wp-content\/uploads\/2025\/08\/Mandala-en-triangles-portail-Yara-Creatyque.jpg?fit=2048%2C2048&amp;ssl=1\" data-orig-size=\"2048,2048\" data-comments-opened=\"1\" data-image-meta=\"{&quot;aperture&quot;:&quot;0&quot;,&quot;credit&quot;:&quot;&quot;,&quot;camera&quot;:&quot;&quot;,&quot;caption&quot;:&quot;&quot;,&quot;created_timestamp&quot;:&quot;0&quot;,&quot;copyright&quot;:&quot;&quot;,&quot;focal_length&quot;:&quot;0&quot;,&quot;iso&quot;:&quot;0&quot;,&quot;shutter_speed&quot;:&quot;0&quot;,&quot;title&quot;:&quot;Illustration sans titre&quot;,&quot;orientation&quot;:&quot;0&quot;}\" data-image-title=\"Mandala portails Yara Creatyque\" data-image-description=\"&lt;p&gt;Mandala g\u00e9om\u00e9trique en triangles repr\u00e9sentant 4 portails par Yara Creatyque&lt;\/p&gt;\n\" data-image-caption=\"&lt;p&gt;Mandala portails Yara Creatyque&lt;\/p&gt;\n\" data-large-file=\"https:\/\/i0.wp.com\/yaracreatyque.fr\/wp-content\/uploads\/2025\/08\/Mandala-en-triangles-portail-Yara-Creatyque.jpg?fit=1024%2C1024&amp;ssl=1\" data-attachment-id=\"2872\" data-permalink=\"https:\/\/yaracreatyque.fr\/?attachment_id=2872\" data-orig-file=\"https:\/\/i0.wp.com\/yaracreatyque.fr\/wp-content\/uploads\/2025\/08\/Mandala-en-triangles-portail-Yara-Creatyque.jpg?fit=2048%2C2048&amp;ssl=1\" data-orig-size=\"2048,2048\" data-comments-opened=\"1\" data-image-meta=\"{&quot;aperture&quot;:&quot;0&quot;,&quot;credit&quot;:&quot;&quot;,&quot;camera&quot;:&quot;&quot;,&quot;caption&quot;:&quot;&quot;,&quot;created_timestamp&quot;:&quot;0&quot;,&quot;copyright&quot;:&quot;&quot;,&quot;focal_length&quot;:&quot;0&quot;,&quot;iso&quot;:&quot;0&quot;,&quot;shutter_speed&quot;:&quot;0&quot;,&quot;title&quot;:&quot;Illustration sans titre&quot;,&quot;orientation&quot;:&quot;0&quot;}\" data-image-title=\"Mandala portails Yara Creatyque\" data-image-description=\"&lt;p&gt;Mandala g\u00e9om\u00e9trique en triangles repr\u00e9sentant 4 portails par Yara Creatyque&lt;\/p&gt;\n\" data-image-caption=\"&lt;p&gt;Mandala portails Yara Creatyque&lt;\/p&gt;\n\" data-large-file=\"https:\/\/i0.wp.com\/yaracreatyque.fr\/wp-content\/uploads\/2025\/08\/Mandala-en-triangles-portail-Yara-Creatyque.jpg?fit=1024%2C1024&amp;ssl=1\" role=\"button\" tabindex=\"0\" aria-label=\"Ouvrir l\u2019image 3 sur 17 en plein \u00e9cran\"srcset=\"https:\/\/i0.wp.com\/yaracreatyque.fr\/wp-content\/uploads\/2025\/08\/Mandala-en-triangles-portail-Yara-Creatyque-1024x1024.jpg?strip=info&#038;w=600&#038;ssl=1 600w,https:\/\/i0.wp.com\/yaracreatyque.fr\/wp-content\/uploads\/2025\/08\/Mandala-en-triangles-portail-Yara-Creatyque-1024x1024.jpg?strip=info&#038;w=900&#038;ssl=1 900w,https:\/\/i0.wp.com\/yaracreatyque.fr\/wp-content\/uploads\/2025\/08\/Mandala-en-triangles-portail-Yara-Creatyque-1024x1024.jpg?strip=info&#038;w=1200&#038;ssl=1 1200w,https:\/\/i0.wp.com\/yaracreatyque.fr\/wp-content\/uploads\/2025\/08\/Mandala-en-triangles-portail-Yara-Creatyque-1024x1024.jpg?strip=info&#038;w=1500&#038;ssl=1 1500w,https:\/\/i0.wp.com\/yaracreatyque.fr\/wp-content\/uploads\/2025\/08\/Mandala-en-triangles-portail-Yara-Creatyque-1024x1024.jpg?strip=info&#038;w=1800&#038;ssl=1 1800w,https:\/\/i0.wp.com\/yaracreatyque.fr\/wp-content\/uploads\/2025\/08\/Mandala-en-triangles-portail-Yara-Creatyque-1024x1024.jpg?strip=info&#038;w=2000&#038;ssl=1 2000w\" alt=\"Mandala portails Yara Creatyque\" data-height=\"2048\" data-id=\"2872\" data-link=\"https:\/\/yaracreatyque.fr\/?attachment_id=2872\" data-url=\"https:\/\/yaracreatyque.fr\/wp-content\/uploads\/2025\/08\/Mandala-en-triangles-portail-Yara-Creatyque-1024x1024.jpg\" data-width=\"2048\" src=\"https:\/\/i0.wp.com\/yaracreatyque.fr\/wp-content\/uploads\/2025\/08\/Mandala-en-triangles-portail-Yara-Creatyque-1024x1024.jpg?ssl=1\" data-amp-layout=\"responsive\"\/><\/figure><\/div><\/div><div class=\"tiled-gallery__row\"><div class=\"tiled-gallery__col\" style=\"flex-basis:33.33333%\"><figure class=\"tiled-gallery__item\"><img decoding=\"async\" data-attachment-id=\"2873\" data-permalink=\"https:\/\/yaracreatyque.fr\/?attachment_id=2873\" data-orig-file=\"https:\/\/i0.wp.com\/yaracreatyque.fr\/wp-content\/uploads\/2025\/08\/Mandala-Chauve-souris-Yara-Creatyque.jpg?fit=2048%2C2048&amp;ssl=1\" data-orig-size=\"2048,2048\" data-comments-opened=\"1\" data-image-meta=\"{&quot;aperture&quot;:&quot;0&quot;,&quot;credit&quot;:&quot;&quot;,&quot;camera&quot;:&quot;&quot;,&quot;caption&quot;:&quot;&quot;,&quot;created_timestamp&quot;:&quot;0&quot;,&quot;copyright&quot;:&quot;&quot;,&quot;focal_length&quot;:&quot;0&quot;,&quot;iso&quot;:&quot;0&quot;,&quot;shutter_speed&quot;:&quot;0&quot;,&quot;title&quot;:&quot;Illustration sans titre&quot;,&quot;orientation&quot;:&quot;0&quot;}\" data-image-title=\"Mandala chauve souris Yara Creatyque\" data-image-description=\"&lt;p&gt;Mandala g\u00e9om\u00e9trique r\u00e9alis\u00e9 avec des triangles repr\u00e9sentant le th\u00e8me de la chauve souris par Yara Creatyque&lt;\/p&gt;\n\" data-image-caption=\"&lt;p&gt;Mandala chauve souris Yara Creatyque&lt;\/p&gt;\n\" data-large-file=\"https:\/\/i0.wp.com\/yaracreatyque.fr\/wp-content\/uploads\/2025\/08\/Mandala-Chauve-souris-Yara-Creatyque.jpg?fit=1024%2C1024&amp;ssl=1\" data-attachment-id=\"2873\" data-permalink=\"https:\/\/yaracreatyque.fr\/?attachment_id=2873\" data-orig-file=\"https:\/\/i0.wp.com\/yaracreatyque.fr\/wp-content\/uploads\/2025\/08\/Mandala-Chauve-souris-Yara-Creatyque.jpg?fit=2048%2C2048&amp;ssl=1\" data-orig-size=\"2048,2048\" data-comments-opened=\"1\" data-image-meta=\"{&quot;aperture&quot;:&quot;0&quot;,&quot;credit&quot;:&quot;&quot;,&quot;camera&quot;:&quot;&quot;,&quot;caption&quot;:&quot;&quot;,&quot;created_timestamp&quot;:&quot;0&quot;,&quot;copyright&quot;:&quot;&quot;,&quot;focal_length&quot;:&quot;0&quot;,&quot;iso&quot;:&quot;0&quot;,&quot;shutter_speed&quot;:&quot;0&quot;,&quot;title&quot;:&quot;Illustration sans titre&quot;,&quot;orientation&quot;:&quot;0&quot;}\" data-image-title=\"Mandala chauve souris Yara Creatyque\" data-image-description=\"&lt;p&gt;Mandala g\u00e9om\u00e9trique r\u00e9alis\u00e9 avec des triangles repr\u00e9sentant le th\u00e8me de la chauve souris par Yara Creatyque&lt;\/p&gt;\n\" data-image-caption=\"&lt;p&gt;Mandala chauve souris Yara Creatyque&lt;\/p&gt;\n\" data-large-file=\"https:\/\/i0.wp.com\/yaracreatyque.fr\/wp-content\/uploads\/2025\/08\/Mandala-Chauve-souris-Yara-Creatyque.jpg?fit=1024%2C1024&amp;ssl=1\" role=\"button\" tabindex=\"0\" aria-label=\"Ouvrir l\u2019image 4 sur 17 en plein \u00e9cran\"srcset=\"https:\/\/i0.wp.com\/yaracreatyque.fr\/wp-content\/uploads\/2025\/08\/Mandala-Chauve-souris-Yara-Creatyque-1024x1024.jpg?strip=info&#038;w=600&#038;ssl=1 600w,https:\/\/i0.wp.com\/yaracreatyque.fr\/wp-content\/uploads\/2025\/08\/Mandala-Chauve-souris-Yara-Creatyque-1024x1024.jpg?strip=info&#038;w=900&#038;ssl=1 900w,https:\/\/i0.wp.com\/yaracreatyque.fr\/wp-content\/uploads\/2025\/08\/Mandala-Chauve-souris-Yara-Creatyque-1024x1024.jpg?strip=info&#038;w=1200&#038;ssl=1 1200w,https:\/\/i0.wp.com\/yaracreatyque.fr\/wp-content\/uploads\/2025\/08\/Mandala-Chauve-souris-Yara-Creatyque-1024x1024.jpg?strip=info&#038;w=1500&#038;ssl=1 1500w,https:\/\/i0.wp.com\/yaracreatyque.fr\/wp-content\/uploads\/2025\/08\/Mandala-Chauve-souris-Yara-Creatyque-1024x1024.jpg?strip=info&#038;w=1800&#038;ssl=1 1800w,https:\/\/i0.wp.com\/yaracreatyque.fr\/wp-content\/uploads\/2025\/08\/Mandala-Chauve-souris-Yara-Creatyque-1024x1024.jpg?strip=info&#038;w=2000&#038;ssl=1 2000w\" alt=\"Mandalas chauve souris Yara Creatyque\" data-height=\"2048\" data-id=\"2873\" data-link=\"https:\/\/yaracreatyque.fr\/?attachment_id=2873\" data-url=\"https:\/\/yaracreatyque.fr\/wp-content\/uploads\/2025\/08\/Mandala-Chauve-souris-Yara-Creatyque-1024x1024.jpg\" data-width=\"2048\" src=\"https:\/\/i0.wp.com\/yaracreatyque.fr\/wp-content\/uploads\/2025\/08\/Mandala-Chauve-souris-Yara-Creatyque-1024x1024.jpg?ssl=1\" data-amp-layout=\"responsive\"\/><\/figure><\/div><div class=\"tiled-gallery__col\" style=\"flex-basis:33.33333%\"><figure class=\"tiled-gallery__item\"><img decoding=\"async\" data-attachment-id=\"2874\" data-permalink=\"https:\/\/yaracreatyque.fr\/?attachment_id=2874\" data-orig-file=\"https:\/\/i0.wp.com\/yaracreatyque.fr\/wp-content\/uploads\/2025\/08\/Mandala-Reine-Yara-Creatyque.jpg?fit=2048%2C2048&amp;ssl=1\" data-orig-size=\"2048,2048\" data-comments-opened=\"1\" data-image-meta=\"{&quot;aperture&quot;:&quot;0&quot;,&quot;credit&quot;:&quot;&quot;,&quot;camera&quot;:&quot;&quot;,&quot;caption&quot;:&quot;&quot;,&quot;created_timestamp&quot;:&quot;0&quot;,&quot;copyright&quot;:&quot;&quot;,&quot;focal_length&quot;:&quot;0&quot;,&quot;iso&quot;:&quot;0&quot;,&quot;shutter_speed&quot;:&quot;0&quot;,&quot;title&quot;:&quot;Illustration sans titre&quot;,&quot;orientation&quot;:&quot;0&quot;}\" data-image-title=\"Mandala Reine Yara Creatyque\" data-image-description=\"&lt;p&gt;Mandala g\u00e9om\u00e9trique en triangles repr\u00e9sentant 4 reines par Yara Creatyque&lt;\/p&gt;\n\" data-image-caption=\"&lt;p&gt;Mandala Reine Yara Creatyque&lt;\/p&gt;\n\" data-large-file=\"https:\/\/i0.wp.com\/yaracreatyque.fr\/wp-content\/uploads\/2025\/08\/Mandala-Reine-Yara-Creatyque.jpg?fit=1024%2C1024&amp;ssl=1\" data-attachment-id=\"2874\" data-permalink=\"https:\/\/yaracreatyque.fr\/?attachment_id=2874\" data-orig-file=\"https:\/\/i0.wp.com\/yaracreatyque.fr\/wp-content\/uploads\/2025\/08\/Mandala-Reine-Yara-Creatyque.jpg?fit=2048%2C2048&amp;ssl=1\" data-orig-size=\"2048,2048\" data-comments-opened=\"1\" data-image-meta=\"{&quot;aperture&quot;:&quot;0&quot;,&quot;credit&quot;:&quot;&quot;,&quot;camera&quot;:&quot;&quot;,&quot;caption&quot;:&quot;&quot;,&quot;created_timestamp&quot;:&quot;0&quot;,&quot;copyright&quot;:&quot;&quot;,&quot;focal_length&quot;:&quot;0&quot;,&quot;iso&quot;:&quot;0&quot;,&quot;shutter_speed&quot;:&quot;0&quot;,&quot;title&quot;:&quot;Illustration sans titre&quot;,&quot;orientation&quot;:&quot;0&quot;}\" data-image-title=\"Mandala Reine Yara Creatyque\" data-image-description=\"&lt;p&gt;Mandala g\u00e9om\u00e9trique en triangles repr\u00e9sentant 4 reines par Yara Creatyque&lt;\/p&gt;\n\" data-image-caption=\"&lt;p&gt;Mandala Reine Yara Creatyque&lt;\/p&gt;\n\" data-large-file=\"https:\/\/i0.wp.com\/yaracreatyque.fr\/wp-content\/uploads\/2025\/08\/Mandala-Reine-Yara-Creatyque.jpg?fit=1024%2C1024&amp;ssl=1\" role=\"button\" tabindex=\"0\" aria-label=\"Ouvrir l\u2019image 5 sur 17 en plein \u00e9cran\"srcset=\"https:\/\/i0.wp.com\/yaracreatyque.fr\/wp-content\/uploads\/2025\/08\/Mandala-Reine-Yara-Creatyque-1024x1024.jpg?strip=info&#038;w=600&#038;ssl=1 600w,https:\/\/i0.wp.com\/yaracreatyque.fr\/wp-content\/uploads\/2025\/08\/Mandala-Reine-Yara-Creatyque-1024x1024.jpg?strip=info&#038;w=900&#038;ssl=1 900w,https:\/\/i0.wp.com\/yaracreatyque.fr\/wp-content\/uploads\/2025\/08\/Mandala-Reine-Yara-Creatyque-1024x1024.jpg?strip=info&#038;w=1200&#038;ssl=1 1200w,https:\/\/i0.wp.com\/yaracreatyque.fr\/wp-content\/uploads\/2025\/08\/Mandala-Reine-Yara-Creatyque-1024x1024.jpg?strip=info&#038;w=1500&#038;ssl=1 1500w,https:\/\/i0.wp.com\/yaracreatyque.fr\/wp-content\/uploads\/2025\/08\/Mandala-Reine-Yara-Creatyque-1024x1024.jpg?strip=info&#038;w=1800&#038;ssl=1 1800w,https:\/\/i0.wp.com\/yaracreatyque.fr\/wp-content\/uploads\/2025\/08\/Mandala-Reine-Yara-Creatyque-1024x1024.jpg?strip=info&#038;w=2000&#038;ssl=1 2000w\" alt=\"Mandala Reine Yara Creatyque\" data-height=\"2048\" data-id=\"2874\" data-link=\"https:\/\/yaracreatyque.fr\/?attachment_id=2874\" data-url=\"https:\/\/yaracreatyque.fr\/wp-content\/uploads\/2025\/08\/Mandala-Reine-Yara-Creatyque-1024x1024.jpg\" data-width=\"2048\" src=\"https:\/\/i0.wp.com\/yaracreatyque.fr\/wp-content\/uploads\/2025\/08\/Mandala-Reine-Yara-Creatyque-1024x1024.jpg?ssl=1\" data-amp-layout=\"responsive\"\/><\/figure><\/div><div class=\"tiled-gallery__col\" style=\"flex-basis:33.33333%\"><figure class=\"tiled-gallery__item\"><img decoding=\"async\" data-attachment-id=\"2875\" data-permalink=\"https:\/\/yaracreatyque.fr\/?attachment_id=2875\" data-orig-file=\"https:\/\/i0.wp.com\/yaracreatyque.fr\/wp-content\/uploads\/2025\/08\/Mandala-feminite-Yara-Creatyque.jpg?fit=2048%2C2048&amp;ssl=1\" data-orig-size=\"2048,2048\" data-comments-opened=\"1\" data-image-meta=\"{&quot;aperture&quot;:&quot;0&quot;,&quot;credit&quot;:&quot;&quot;,&quot;camera&quot;:&quot;&quot;,&quot;caption&quot;:&quot;&quot;,&quot;created_timestamp&quot;:&quot;0&quot;,&quot;copyright&quot;:&quot;&quot;,&quot;focal_length&quot;:&quot;0&quot;,&quot;iso&quot;:&quot;0&quot;,&quot;shutter_speed&quot;:&quot;0&quot;,&quot;title&quot;:&quot;Illustration sans titre&quot;,&quot;orientation&quot;:&quot;0&quot;}\" data-image-title=\"Mandala f\u00e9minin divin Yara Creatyque\" data-image-description=\"&lt;p&gt;Mandala g\u00e9om\u00e9trique r\u00e9alis\u00e9 avec des triangles repr\u00e9sentant le f\u00e9minin divin, la f\u00e9minit\u00e9, la femme par Yara Creatyque&lt;\/p&gt;\n\" data-image-caption=\"&lt;p&gt;Mandala f\u00e9minit\u00e9 Yara Creatyque&lt;\/p&gt;\n\" data-large-file=\"https:\/\/i0.wp.com\/yaracreatyque.fr\/wp-content\/uploads\/2025\/08\/Mandala-feminite-Yara-Creatyque.jpg?fit=1024%2C1024&amp;ssl=1\" data-attachment-id=\"2875\" data-permalink=\"https:\/\/yaracreatyque.fr\/?attachment_id=2875\" data-orig-file=\"https:\/\/i0.wp.com\/yaracreatyque.fr\/wp-content\/uploads\/2025\/08\/Mandala-feminite-Yara-Creatyque.jpg?fit=2048%2C2048&amp;ssl=1\" data-orig-size=\"2048,2048\" data-comments-opened=\"1\" data-image-meta=\"{&quot;aperture&quot;:&quot;0&quot;,&quot;credit&quot;:&quot;&quot;,&quot;camera&quot;:&quot;&quot;,&quot;caption&quot;:&quot;&quot;,&quot;created_timestamp&quot;:&quot;0&quot;,&quot;copyright&quot;:&quot;&quot;,&quot;focal_length&quot;:&quot;0&quot;,&quot;iso&quot;:&quot;0&quot;,&quot;shutter_speed&quot;:&quot;0&quot;,&quot;title&quot;:&quot;Illustration sans titre&quot;,&quot;orientation&quot;:&quot;0&quot;}\" data-image-title=\"Mandala f\u00e9minin divin Yara Creatyque\" data-image-description=\"&lt;p&gt;Mandala g\u00e9om\u00e9trique r\u00e9alis\u00e9 avec des triangles repr\u00e9sentant le f\u00e9minin divin, la f\u00e9minit\u00e9, la femme par Yara Creatyque&lt;\/p&gt;\n\" data-image-caption=\"&lt;p&gt;Mandala f\u00e9minit\u00e9 Yara Creatyque&lt;\/p&gt;\n\" data-large-file=\"https:\/\/i0.wp.com\/yaracreatyque.fr\/wp-content\/uploads\/2025\/08\/Mandala-feminite-Yara-Creatyque.jpg?fit=1024%2C1024&amp;ssl=1\" role=\"button\" tabindex=\"0\" aria-label=\"Ouvrir l\u2019image 6 sur 17 en plein \u00e9cran\"srcset=\"https:\/\/i0.wp.com\/yaracreatyque.fr\/wp-content\/uploads\/2025\/08\/Mandala-feminite-Yara-Creatyque-1024x1024.jpg?strip=info&#038;w=600&#038;ssl=1 600w,https:\/\/i0.wp.com\/yaracreatyque.fr\/wp-content\/uploads\/2025\/08\/Mandala-feminite-Yara-Creatyque-1024x1024.jpg?strip=info&#038;w=900&#038;ssl=1 900w,https:\/\/i0.wp.com\/yaracreatyque.fr\/wp-content\/uploads\/2025\/08\/Mandala-feminite-Yara-Creatyque-1024x1024.jpg?strip=info&#038;w=1200&#038;ssl=1 1200w,https:\/\/i0.wp.com\/yaracreatyque.fr\/wp-content\/uploads\/2025\/08\/Mandala-feminite-Yara-Creatyque-1024x1024.jpg?strip=info&#038;w=1500&#038;ssl=1 1500w,https:\/\/i0.wp.com\/yaracreatyque.fr\/wp-content\/uploads\/2025\/08\/Mandala-feminite-Yara-Creatyque-1024x1024.jpg?strip=info&#038;w=1800&#038;ssl=1 1800w,https:\/\/i0.wp.com\/yaracreatyque.fr\/wp-content\/uploads\/2025\/08\/Mandala-feminite-Yara-Creatyque-1024x1024.jpg?strip=info&#038;w=2000&#038;ssl=1 2000w\" alt=\"Mandala f\u00e9minin Yara Creatyque\" data-height=\"2048\" data-id=\"2875\" data-link=\"https:\/\/yaracreatyque.fr\/?attachment_id=2875\" data-url=\"https:\/\/yaracreatyque.fr\/wp-content\/uploads\/2025\/08\/Mandala-feminite-Yara-Creatyque-1024x1024.jpg\" data-width=\"2048\" src=\"https:\/\/i0.wp.com\/yaracreatyque.fr\/wp-content\/uploads\/2025\/08\/Mandala-feminite-Yara-Creatyque-1024x1024.jpg?ssl=1\" data-amp-layout=\"responsive\"\/><\/figure><\/div><\/div><div class=\"tiled-gallery__row\"><div class=\"tiled-gallery__col\" style=\"flex-basis:33.22296%\"><figure class=\"tiled-gallery__item\"><img decoding=\"async\" data-attachment-id=\"2876\" data-permalink=\"https:\/\/yaracreatyque.fr\/?attachment_id=2876\" data-orig-file=\"https:\/\/i0.wp.com\/yaracreatyque.fr\/wp-content\/uploads\/2025\/08\/Mandala-Ange-guerriere-Yara-Creatyque.jpg?fit=2048%2C2048&amp;ssl=1\" data-orig-size=\"2048,2048\" data-comments-opened=\"1\" data-image-meta=\"{&quot;aperture&quot;:&quot;0&quot;,&quot;credit&quot;:&quot;&quot;,&quot;camera&quot;:&quot;&quot;,&quot;caption&quot;:&quot;&quot;,&quot;created_timestamp&quot;:&quot;0&quot;,&quot;copyright&quot;:&quot;&quot;,&quot;focal_length&quot;:&quot;0&quot;,&quot;iso&quot;:&quot;0&quot;,&quot;shutter_speed&quot;:&quot;0&quot;,&quot;title&quot;:&quot;Illustration sans titre&quot;,&quot;orientation&quot;:&quot;0&quot;}\" data-image-title=\"Mandala Ange guerri\u00e8re Yara Creatyque\" data-image-description=\"&lt;p&gt;Mandala g\u00e9om\u00e9trique r\u00e9alis\u00e9 avec des triangles repr\u00e9sentant une figure ang\u00e9lique guerri\u00e8re par Yara Creatyque&lt;\/p&gt;\n\" data-image-caption=\"&lt;p&gt;Mandala Ange guerri\u00e8re Yara Creatyque&lt;\/p&gt;\n\" data-large-file=\"https:\/\/i0.wp.com\/yaracreatyque.fr\/wp-content\/uploads\/2025\/08\/Mandala-Ange-guerriere-Yara-Creatyque.jpg?fit=1024%2C1024&amp;ssl=1\" data-attachment-id=\"2876\" data-permalink=\"https:\/\/yaracreatyque.fr\/?attachment_id=2876\" data-orig-file=\"https:\/\/i0.wp.com\/yaracreatyque.fr\/wp-content\/uploads\/2025\/08\/Mandala-Ange-guerriere-Yara-Creatyque.jpg?fit=2048%2C2048&amp;ssl=1\" data-orig-size=\"2048,2048\" data-comments-opened=\"1\" data-image-meta=\"{&quot;aperture&quot;:&quot;0&quot;,&quot;credit&quot;:&quot;&quot;,&quot;camera&quot;:&quot;&quot;,&quot;caption&quot;:&quot;&quot;,&quot;created_timestamp&quot;:&quot;0&quot;,&quot;copyright&quot;:&quot;&quot;,&quot;focal_length&quot;:&quot;0&quot;,&quot;iso&quot;:&quot;0&quot;,&quot;shutter_speed&quot;:&quot;0&quot;,&quot;title&quot;:&quot;Illustration sans titre&quot;,&quot;orientation&quot;:&quot;0&quot;}\" data-image-title=\"Mandala Ange guerri\u00e8re Yara Creatyque\" data-image-description=\"&lt;p&gt;Mandala g\u00e9om\u00e9trique r\u00e9alis\u00e9 avec des triangles repr\u00e9sentant une figure ang\u00e9lique guerri\u00e8re par Yara Creatyque&lt;\/p&gt;\n\" data-image-caption=\"&lt;p&gt;Mandala Ange guerri\u00e8re Yara Creatyque&lt;\/p&gt;\n\" data-large-file=\"https:\/\/i0.wp.com\/yaracreatyque.fr\/wp-content\/uploads\/2025\/08\/Mandala-Ange-guerriere-Yara-Creatyque.jpg?fit=1024%2C1024&amp;ssl=1\" role=\"button\" tabindex=\"0\" aria-label=\"Ouvrir l\u2019image 7 sur 17 en plein \u00e9cran\"srcset=\"https:\/\/i0.wp.com\/yaracreatyque.fr\/wp-content\/uploads\/2025\/08\/Mandala-Ange-guerriere-Yara-Creatyque-1024x1024.jpg?strip=info&#038;w=600&#038;ssl=1 600w,https:\/\/i0.wp.com\/yaracreatyque.fr\/wp-content\/uploads\/2025\/08\/Mandala-Ange-guerriere-Yara-Creatyque-1024x1024.jpg?strip=info&#038;w=900&#038;ssl=1 900w,https:\/\/i0.wp.com\/yaracreatyque.fr\/wp-content\/uploads\/2025\/08\/Mandala-Ange-guerriere-Yara-Creatyque-1024x1024.jpg?strip=info&#038;w=1200&#038;ssl=1 1200w,https:\/\/i0.wp.com\/yaracreatyque.fr\/wp-content\/uploads\/2025\/08\/Mandala-Ange-guerriere-Yara-Creatyque-1024x1024.jpg?strip=info&#038;w=1500&#038;ssl=1 1500w,https:\/\/i0.wp.com\/yaracreatyque.fr\/wp-content\/uploads\/2025\/08\/Mandala-Ange-guerriere-Yara-Creatyque-1024x1024.jpg?strip=info&#038;w=1800&#038;ssl=1 1800w,https:\/\/i0.wp.com\/yaracreatyque.fr\/wp-content\/uploads\/2025\/08\/Mandala-Ange-guerriere-Yara-Creatyque-1024x1024.jpg?strip=info&#038;w=2000&#038;ssl=1 2000w\" alt=\"Mandala ange guerriere Yara Creatyque\" data-height=\"2048\" data-id=\"2876\" data-link=\"https:\/\/yaracreatyque.fr\/?attachment_id=2876\" data-url=\"https:\/\/yaracreatyque.fr\/wp-content\/uploads\/2025\/08\/Mandala-Ange-guerriere-Yara-Creatyque-1024x1024.jpg\" data-width=\"2048\" src=\"https:\/\/i0.wp.com\/yaracreatyque.fr\/wp-content\/uploads\/2025\/08\/Mandala-Ange-guerriere-Yara-Creatyque-1024x1024.jpg?ssl=1\" data-amp-layout=\"responsive\"\/><\/figure><figure class=\"tiled-gallery__item\"><img decoding=\"async\" data-attachment-id=\"2877\" data-permalink=\"https:\/\/yaracreatyque.fr\/?attachment_id=2877\" data-orig-file=\"https:\/\/i0.wp.com\/yaracreatyque.fr\/wp-content\/uploads\/2025\/08\/Mandala-orchidees-Yara-Creatyque.jpg?fit=2048%2C2048&amp;ssl=1\" data-orig-size=\"2048,2048\" data-comments-opened=\"1\" data-image-meta=\"{&quot;aperture&quot;:&quot;0&quot;,&quot;credit&quot;:&quot;&quot;,&quot;camera&quot;:&quot;&quot;,&quot;caption&quot;:&quot;&quot;,&quot;created_timestamp&quot;:&quot;0&quot;,&quot;copyright&quot;:&quot;&quot;,&quot;focal_length&quot;:&quot;0&quot;,&quot;iso&quot;:&quot;0&quot;,&quot;shutter_speed&quot;:&quot;0&quot;,&quot;title&quot;:&quot;Illustration sans titre&quot;,&quot;orientation&quot;:&quot;0&quot;}\" data-image-title=\"Mandala Orchid\u00e9es Yara Creatyque\" data-image-description=\"&lt;p&gt;Mandala g\u00e9om\u00e9trique r\u00e9alis\u00e9 avec des triangles repr\u00e9sentant des Orchid\u00e9es par Yara Creatyque&lt;\/p&gt;\n\" data-image-caption=\"&lt;p&gt;Mandala Orchid\u00e9es Yara Creatyque&lt;\/p&gt;\n\" data-large-file=\"https:\/\/i0.wp.com\/yaracreatyque.fr\/wp-content\/uploads\/2025\/08\/Mandala-orchidees-Yara-Creatyque.jpg?fit=1024%2C1024&amp;ssl=1\" data-attachment-id=\"2877\" data-permalink=\"https:\/\/yaracreatyque.fr\/?attachment_id=2877\" data-orig-file=\"https:\/\/i0.wp.com\/yaracreatyque.fr\/wp-content\/uploads\/2025\/08\/Mandala-orchidees-Yara-Creatyque.jpg?fit=2048%2C2048&amp;ssl=1\" data-orig-size=\"2048,2048\" data-comments-opened=\"1\" data-image-meta=\"{&quot;aperture&quot;:&quot;0&quot;,&quot;credit&quot;:&quot;&quot;,&quot;camera&quot;:&quot;&quot;,&quot;caption&quot;:&quot;&quot;,&quot;created_timestamp&quot;:&quot;0&quot;,&quot;copyright&quot;:&quot;&quot;,&quot;focal_length&quot;:&quot;0&quot;,&quot;iso&quot;:&quot;0&quot;,&quot;shutter_speed&quot;:&quot;0&quot;,&quot;title&quot;:&quot;Illustration sans titre&quot;,&quot;orientation&quot;:&quot;0&quot;}\" data-image-title=\"Mandala Orchid\u00e9es Yara Creatyque\" data-image-description=\"&lt;p&gt;Mandala g\u00e9om\u00e9trique r\u00e9alis\u00e9 avec des triangles repr\u00e9sentant des Orchid\u00e9es par Yara Creatyque&lt;\/p&gt;\n\" data-image-caption=\"&lt;p&gt;Mandala Orchid\u00e9es Yara Creatyque&lt;\/p&gt;\n\" data-large-file=\"https:\/\/i0.wp.com\/yaracreatyque.fr\/wp-content\/uploads\/2025\/08\/Mandala-orchidees-Yara-Creatyque.jpg?fit=1024%2C1024&amp;ssl=1\" role=\"button\" tabindex=\"0\" aria-label=\"Ouvrir l\u2019image 8 sur 17 en plein \u00e9cran\"srcset=\"https:\/\/i0.wp.com\/yaracreatyque.fr\/wp-content\/uploads\/2025\/08\/Mandala-orchidees-Yara-Creatyque-1024x1024.jpg?strip=info&#038;w=600&#038;ssl=1 600w,https:\/\/i0.wp.com\/yaracreatyque.fr\/wp-content\/uploads\/2025\/08\/Mandala-orchidees-Yara-Creatyque-1024x1024.jpg?strip=info&#038;w=900&#038;ssl=1 900w,https:\/\/i0.wp.com\/yaracreatyque.fr\/wp-content\/uploads\/2025\/08\/Mandala-orchidees-Yara-Creatyque-1024x1024.jpg?strip=info&#038;w=1200&#038;ssl=1 1200w,https:\/\/i0.wp.com\/yaracreatyque.fr\/wp-content\/uploads\/2025\/08\/Mandala-orchidees-Yara-Creatyque-1024x1024.jpg?strip=info&#038;w=1500&#038;ssl=1 1500w,https:\/\/i0.wp.com\/yaracreatyque.fr\/wp-content\/uploads\/2025\/08\/Mandala-orchidees-Yara-Creatyque-1024x1024.jpg?strip=info&#038;w=1800&#038;ssl=1 1800w,https:\/\/i0.wp.com\/yaracreatyque.fr\/wp-content\/uploads\/2025\/08\/Mandala-orchidees-Yara-Creatyque-1024x1024.jpg?strip=info&#038;w=2000&#038;ssl=1 2000w\" alt=\"Mandala Orchid\u00e9es Yara Creatyque\" data-height=\"2048\" data-id=\"2877\" data-link=\"https:\/\/yaracreatyque.fr\/?attachment_id=2877\" data-url=\"https:\/\/yaracreatyque.fr\/wp-content\/uploads\/2025\/08\/Mandala-orchidees-Yara-Creatyque-1024x1024.jpg\" data-width=\"2048\" src=\"https:\/\/i0.wp.com\/yaracreatyque.fr\/wp-content\/uploads\/2025\/08\/Mandala-orchidees-Yara-Creatyque-1024x1024.jpg?ssl=1\" data-amp-layout=\"responsive\"\/><\/figure><\/div><div class=\"tiled-gallery__col\" style=\"flex-basis:66.77704%\"><figure class=\"tiled-gallery__item\"><img decoding=\"async\" data-attachment-id=\"2878\" data-permalink=\"https:\/\/yaracreatyque.fr\/?attachment_id=2878\" data-orig-file=\"https:\/\/i0.wp.com\/yaracreatyque.fr\/wp-content\/uploads\/2025\/08\/Mandala-en-triangles-portraits-Yara-Creatyque.jpg?fit=2048%2C2048&amp;ssl=1\" data-orig-size=\"2048,2048\" data-comments-opened=\"1\" data-image-meta=\"{&quot;aperture&quot;:&quot;0&quot;,&quot;credit&quot;:&quot;&quot;,&quot;camera&quot;:&quot;&quot;,&quot;caption&quot;:&quot;&quot;,&quot;created_timestamp&quot;:&quot;0&quot;,&quot;copyright&quot;:&quot;&quot;,&quot;focal_length&quot;:&quot;0&quot;,&quot;iso&quot;:&quot;0&quot;,&quot;shutter_speed&quot;:&quot;0&quot;,&quot;title&quot;:&quot;Illustration sans titre&quot;,&quot;orientation&quot;:&quot;0&quot;}\" data-image-title=\"Mandala en triangles portraits Yara Creatyque\" data-image-description=\"&lt;p&gt;Mandala g\u00e9om\u00e9trique en triangles repr\u00e9sentant 4 facettes d&amp;rsquo;un portrait par Yara Creatyque&lt;\/p&gt;\n\" data-image-caption=\"&lt;p&gt;Mandala en triangles portraits Yara Creatyque&lt;\/p&gt;\n\" data-large-file=\"https:\/\/i0.wp.com\/yaracreatyque.fr\/wp-content\/uploads\/2025\/08\/Mandala-en-triangles-portraits-Yara-Creatyque.jpg?fit=1024%2C1024&amp;ssl=1\" data-attachment-id=\"2878\" data-permalink=\"https:\/\/yaracreatyque.fr\/?attachment_id=2878\" data-orig-file=\"https:\/\/i0.wp.com\/yaracreatyque.fr\/wp-content\/uploads\/2025\/08\/Mandala-en-triangles-portraits-Yara-Creatyque.jpg?fit=2048%2C2048&amp;ssl=1\" data-orig-size=\"2048,2048\" data-comments-opened=\"1\" data-image-meta=\"{&quot;aperture&quot;:&quot;0&quot;,&quot;credit&quot;:&quot;&quot;,&quot;camera&quot;:&quot;&quot;,&quot;caption&quot;:&quot;&quot;,&quot;created_timestamp&quot;:&quot;0&quot;,&quot;copyright&quot;:&quot;&quot;,&quot;focal_length&quot;:&quot;0&quot;,&quot;iso&quot;:&quot;0&quot;,&quot;shutter_speed&quot;:&quot;0&quot;,&quot;title&quot;:&quot;Illustration sans titre&quot;,&quot;orientation&quot;:&quot;0&quot;}\" data-image-title=\"Mandala en triangles portraits Yara Creatyque\" data-image-description=\"&lt;p&gt;Mandala g\u00e9om\u00e9trique en triangles repr\u00e9sentant 4 facettes d&amp;rsquo;un portrait par Yara Creatyque&lt;\/p&gt;\n\" data-image-caption=\"&lt;p&gt;Mandala en triangles portraits Yara Creatyque&lt;\/p&gt;\n\" data-large-file=\"https:\/\/i0.wp.com\/yaracreatyque.fr\/wp-content\/uploads\/2025\/08\/Mandala-en-triangles-portraits-Yara-Creatyque.jpg?fit=1024%2C1024&amp;ssl=1\" role=\"button\" tabindex=\"0\" aria-label=\"Ouvrir l\u2019image 9 sur 17 en plein \u00e9cran\"srcset=\"https:\/\/i0.wp.com\/yaracreatyque.fr\/wp-content\/uploads\/2025\/08\/Mandala-en-triangles-portraits-Yara-Creatyque-1024x1024.jpg?strip=info&#038;w=600&#038;ssl=1 600w,https:\/\/i0.wp.com\/yaracreatyque.fr\/wp-content\/uploads\/2025\/08\/Mandala-en-triangles-portraits-Yara-Creatyque-1024x1024.jpg?strip=info&#038;w=900&#038;ssl=1 900w,https:\/\/i0.wp.com\/yaracreatyque.fr\/wp-content\/uploads\/2025\/08\/Mandala-en-triangles-portraits-Yara-Creatyque-1024x1024.jpg?strip=info&#038;w=1200&#038;ssl=1 1200w,https:\/\/i0.wp.com\/yaracreatyque.fr\/wp-content\/uploads\/2025\/08\/Mandala-en-triangles-portraits-Yara-Creatyque-1024x1024.jpg?strip=info&#038;w=1500&#038;ssl=1 1500w,https:\/\/i0.wp.com\/yaracreatyque.fr\/wp-content\/uploads\/2025\/08\/Mandala-en-triangles-portraits-Yara-Creatyque-1024x1024.jpg?strip=info&#038;w=1800&#038;ssl=1 1800w,https:\/\/i0.wp.com\/yaracreatyque.fr\/wp-content\/uploads\/2025\/08\/Mandala-en-triangles-portraits-Yara-Creatyque-1024x1024.jpg?strip=info&#038;w=2000&#038;ssl=1 2000w\" alt=\"Mandala en triangles portraits Yara Creatyque\" data-height=\"2048\" data-id=\"2878\" data-link=\"https:\/\/yaracreatyque.fr\/?attachment_id=2878\" data-url=\"https:\/\/yaracreatyque.fr\/wp-content\/uploads\/2025\/08\/Mandala-en-triangles-portraits-Yara-Creatyque-1024x1024.jpg\" data-width=\"2048\" src=\"https:\/\/i0.wp.com\/yaracreatyque.fr\/wp-content\/uploads\/2025\/08\/Mandala-en-triangles-portraits-Yara-Creatyque-1024x1024.jpg?ssl=1\" data-amp-layout=\"responsive\"\/><\/figure><\/div><\/div><div class=\"tiled-gallery__row\"><div class=\"tiled-gallery__col\" style=\"flex-basis:50.00000%\"><figure class=\"tiled-gallery__item\"><img decoding=\"async\" data-attachment-id=\"2879\" data-permalink=\"https:\/\/yaracreatyque.fr\/?attachment_id=2879\" data-orig-file=\"https:\/\/i0.wp.com\/yaracreatyque.fr\/wp-content\/uploads\/2025\/08\/Mandala-panda-Yara-Creatyque.jpg?fit=2048%2C2048&amp;ssl=1\" data-orig-size=\"2048,2048\" data-comments-opened=\"1\" data-image-meta=\"{&quot;aperture&quot;:&quot;0&quot;,&quot;credit&quot;:&quot;&quot;,&quot;camera&quot;:&quot;&quot;,&quot;caption&quot;:&quot;&quot;,&quot;created_timestamp&quot;:&quot;0&quot;,&quot;copyright&quot;:&quot;&quot;,&quot;focal_length&quot;:&quot;0&quot;,&quot;iso&quot;:&quot;0&quot;,&quot;shutter_speed&quot;:&quot;0&quot;,&quot;title&quot;:&quot;Illustration sans titre&quot;,&quot;orientation&quot;:&quot;0&quot;}\" data-image-title=\"Mandala Panda Yara creatyque\" data-image-description=\"&lt;p&gt;Mandala g\u00e9om\u00e9trique r\u00e9alis\u00e9 avec des triangles repr\u00e9sentant des Pandas par Yara creatyque&lt;\/p&gt;\n\" data-image-caption=\"&lt;p&gt;Mandala Panda Yara creatyque&lt;\/p&gt;\n\" data-large-file=\"https:\/\/i0.wp.com\/yaracreatyque.fr\/wp-content\/uploads\/2025\/08\/Mandala-panda-Yara-Creatyque.jpg?fit=1024%2C1024&amp;ssl=1\" data-attachment-id=\"2879\" data-permalink=\"https:\/\/yaracreatyque.fr\/?attachment_id=2879\" data-orig-file=\"https:\/\/i0.wp.com\/yaracreatyque.fr\/wp-content\/uploads\/2025\/08\/Mandala-panda-Yara-Creatyque.jpg?fit=2048%2C2048&amp;ssl=1\" data-orig-size=\"2048,2048\" data-comments-opened=\"1\" data-image-meta=\"{&quot;aperture&quot;:&quot;0&quot;,&quot;credit&quot;:&quot;&quot;,&quot;camera&quot;:&quot;&quot;,&quot;caption&quot;:&quot;&quot;,&quot;created_timestamp&quot;:&quot;0&quot;,&quot;copyright&quot;:&quot;&quot;,&quot;focal_length&quot;:&quot;0&quot;,&quot;iso&quot;:&quot;0&quot;,&quot;shutter_speed&quot;:&quot;0&quot;,&quot;title&quot;:&quot;Illustration sans titre&quot;,&quot;orientation&quot;:&quot;0&quot;}\" data-image-title=\"Mandala Panda Yara creatyque\" data-image-description=\"&lt;p&gt;Mandala g\u00e9om\u00e9trique r\u00e9alis\u00e9 avec des triangles repr\u00e9sentant des Pandas par Yara creatyque&lt;\/p&gt;\n\" data-image-caption=\"&lt;p&gt;Mandala Panda Yara creatyque&lt;\/p&gt;\n\" data-large-file=\"https:\/\/i0.wp.com\/yaracreatyque.fr\/wp-content\/uploads\/2025\/08\/Mandala-panda-Yara-Creatyque.jpg?fit=1024%2C1024&amp;ssl=1\" role=\"button\" tabindex=\"0\" aria-label=\"Ouvrir l\u2019image 10 sur 17 en plein \u00e9cran\"srcset=\"https:\/\/i0.wp.com\/yaracreatyque.fr\/wp-content\/uploads\/2025\/08\/Mandala-panda-Yara-Creatyque-1024x1024.jpg?strip=info&#038;w=600&#038;ssl=1 600w,https:\/\/i0.wp.com\/yaracreatyque.fr\/wp-content\/uploads\/2025\/08\/Mandala-panda-Yara-Creatyque-1024x1024.jpg?strip=info&#038;w=900&#038;ssl=1 900w,https:\/\/i0.wp.com\/yaracreatyque.fr\/wp-content\/uploads\/2025\/08\/Mandala-panda-Yara-Creatyque-1024x1024.jpg?strip=info&#038;w=1200&#038;ssl=1 1200w,https:\/\/i0.wp.com\/yaracreatyque.fr\/wp-content\/uploads\/2025\/08\/Mandala-panda-Yara-Creatyque-1024x1024.jpg?strip=info&#038;w=1500&#038;ssl=1 1500w,https:\/\/i0.wp.com\/yaracreatyque.fr\/wp-content\/uploads\/2025\/08\/Mandala-panda-Yara-Creatyque-1024x1024.jpg?strip=info&#038;w=1800&#038;ssl=1 1800w,https:\/\/i0.wp.com\/yaracreatyque.fr\/wp-content\/uploads\/2025\/08\/Mandala-panda-Yara-Creatyque-1024x1024.jpg?strip=info&#038;w=2000&#038;ssl=1 2000w\" alt=\"Mandalas Panda Yara creatyque\" data-height=\"2048\" data-id=\"2879\" data-link=\"https:\/\/yaracreatyque.fr\/?attachment_id=2879\" data-url=\"https:\/\/yaracreatyque.fr\/wp-content\/uploads\/2025\/08\/Mandala-panda-Yara-Creatyque-1024x1024.jpg\" data-width=\"2048\" src=\"https:\/\/i0.wp.com\/yaracreatyque.fr\/wp-content\/uploads\/2025\/08\/Mandala-panda-Yara-Creatyque-1024x1024.jpg?ssl=1\" data-amp-layout=\"responsive\"\/><\/figure><\/div><div class=\"tiled-gallery__col\" style=\"flex-basis:50.00000%\"><figure class=\"tiled-gallery__item\"><img decoding=\"async\" data-attachment-id=\"2880\" data-permalink=\"https:\/\/yaracreatyque.fr\/?attachment_id=2880\" data-orig-file=\"https:\/\/i0.wp.com\/yaracreatyque.fr\/wp-content\/uploads\/2025\/08\/Mandala-cerf-Yara-Creatyque.jpg?fit=2048%2C2048&amp;ssl=1\" data-orig-size=\"2048,2048\" data-comments-opened=\"1\" data-image-meta=\"{&quot;aperture&quot;:&quot;0&quot;,&quot;credit&quot;:&quot;&quot;,&quot;camera&quot;:&quot;&quot;,&quot;caption&quot;:&quot;&quot;,&quot;created_timestamp&quot;:&quot;0&quot;,&quot;copyright&quot;:&quot;&quot;,&quot;focal_length&quot;:&quot;0&quot;,&quot;iso&quot;:&quot;0&quot;,&quot;shutter_speed&quot;:&quot;0&quot;,&quot;title&quot;:&quot;Illustration sans titre&quot;,&quot;orientation&quot;:&quot;0&quot;}\" data-image-title=\"Mandala cerf Yara Creatyque\" data-image-description=\"&lt;p&gt;Mandala g\u00e9om\u00e9trique r\u00e9alis\u00e9 avec des triangles repr\u00e9sentant des cerfs par Yara Creatyque&lt;\/p&gt;\n\" data-image-caption=\"&lt;p&gt;Mandala cerf Yara Creatyque&lt;\/p&gt;\n\" data-large-file=\"https:\/\/i0.wp.com\/yaracreatyque.fr\/wp-content\/uploads\/2025\/08\/Mandala-cerf-Yara-Creatyque.jpg?fit=1024%2C1024&amp;ssl=1\" data-attachment-id=\"2880\" data-permalink=\"https:\/\/yaracreatyque.fr\/?attachment_id=2880\" data-orig-file=\"https:\/\/i0.wp.com\/yaracreatyque.fr\/wp-content\/uploads\/2025\/08\/Mandala-cerf-Yara-Creatyque.jpg?fit=2048%2C2048&amp;ssl=1\" data-orig-size=\"2048,2048\" data-comments-opened=\"1\" data-image-meta=\"{&quot;aperture&quot;:&quot;0&quot;,&quot;credit&quot;:&quot;&quot;,&quot;camera&quot;:&quot;&quot;,&quot;caption&quot;:&quot;&quot;,&quot;created_timestamp&quot;:&quot;0&quot;,&quot;copyright&quot;:&quot;&quot;,&quot;focal_length&quot;:&quot;0&quot;,&quot;iso&quot;:&quot;0&quot;,&quot;shutter_speed&quot;:&quot;0&quot;,&quot;title&quot;:&quot;Illustration sans titre&quot;,&quot;orientation&quot;:&quot;0&quot;}\" data-image-title=\"Mandala cerf Yara Creatyque\" data-image-description=\"&lt;p&gt;Mandala g\u00e9om\u00e9trique r\u00e9alis\u00e9 avec des triangles repr\u00e9sentant des cerfs par Yara Creatyque&lt;\/p&gt;\n\" data-image-caption=\"&lt;p&gt;Mandala cerf Yara Creatyque&lt;\/p&gt;\n\" data-large-file=\"https:\/\/i0.wp.com\/yaracreatyque.fr\/wp-content\/uploads\/2025\/08\/Mandala-cerf-Yara-Creatyque.jpg?fit=1024%2C1024&amp;ssl=1\" role=\"button\" tabindex=\"0\" aria-label=\"Ouvrir l\u2019image 11 sur 17 en plein \u00e9cran\"srcset=\"https:\/\/i0.wp.com\/yaracreatyque.fr\/wp-content\/uploads\/2025\/08\/Mandala-cerf-Yara-Creatyque-1024x1024.jpg?strip=info&#038;w=600&#038;ssl=1 600w,https:\/\/i0.wp.com\/yaracreatyque.fr\/wp-content\/uploads\/2025\/08\/Mandala-cerf-Yara-Creatyque-1024x1024.jpg?strip=info&#038;w=900&#038;ssl=1 900w,https:\/\/i0.wp.com\/yaracreatyque.fr\/wp-content\/uploads\/2025\/08\/Mandala-cerf-Yara-Creatyque-1024x1024.jpg?strip=info&#038;w=1200&#038;ssl=1 1200w,https:\/\/i0.wp.com\/yaracreatyque.fr\/wp-content\/uploads\/2025\/08\/Mandala-cerf-Yara-Creatyque-1024x1024.jpg?strip=info&#038;w=1500&#038;ssl=1 1500w,https:\/\/i0.wp.com\/yaracreatyque.fr\/wp-content\/uploads\/2025\/08\/Mandala-cerf-Yara-Creatyque-1024x1024.jpg?strip=info&#038;w=1800&#038;ssl=1 1800w,https:\/\/i0.wp.com\/yaracreatyque.fr\/wp-content\/uploads\/2025\/08\/Mandala-cerf-Yara-Creatyque-1024x1024.jpg?strip=info&#038;w=2000&#038;ssl=1 2000w\" alt=\"Mandala cerf Yara Creatyque\" data-height=\"2048\" data-id=\"2880\" data-link=\"https:\/\/yaracreatyque.fr\/?attachment_id=2880\" data-url=\"https:\/\/yaracreatyque.fr\/wp-content\/uploads\/2025\/08\/Mandala-cerf-Yara-Creatyque-1024x1024.jpg\" data-width=\"2048\" src=\"https:\/\/i0.wp.com\/yaracreatyque.fr\/wp-content\/uploads\/2025\/08\/Mandala-cerf-Yara-Creatyque-1024x1024.jpg?ssl=1\" data-amp-layout=\"responsive\"\/><\/figure><\/div><\/div><div class=\"tiled-gallery__row\"><div class=\"tiled-gallery__col\" style=\"flex-basis:66.77704%\"><figure class=\"tiled-gallery__item\"><img decoding=\"async\" data-attachment-id=\"2881\" data-permalink=\"https:\/\/yaracreatyque.fr\/?attachment_id=2881\" data-orig-file=\"https:\/\/i0.wp.com\/yaracreatyque.fr\/wp-content\/uploads\/2025\/08\/Mandala-en-triangles-fee-egyptienne-Yara-Creatyque.jpg?fit=2048%2C2048&amp;ssl=1\" data-orig-size=\"2048,2048\" data-comments-opened=\"1\" data-image-meta=\"{&quot;aperture&quot;:&quot;0&quot;,&quot;credit&quot;:&quot;&quot;,&quot;camera&quot;:&quot;&quot;,&quot;caption&quot;:&quot;&quot;,&quot;created_timestamp&quot;:&quot;0&quot;,&quot;copyright&quot;:&quot;&quot;,&quot;focal_length&quot;:&quot;0&quot;,&quot;iso&quot;:&quot;0&quot;,&quot;shutter_speed&quot;:&quot;0&quot;,&quot;title&quot;:&quot;Illustration sans titre&quot;,&quot;orientation&quot;:&quot;0&quot;}\" data-image-title=\"Mandala F\u00e9e Egyptienne Yara Creatyque\" data-image-description=\"&lt;p&gt;Mandala g\u00e9om\u00e9trique r\u00e9alis\u00e9 avec des triangles repr\u00e9sentant une figure F\u00e9erique \u00c9gyptienne par Yara Creatyque&lt;\/p&gt;\n\" data-image-caption=\"&lt;p&gt;Mandala F\u00e9e \u00c9gyptienne Yara Creatyque&lt;\/p&gt;\n\" data-large-file=\"https:\/\/i0.wp.com\/yaracreatyque.fr\/wp-content\/uploads\/2025\/08\/Mandala-en-triangles-fee-egyptienne-Yara-Creatyque.jpg?fit=1024%2C1024&amp;ssl=1\" data-attachment-id=\"2881\" data-permalink=\"https:\/\/yaracreatyque.fr\/?attachment_id=2881\" data-orig-file=\"https:\/\/i0.wp.com\/yaracreatyque.fr\/wp-content\/uploads\/2025\/08\/Mandala-en-triangles-fee-egyptienne-Yara-Creatyque.jpg?fit=2048%2C2048&amp;ssl=1\" data-orig-size=\"2048,2048\" data-comments-opened=\"1\" data-image-meta=\"{&quot;aperture&quot;:&quot;0&quot;,&quot;credit&quot;:&quot;&quot;,&quot;camera&quot;:&quot;&quot;,&quot;caption&quot;:&quot;&quot;,&quot;created_timestamp&quot;:&quot;0&quot;,&quot;copyright&quot;:&quot;&quot;,&quot;focal_length&quot;:&quot;0&quot;,&quot;iso&quot;:&quot;0&quot;,&quot;shutter_speed&quot;:&quot;0&quot;,&quot;title&quot;:&quot;Illustration sans titre&quot;,&quot;orientation&quot;:&quot;0&quot;}\" data-image-title=\"Mandala F\u00e9e Egyptienne Yara Creatyque\" data-image-description=\"&lt;p&gt;Mandala g\u00e9om\u00e9trique r\u00e9alis\u00e9 avec des triangles repr\u00e9sentant une figure F\u00e9erique \u00c9gyptienne par Yara Creatyque&lt;\/p&gt;\n\" data-image-caption=\"&lt;p&gt;Mandala F\u00e9e \u00c9gyptienne Yara Creatyque&lt;\/p&gt;\n\" data-large-file=\"https:\/\/i0.wp.com\/yaracreatyque.fr\/wp-content\/uploads\/2025\/08\/Mandala-en-triangles-fee-egyptienne-Yara-Creatyque.jpg?fit=1024%2C1024&amp;ssl=1\" role=\"button\" tabindex=\"0\" aria-label=\"Ouvrir l\u2019image 12 sur 17 en plein \u00e9cran\"srcset=\"https:\/\/i0.wp.com\/yaracreatyque.fr\/wp-content\/uploads\/2025\/08\/Mandala-en-triangles-fee-egyptienne-Yara-Creatyque-1024x1024.jpg?strip=info&#038;w=600&#038;ssl=1 600w,https:\/\/i0.wp.com\/yaracreatyque.fr\/wp-content\/uploads\/2025\/08\/Mandala-en-triangles-fee-egyptienne-Yara-Creatyque-1024x1024.jpg?strip=info&#038;w=900&#038;ssl=1 900w,https:\/\/i0.wp.com\/yaracreatyque.fr\/wp-content\/uploads\/2025\/08\/Mandala-en-triangles-fee-egyptienne-Yara-Creatyque-1024x1024.jpg?strip=info&#038;w=1200&#038;ssl=1 1200w,https:\/\/i0.wp.com\/yaracreatyque.fr\/wp-content\/uploads\/2025\/08\/Mandala-en-triangles-fee-egyptienne-Yara-Creatyque-1024x1024.jpg?strip=info&#038;w=1500&#038;ssl=1 1500w,https:\/\/i0.wp.com\/yaracreatyque.fr\/wp-content\/uploads\/2025\/08\/Mandala-en-triangles-fee-egyptienne-Yara-Creatyque-1024x1024.jpg?strip=info&#038;w=1800&#038;ssl=1 1800w,https:\/\/i0.wp.com\/yaracreatyque.fr\/wp-content\/uploads\/2025\/08\/Mandala-en-triangles-fee-egyptienne-Yara-Creatyque-1024x1024.jpg?strip=info&#038;w=2000&#038;ssl=1 2000w\" alt=\"Mandala Fee Egyptienne Yara Creatyque\" data-height=\"2048\" data-id=\"2881\" data-link=\"https:\/\/yaracreatyque.fr\/?attachment_id=2881\" data-url=\"https:\/\/yaracreatyque.fr\/wp-content\/uploads\/2025\/08\/Mandala-en-triangles-fee-egyptienne-Yara-Creatyque-1024x1024.jpg\" data-width=\"2048\" src=\"https:\/\/i0.wp.com\/yaracreatyque.fr\/wp-content\/uploads\/2025\/08\/Mandala-en-triangles-fee-egyptienne-Yara-Creatyque-1024x1024.jpg?ssl=1\" data-amp-layout=\"responsive\"\/><\/figure><\/div><div class=\"tiled-gallery__col\" style=\"flex-basis:33.22296%\"><figure class=\"tiled-gallery__item\"><img decoding=\"async\" data-attachment-id=\"2882\" data-permalink=\"https:\/\/yaracreatyque.fr\/?attachment_id=2882\" data-orig-file=\"https:\/\/i0.wp.com\/yaracreatyque.fr\/wp-content\/uploads\/2025\/08\/Mandala-oiseau-Yara-Creatyque.jpg?fit=2048%2C2048&amp;ssl=1\" data-orig-size=\"2048,2048\" data-comments-opened=\"1\" data-image-meta=\"{&quot;aperture&quot;:&quot;0&quot;,&quot;credit&quot;:&quot;&quot;,&quot;camera&quot;:&quot;&quot;,&quot;caption&quot;:&quot;&quot;,&quot;created_timestamp&quot;:&quot;0&quot;,&quot;copyright&quot;:&quot;&quot;,&quot;focal_length&quot;:&quot;0&quot;,&quot;iso&quot;:&quot;0&quot;,&quot;shutter_speed&quot;:&quot;0&quot;,&quot;title&quot;:&quot;Illustration sans titre&quot;,&quot;orientation&quot;:&quot;0&quot;}\" data-image-title=\"Mandala Oiseau Yara Creatyque\" data-image-description=\"&lt;p&gt;Mandala g\u00e9om\u00e9trique r\u00e9alis\u00e9 avec des triangles repr\u00e9sentant des Oiseaux par Yara Creatyque&lt;\/p&gt;\n\" data-image-caption=\"&lt;p&gt;Mandala Oiseau Yara Creatyque&lt;\/p&gt;\n\" data-large-file=\"https:\/\/i0.wp.com\/yaracreatyque.fr\/wp-content\/uploads\/2025\/08\/Mandala-oiseau-Yara-Creatyque.jpg?fit=1024%2C1024&amp;ssl=1\" data-attachment-id=\"2882\" data-permalink=\"https:\/\/yaracreatyque.fr\/?attachment_id=2882\" data-orig-file=\"https:\/\/i0.wp.com\/yaracreatyque.fr\/wp-content\/uploads\/2025\/08\/Mandala-oiseau-Yara-Creatyque.jpg?fit=2048%2C2048&amp;ssl=1\" data-orig-size=\"2048,2048\" data-comments-opened=\"1\" data-image-meta=\"{&quot;aperture&quot;:&quot;0&quot;,&quot;credit&quot;:&quot;&quot;,&quot;camera&quot;:&quot;&quot;,&quot;caption&quot;:&quot;&quot;,&quot;created_timestamp&quot;:&quot;0&quot;,&quot;copyright&quot;:&quot;&quot;,&quot;focal_length&quot;:&quot;0&quot;,&quot;iso&quot;:&quot;0&quot;,&quot;shutter_speed&quot;:&quot;0&quot;,&quot;title&quot;:&quot;Illustration sans titre&quot;,&quot;orientation&quot;:&quot;0&quot;}\" data-image-title=\"Mandala Oiseau Yara Creatyque\" data-image-description=\"&lt;p&gt;Mandala g\u00e9om\u00e9trique r\u00e9alis\u00e9 avec des triangles repr\u00e9sentant des Oiseaux par Yara Creatyque&lt;\/p&gt;\n\" data-image-caption=\"&lt;p&gt;Mandala Oiseau Yara Creatyque&lt;\/p&gt;\n\" data-large-file=\"https:\/\/i0.wp.com\/yaracreatyque.fr\/wp-content\/uploads\/2025\/08\/Mandala-oiseau-Yara-Creatyque.jpg?fit=1024%2C1024&amp;ssl=1\" role=\"button\" tabindex=\"0\" aria-label=\"Ouvrir l\u2019image 13 sur 17 en plein \u00e9cran\"srcset=\"https:\/\/i0.wp.com\/yaracreatyque.fr\/wp-content\/uploads\/2025\/08\/Mandala-oiseau-Yara-Creatyque-1024x1024.jpg?strip=info&#038;w=600&#038;ssl=1 600w,https:\/\/i0.wp.com\/yaracreatyque.fr\/wp-content\/uploads\/2025\/08\/Mandala-oiseau-Yara-Creatyque-1024x1024.jpg?strip=info&#038;w=900&#038;ssl=1 900w,https:\/\/i0.wp.com\/yaracreatyque.fr\/wp-content\/uploads\/2025\/08\/Mandala-oiseau-Yara-Creatyque-1024x1024.jpg?strip=info&#038;w=1200&#038;ssl=1 1200w,https:\/\/i0.wp.com\/yaracreatyque.fr\/wp-content\/uploads\/2025\/08\/Mandala-oiseau-Yara-Creatyque-1024x1024.jpg?strip=info&#038;w=1500&#038;ssl=1 1500w,https:\/\/i0.wp.com\/yaracreatyque.fr\/wp-content\/uploads\/2025\/08\/Mandala-oiseau-Yara-Creatyque-1024x1024.jpg?strip=info&#038;w=1800&#038;ssl=1 1800w,https:\/\/i0.wp.com\/yaracreatyque.fr\/wp-content\/uploads\/2025\/08\/Mandala-oiseau-Yara-Creatyque-1024x1024.jpg?strip=info&#038;w=2000&#038;ssl=1 2000w\" alt=\"Mandala Oiseau Yara Creatyque\" data-height=\"2048\" data-id=\"2882\" data-link=\"https:\/\/yaracreatyque.fr\/?attachment_id=2882\" data-url=\"https:\/\/yaracreatyque.fr\/wp-content\/uploads\/2025\/08\/Mandala-oiseau-Yara-Creatyque-1024x1024.jpg\" data-width=\"2048\" src=\"https:\/\/i0.wp.com\/yaracreatyque.fr\/wp-content\/uploads\/2025\/08\/Mandala-oiseau-Yara-Creatyque-1024x1024.jpg?ssl=1\" data-amp-layout=\"responsive\"\/><\/figure><figure class=\"tiled-gallery__item\"><img decoding=\"async\" data-attachment-id=\"2883\" data-permalink=\"https:\/\/yaracreatyque.fr\/?attachment_id=2883\" data-orig-file=\"https:\/\/i0.wp.com\/yaracreatyque.fr\/wp-content\/uploads\/2025\/08\/Mandala-fleurs-des-iles-Yara-Creatyque.jpg?fit=2048%2C2048&amp;ssl=1\" data-orig-size=\"2048,2048\" data-comments-opened=\"1\" data-image-meta=\"{&quot;aperture&quot;:&quot;0&quot;,&quot;credit&quot;:&quot;&quot;,&quot;camera&quot;:&quot;&quot;,&quot;caption&quot;:&quot;&quot;,&quot;created_timestamp&quot;:&quot;0&quot;,&quot;copyright&quot;:&quot;&quot;,&quot;focal_length&quot;:&quot;0&quot;,&quot;iso&quot;:&quot;0&quot;,&quot;shutter_speed&quot;:&quot;0&quot;,&quot;title&quot;:&quot;Illustration sans titre&quot;,&quot;orientation&quot;:&quot;0&quot;}\" data-image-title=\"Mandala Fleur des \u00eeles Yara Creatyque\" data-image-description=\"&lt;p&gt;Mandala g\u00e9om\u00e9trique r\u00e9alis\u00e9 avec des triangles repr\u00e9sentant des Fleurs des \u00eeles par  Yara Creatyque&lt;\/p&gt;\n\" data-image-caption=\"&lt;p&gt;Mandala Fleurs des \u00eeles Yara Creatyque&lt;\/p&gt;\n\" data-large-file=\"https:\/\/i0.wp.com\/yaracreatyque.fr\/wp-content\/uploads\/2025\/08\/Mandala-fleurs-des-iles-Yara-Creatyque.jpg?fit=1024%2C1024&amp;ssl=1\" data-attachment-id=\"2883\" data-permalink=\"https:\/\/yaracreatyque.fr\/?attachment_id=2883\" data-orig-file=\"https:\/\/i0.wp.com\/yaracreatyque.fr\/wp-content\/uploads\/2025\/08\/Mandala-fleurs-des-iles-Yara-Creatyque.jpg?fit=2048%2C2048&amp;ssl=1\" data-orig-size=\"2048,2048\" data-comments-opened=\"1\" data-image-meta=\"{&quot;aperture&quot;:&quot;0&quot;,&quot;credit&quot;:&quot;&quot;,&quot;camera&quot;:&quot;&quot;,&quot;caption&quot;:&quot;&quot;,&quot;created_timestamp&quot;:&quot;0&quot;,&quot;copyright&quot;:&quot;&quot;,&quot;focal_length&quot;:&quot;0&quot;,&quot;iso&quot;:&quot;0&quot;,&quot;shutter_speed&quot;:&quot;0&quot;,&quot;title&quot;:&quot;Illustration sans titre&quot;,&quot;orientation&quot;:&quot;0&quot;}\" data-image-title=\"Mandala Fleur des \u00eeles Yara Creatyque\" data-image-description=\"&lt;p&gt;Mandala g\u00e9om\u00e9trique r\u00e9alis\u00e9 avec des triangles repr\u00e9sentant des Fleurs des \u00eeles par  Yara Creatyque&lt;\/p&gt;\n\" data-image-caption=\"&lt;p&gt;Mandala Fleurs des \u00eeles Yara Creatyque&lt;\/p&gt;\n\" data-large-file=\"https:\/\/i0.wp.com\/yaracreatyque.fr\/wp-content\/uploads\/2025\/08\/Mandala-fleurs-des-iles-Yara-Creatyque.jpg?fit=1024%2C1024&amp;ssl=1\" role=\"button\" tabindex=\"0\" aria-label=\"Ouvrir l\u2019image 14 sur 17 en plein \u00e9cran\"srcset=\"https:\/\/i0.wp.com\/yaracreatyque.fr\/wp-content\/uploads\/2025\/08\/Mandala-fleurs-des-iles-Yara-Creatyque-1024x1024.jpg?strip=info&#038;w=600&#038;ssl=1 600w,https:\/\/i0.wp.com\/yaracreatyque.fr\/wp-content\/uploads\/2025\/08\/Mandala-fleurs-des-iles-Yara-Creatyque-1024x1024.jpg?strip=info&#038;w=900&#038;ssl=1 900w,https:\/\/i0.wp.com\/yaracreatyque.fr\/wp-content\/uploads\/2025\/08\/Mandala-fleurs-des-iles-Yara-Creatyque-1024x1024.jpg?strip=info&#038;w=1200&#038;ssl=1 1200w,https:\/\/i0.wp.com\/yaracreatyque.fr\/wp-content\/uploads\/2025\/08\/Mandala-fleurs-des-iles-Yara-Creatyque-1024x1024.jpg?strip=info&#038;w=1500&#038;ssl=1 1500w,https:\/\/i0.wp.com\/yaracreatyque.fr\/wp-content\/uploads\/2025\/08\/Mandala-fleurs-des-iles-Yara-Creatyque-1024x1024.jpg?strip=info&#038;w=1800&#038;ssl=1 1800w,https:\/\/i0.wp.com\/yaracreatyque.fr\/wp-content\/uploads\/2025\/08\/Mandala-fleurs-des-iles-Yara-Creatyque-1024x1024.jpg?strip=info&#038;w=2000&#038;ssl=1 2000w\" alt=\"Mandala Fleur des iles Yara Creatyque\" data-height=\"2048\" data-id=\"2883\" data-link=\"https:\/\/yaracreatyque.fr\/?attachment_id=2883\" data-url=\"https:\/\/yaracreatyque.fr\/wp-content\/uploads\/2025\/08\/Mandala-fleurs-des-iles-Yara-Creatyque-1024x1024.jpg\" data-width=\"2048\" src=\"https:\/\/i0.wp.com\/yaracreatyque.fr\/wp-content\/uploads\/2025\/08\/Mandala-fleurs-des-iles-Yara-Creatyque-1024x1024.jpg?ssl=1\" data-amp-layout=\"responsive\"\/><\/figure><\/div><\/div><div class=\"tiled-gallery__row\"><div class=\"tiled-gallery__col\" style=\"flex-basis:33.33333%\"><figure class=\"tiled-gallery__item\"><img decoding=\"async\" data-attachment-id=\"2884\" data-permalink=\"https:\/\/yaracreatyque.fr\/?attachment_id=2884\" data-orig-file=\"https:\/\/i0.wp.com\/yaracreatyque.fr\/wp-content\/uploads\/2025\/08\/Mandala-en-triangles-coeurs-Yara-Creatyque.jpg?fit=2048%2C2048&amp;ssl=1\" data-orig-size=\"2048,2048\" data-comments-opened=\"1\" data-image-meta=\"{&quot;aperture&quot;:&quot;0&quot;,&quot;credit&quot;:&quot;&quot;,&quot;camera&quot;:&quot;&quot;,&quot;caption&quot;:&quot;&quot;,&quot;created_timestamp&quot;:&quot;0&quot;,&quot;copyright&quot;:&quot;&quot;,&quot;focal_length&quot;:&quot;0&quot;,&quot;iso&quot;:&quot;0&quot;,&quot;shutter_speed&quot;:&quot;0&quot;,&quot;title&quot;:&quot;Illustration sans titre&quot;,&quot;orientation&quot;:&quot;0&quot;}\" data-image-title=\"Mandala en triangles coeurs Yara creatyque\" data-image-description=\"&lt;p&gt;Mandala g\u00e9om\u00e9trique en triangles repr\u00e9sentant des coeurs et autres motifs \u00e0 d\u00e9couvrir par Yara creatyque&lt;\/p&gt;\n\" data-image-caption=\"&lt;p&gt;Mandala en triangles coeurs Yara creatyque&lt;\/p&gt;\n\" data-large-file=\"https:\/\/i0.wp.com\/yaracreatyque.fr\/wp-content\/uploads\/2025\/08\/Mandala-en-triangles-coeurs-Yara-Creatyque.jpg?fit=1024%2C1024&amp;ssl=1\" data-attachment-id=\"2884\" data-permalink=\"https:\/\/yaracreatyque.fr\/?attachment_id=2884\" data-orig-file=\"https:\/\/i0.wp.com\/yaracreatyque.fr\/wp-content\/uploads\/2025\/08\/Mandala-en-triangles-coeurs-Yara-Creatyque.jpg?fit=2048%2C2048&amp;ssl=1\" data-orig-size=\"2048,2048\" data-comments-opened=\"1\" data-image-meta=\"{&quot;aperture&quot;:&quot;0&quot;,&quot;credit&quot;:&quot;&quot;,&quot;camera&quot;:&quot;&quot;,&quot;caption&quot;:&quot;&quot;,&quot;created_timestamp&quot;:&quot;0&quot;,&quot;copyright&quot;:&quot;&quot;,&quot;focal_length&quot;:&quot;0&quot;,&quot;iso&quot;:&quot;0&quot;,&quot;shutter_speed&quot;:&quot;0&quot;,&quot;title&quot;:&quot;Illustration sans titre&quot;,&quot;orientation&quot;:&quot;0&quot;}\" data-image-title=\"Mandala en triangles coeurs Yara creatyque\" data-image-description=\"&lt;p&gt;Mandala g\u00e9om\u00e9trique en triangles repr\u00e9sentant des coeurs et autres motifs \u00e0 d\u00e9couvrir par Yara creatyque&lt;\/p&gt;\n\" data-image-caption=\"&lt;p&gt;Mandala en triangles coeurs Yara creatyque&lt;\/p&gt;\n\" data-large-file=\"https:\/\/i0.wp.com\/yaracreatyque.fr\/wp-content\/uploads\/2025\/08\/Mandala-en-triangles-coeurs-Yara-Creatyque.jpg?fit=1024%2C1024&amp;ssl=1\" role=\"button\" tabindex=\"0\" aria-label=\"Ouvrir l\u2019image 15 sur 17 en plein \u00e9cran\"srcset=\"https:\/\/i0.wp.com\/yaracreatyque.fr\/wp-content\/uploads\/2025\/08\/Mandala-en-triangles-coeurs-Yara-Creatyque-1024x1024.jpg?strip=info&#038;w=600&#038;ssl=1 600w,https:\/\/i0.wp.com\/yaracreatyque.fr\/wp-content\/uploads\/2025\/08\/Mandala-en-triangles-coeurs-Yara-Creatyque-1024x1024.jpg?strip=info&#038;w=900&#038;ssl=1 900w,https:\/\/i0.wp.com\/yaracreatyque.fr\/wp-content\/uploads\/2025\/08\/Mandala-en-triangles-coeurs-Yara-Creatyque-1024x1024.jpg?strip=info&#038;w=1200&#038;ssl=1 1200w,https:\/\/i0.wp.com\/yaracreatyque.fr\/wp-content\/uploads\/2025\/08\/Mandala-en-triangles-coeurs-Yara-Creatyque-1024x1024.jpg?strip=info&#038;w=1500&#038;ssl=1 1500w,https:\/\/i0.wp.com\/yaracreatyque.fr\/wp-content\/uploads\/2025\/08\/Mandala-en-triangles-coeurs-Yara-Creatyque-1024x1024.jpg?strip=info&#038;w=1800&#038;ssl=1 1800w,https:\/\/i0.wp.com\/yaracreatyque.fr\/wp-content\/uploads\/2025\/08\/Mandala-en-triangles-coeurs-Yara-Creatyque-1024x1024.jpg?strip=info&#038;w=2000&#038;ssl=1 2000w\" alt=\"Mandalas en triangles coeurs Yara creatyque\" data-height=\"2048\" data-id=\"2884\" data-link=\"https:\/\/yaracreatyque.fr\/?attachment_id=2884\" data-url=\"https:\/\/yaracreatyque.fr\/wp-content\/uploads\/2025\/08\/Mandala-en-triangles-coeurs-Yara-Creatyque-1024x1024.jpg\" data-width=\"2048\" src=\"https:\/\/i0.wp.com\/yaracreatyque.fr\/wp-content\/uploads\/2025\/08\/Mandala-en-triangles-coeurs-Yara-Creatyque-1024x1024.jpg?ssl=1\" data-amp-layout=\"responsive\"\/><\/figure><\/div><div class=\"tiled-gallery__col\" style=\"flex-basis:33.33333%\"><figure class=\"tiled-gallery__item\"><img decoding=\"async\" data-attachment-id=\"2885\" data-permalink=\"https:\/\/yaracreatyque.fr\/?attachment_id=2885\" data-orig-file=\"https:\/\/i0.wp.com\/yaracreatyque.fr\/wp-content\/uploads\/2025\/08\/Mandala-Bastet-Yara-Creatyque.jpg?fit=2048%2C2048&amp;ssl=1\" data-orig-size=\"2048,2048\" data-comments-opened=\"1\" data-image-meta=\"{&quot;aperture&quot;:&quot;0&quot;,&quot;credit&quot;:&quot;&quot;,&quot;camera&quot;:&quot;&quot;,&quot;caption&quot;:&quot;&quot;,&quot;created_timestamp&quot;:&quot;0&quot;,&quot;copyright&quot;:&quot;&quot;,&quot;focal_length&quot;:&quot;0&quot;,&quot;iso&quot;:&quot;0&quot;,&quot;shutter_speed&quot;:&quot;0&quot;,&quot;title&quot;:&quot;Illustration sans titre&quot;,&quot;orientation&quot;:&quot;0&quot;}\" data-image-title=\"Mandala Bastet Yara Creatyque\" data-image-description=\"&lt;p&gt;Mandala g\u00e9om\u00e9trique en triangles repr\u00e9sentant Bastet \u00e0 travers un profil de chat et un symbole par Yara Creatyque&lt;\/p&gt;\n\" data-image-caption=\"&lt;p&gt;Mandala Bastet Yara Creatyque&lt;\/p&gt;\n\" data-large-file=\"https:\/\/i0.wp.com\/yaracreatyque.fr\/wp-content\/uploads\/2025\/08\/Mandala-Bastet-Yara-Creatyque.jpg?fit=1024%2C1024&amp;ssl=1\" data-attachment-id=\"2885\" data-permalink=\"https:\/\/yaracreatyque.fr\/?attachment_id=2885\" data-orig-file=\"https:\/\/i0.wp.com\/yaracreatyque.fr\/wp-content\/uploads\/2025\/08\/Mandala-Bastet-Yara-Creatyque.jpg?fit=2048%2C2048&amp;ssl=1\" data-orig-size=\"2048,2048\" data-comments-opened=\"1\" data-image-meta=\"{&quot;aperture&quot;:&quot;0&quot;,&quot;credit&quot;:&quot;&quot;,&quot;camera&quot;:&quot;&quot;,&quot;caption&quot;:&quot;&quot;,&quot;created_timestamp&quot;:&quot;0&quot;,&quot;copyright&quot;:&quot;&quot;,&quot;focal_length&quot;:&quot;0&quot;,&quot;iso&quot;:&quot;0&quot;,&quot;shutter_speed&quot;:&quot;0&quot;,&quot;title&quot;:&quot;Illustration sans titre&quot;,&quot;orientation&quot;:&quot;0&quot;}\" data-image-title=\"Mandala Bastet Yara Creatyque\" data-image-description=\"&lt;p&gt;Mandala g\u00e9om\u00e9trique en triangles repr\u00e9sentant Bastet \u00e0 travers un profil de chat et un symbole par Yara Creatyque&lt;\/p&gt;\n\" data-image-caption=\"&lt;p&gt;Mandala Bastet Yara Creatyque&lt;\/p&gt;\n\" data-large-file=\"https:\/\/i0.wp.com\/yaracreatyque.fr\/wp-content\/uploads\/2025\/08\/Mandala-Bastet-Yara-Creatyque.jpg?fit=1024%2C1024&amp;ssl=1\" role=\"button\" tabindex=\"0\" aria-label=\"Ouvrir l\u2019image 16 sur 17 en plein \u00e9cran\"srcset=\"https:\/\/i0.wp.com\/yaracreatyque.fr\/wp-content\/uploads\/2025\/08\/Mandala-Bastet-Yara-Creatyque-1024x1024.jpg?strip=info&#038;w=600&#038;ssl=1 600w,https:\/\/i0.wp.com\/yaracreatyque.fr\/wp-content\/uploads\/2025\/08\/Mandala-Bastet-Yara-Creatyque-1024x1024.jpg?strip=info&#038;w=900&#038;ssl=1 900w,https:\/\/i0.wp.com\/yaracreatyque.fr\/wp-content\/uploads\/2025\/08\/Mandala-Bastet-Yara-Creatyque-1024x1024.jpg?strip=info&#038;w=1200&#038;ssl=1 1200w,https:\/\/i0.wp.com\/yaracreatyque.fr\/wp-content\/uploads\/2025\/08\/Mandala-Bastet-Yara-Creatyque-1024x1024.jpg?strip=info&#038;w=1500&#038;ssl=1 1500w,https:\/\/i0.wp.com\/yaracreatyque.fr\/wp-content\/uploads\/2025\/08\/Mandala-Bastet-Yara-Creatyque-1024x1024.jpg?strip=info&#038;w=1800&#038;ssl=1 1800w,https:\/\/i0.wp.com\/yaracreatyque.fr\/wp-content\/uploads\/2025\/08\/Mandala-Bastet-Yara-Creatyque-1024x1024.jpg?strip=info&#038;w=2000&#038;ssl=1 2000w\" alt=\"Mandala Bastet Yara Creatyque\" data-height=\"2048\" data-id=\"2885\" data-link=\"https:\/\/yaracreatyque.fr\/?attachment_id=2885\" data-url=\"https:\/\/yaracreatyque.fr\/wp-content\/uploads\/2025\/08\/Mandala-Bastet-Yara-Creatyque-1024x1024.jpg\" data-width=\"2048\" src=\"https:\/\/i0.wp.com\/yaracreatyque.fr\/wp-content\/uploads\/2025\/08\/Mandala-Bastet-Yara-Creatyque-1024x1024.jpg?ssl=1\" data-amp-layout=\"responsive\"\/><\/figure><\/div><div class=\"tiled-gallery__col\" style=\"flex-basis:33.33333%\"><figure class=\"tiled-gallery__item\"><img decoding=\"async\" data-attachment-id=\"2886\" data-permalink=\"https:\/\/yaracreatyque.fr\/?attachment_id=2886\" data-orig-file=\"https:\/\/i0.wp.com\/yaracreatyque.fr\/wp-content\/uploads\/2025\/08\/Mandala-en-triangles-coquillage-Yara-Creatyque.jpg?fit=2048%2C2048&amp;ssl=1\" data-orig-size=\"2048,2048\" data-comments-opened=\"1\" data-image-meta=\"{&quot;aperture&quot;:&quot;0&quot;,&quot;credit&quot;:&quot;&quot;,&quot;camera&quot;:&quot;&quot;,&quot;caption&quot;:&quot;&quot;,&quot;created_timestamp&quot;:&quot;0&quot;,&quot;copyright&quot;:&quot;&quot;,&quot;focal_length&quot;:&quot;0&quot;,&quot;iso&quot;:&quot;0&quot;,&quot;shutter_speed&quot;:&quot;0&quot;,&quot;title&quot;:&quot;Illustration sans titre&quot;,&quot;orientation&quot;:&quot;0&quot;}\" data-image-title=\"Mandala en triangles Coquillages Yara Creatyque\" data-image-description=\"&lt;p&gt;Mandala g\u00e9om\u00e9trique en triangles th\u00e8me Coquillages par Yara Creatyque&lt;\/p&gt;\n\" data-image-caption=\"&lt;p&gt;Mandala en triangles Coquillages Yara Creatyque&lt;\/p&gt;\n\" data-large-file=\"https:\/\/i0.wp.com\/yaracreatyque.fr\/wp-content\/uploads\/2025\/08\/Mandala-en-triangles-coquillage-Yara-Creatyque.jpg?fit=1024%2C1024&amp;ssl=1\" data-attachment-id=\"2886\" data-permalink=\"https:\/\/yaracreatyque.fr\/?attachment_id=2886\" data-orig-file=\"https:\/\/i0.wp.com\/yaracreatyque.fr\/wp-content\/uploads\/2025\/08\/Mandala-en-triangles-coquillage-Yara-Creatyque.jpg?fit=2048%2C2048&amp;ssl=1\" data-orig-size=\"2048,2048\" data-comments-opened=\"1\" data-image-meta=\"{&quot;aperture&quot;:&quot;0&quot;,&quot;credit&quot;:&quot;&quot;,&quot;camera&quot;:&quot;&quot;,&quot;caption&quot;:&quot;&quot;,&quot;created_timestamp&quot;:&quot;0&quot;,&quot;copyright&quot;:&quot;&quot;,&quot;focal_length&quot;:&quot;0&quot;,&quot;iso&quot;:&quot;0&quot;,&quot;shutter_speed&quot;:&quot;0&quot;,&quot;title&quot;:&quot;Illustration sans titre&quot;,&quot;orientation&quot;:&quot;0&quot;}\" data-image-title=\"Mandala en triangles Coquillages Yara Creatyque\" data-image-description=\"&lt;p&gt;Mandala g\u00e9om\u00e9trique en triangles th\u00e8me Coquillages par Yara Creatyque&lt;\/p&gt;\n\" data-image-caption=\"&lt;p&gt;Mandala en triangles Coquillages Yara Creatyque&lt;\/p&gt;\n\" data-large-file=\"https:\/\/i0.wp.com\/yaracreatyque.fr\/wp-content\/uploads\/2025\/08\/Mandala-en-triangles-coquillage-Yara-Creatyque.jpg?fit=1024%2C1024&amp;ssl=1\" role=\"button\" tabindex=\"0\" aria-label=\"Ouvrir l\u2019image 17 sur 17 en plein \u00e9cran\"srcset=\"https:\/\/i0.wp.com\/yaracreatyque.fr\/wp-content\/uploads\/2025\/08\/Mandala-en-triangles-coquillage-Yara-Creatyque-1024x1024.jpg?strip=info&#038;w=600&#038;ssl=1 600w,https:\/\/i0.wp.com\/yaracreatyque.fr\/wp-content\/uploads\/2025\/08\/Mandala-en-triangles-coquillage-Yara-Creatyque-1024x1024.jpg?strip=info&#038;w=900&#038;ssl=1 900w,https:\/\/i0.wp.com\/yaracreatyque.fr\/wp-content\/uploads\/2025\/08\/Mandala-en-triangles-coquillage-Yara-Creatyque-1024x1024.jpg?strip=info&#038;w=1200&#038;ssl=1 1200w,https:\/\/i0.wp.com\/yaracreatyque.fr\/wp-content\/uploads\/2025\/08\/Mandala-en-triangles-coquillage-Yara-Creatyque-1024x1024.jpg?strip=info&#038;w=1500&#038;ssl=1 1500w,https:\/\/i0.wp.com\/yaracreatyque.fr\/wp-content\/uploads\/2025\/08\/Mandala-en-triangles-coquillage-Yara-Creatyque-1024x1024.jpg?strip=info&#038;w=1800&#038;ssl=1 1800w,https:\/\/i0.wp.com\/yaracreatyque.fr\/wp-content\/uploads\/2025\/08\/Mandala-en-triangles-coquillage-Yara-Creatyque-1024x1024.jpg?strip=info&#038;w=2000&#038;ssl=1 2000w\" alt=\"Mandalas en triangles Coquillages Yara Creatyque\" data-height=\"2048\" data-id=\"2886\" data-link=\"https:\/\/yaracreatyque.fr\/?attachment_id=2886\" data-url=\"https:\/\/yaracreatyque.fr\/wp-content\/uploads\/2025\/08\/Mandala-en-triangles-coquillage-Yara-Creatyque-1024x1024.jpg\" data-width=\"2048\" src=\"https:\/\/i0.wp.com\/yaracreatyque.fr\/wp-content\/uploads\/2025\/08\/Mandala-en-triangles-coquillage-Yara-Creatyque-1024x1024.jpg?ssl=1\" data-amp-layout=\"responsive\"\/><\/figure><\/div><\/div><\/div><\/div><\/div>\n\n\n\n<div style=\"height:100px\" aria-hidden=\"true\" class=\"wp-block-spacer\"><\/div>\n\n\n\n<h2 class=\"wp-block-heading\">Parcourir tous les mod\u00e8les :<\/h2>\n\n\n\n<figure class=\"wp-block-image size-large\"><a href=\"https:\/\/yaracreatyque.fr\/?p=2787\"><img data-recalc-dims=\"1\" loading=\"lazy\" decoding=\"async\" width=\"1024\" height=\"536\" data-attachment-id=\"2051\" data-permalink=\"https:\/\/yaracreatyque.fr\/?attachment_id=2051\" data-orig-file=\"https:\/\/i0.wp.com\/yaracreatyque.fr\/wp-content\/uploads\/2025\/04\/Visiter-la-galerie-yara-creatyque.jpg?fit=1200%2C628&amp;ssl=1\" data-orig-size=\"1200,628\" data-comments-opened=\"1\" data-image-meta=\"{&quot;aperture&quot;:&quot;0&quot;,&quot;credit&quot;:&quot;&quot;,&quot;camera&quot;:&quot;&quot;,&quot;caption&quot;:&quot;&quot;,&quot;created_timestamp&quot;:&quot;0&quot;,&quot;copyright&quot;:&quot;&quot;,&quot;focal_length&quot;:&quot;0&quot;,&quot;iso&quot;:&quot;0&quot;,&quot;shutter_speed&quot;:&quot;0&quot;,&quot;title&quot;:&quot;&quot;,&quot;orientation&quot;:&quot;1&quot;}\" data-image-title=\"Visiter la Galerie des designs de Yara Creatyque\" data-image-description=\"&lt;p&gt;Image lien vers le portfolio de yara Creatyque dans un parcours de d\u00e9couverte de ses cr\u00e9ations. 3 mod\u00e8les pr\u00e9senter, un bouton lien et le logo sur un fond d\u00e9coratif doux. D\u00e9couvre toute la collection des cr\u00e9ations de yara Creatyque \u00e0 travers sa galerie.&lt;\/p&gt;\n\" data-image-caption=\"&lt;p&gt;D\u00e9couvre toute la collection des cr\u00e9ations de yara Creatyque \u00e0 travers sa galerie.&lt;\/p&gt;\n\" data-large-file=\"https:\/\/i0.wp.com\/yaracreatyque.fr\/wp-content\/uploads\/2025\/04\/Visiter-la-galerie-yara-creatyque.jpg?fit=1024%2C536&amp;ssl=1\" src=\"https:\/\/i0.wp.com\/yaracreatyque.fr\/wp-content\/uploads\/2025\/04\/Visiter-la-galerie-yara-creatyque.jpg?resize=1024%2C536&#038;ssl=1\" alt=\"Image lien vers le portfolio de yara Creatyque dans un parcours de d\u00e9couverte de ses cr\u00e9ations. 3 mod\u00e8les pr\u00e9senter, un bouton lien et le logo sur un fond d\u00e9coratif doux.\" class=\"wp-image-2051\" srcset=\"https:\/\/i0.wp.com\/yaracreatyque.fr\/wp-content\/uploads\/2025\/04\/Visiter-la-galerie-yara-creatyque.jpg?resize=1024%2C536&amp;ssl=1 1024w, https:\/\/i0.wp.com\/yaracreatyque.fr\/wp-content\/uploads\/2025\/04\/Visiter-la-galerie-yara-creatyque.jpg?resize=300%2C157&amp;ssl=1 300w, https:\/\/i0.wp.com\/yaracreatyque.fr\/wp-content\/uploads\/2025\/04\/Visiter-la-galerie-yara-creatyque.jpg?resize=768%2C402&amp;ssl=1 768w, https:\/\/i0.wp.com\/yaracreatyque.fr\/wp-content\/uploads\/2025\/04\/Visiter-la-galerie-yara-creatyque.jpg?resize=18%2C9&amp;ssl=1 18w, https:\/\/i0.wp.com\/yaracreatyque.fr\/wp-content\/uploads\/2025\/04\/Visiter-la-galerie-yara-creatyque.jpg?resize=600%2C314&amp;ssl=1 600w, https:\/\/i0.wp.com\/yaracreatyque.fr\/wp-content\/uploads\/2025\/04\/Visiter-la-galerie-yara-creatyque.jpg?w=1200&amp;ssl=1 1200w\" sizes=\"auto, (max-width: 1000px) 100vw, 1000px\" \/><\/a><figcaption class=\"wp-element-caption\">D\u00e9couvre toute la collection des cr\u00e9ations de yara Creatyque \u00e0 travers sa galerie.<\/figcaption><\/figure>\n\n\n\n<div style=\"height:100px\" aria-hidden=\"true\" class=\"wp-block-spacer\"><\/div>\n\n\n\n<h2 class=\"wp-block-heading\">Visiter la page amazon :<\/h2>\n\n\n\n<figure class=\"wp-block-image size-full\"><a href=\"https:\/\/www.amazon.fr\/gp\/help\/customer\/display.html?nodeId=GLSBYFE9MGKKQXXM\"><img data-recalc-dims=\"1\" loading=\"lazy\" decoding=\"async\" width=\"970\" height=\"600\" data-attachment-id=\"2555\" data-permalink=\"https:\/\/yaracreatyque.fr\/?attachment_id=2555\" data-orig-file=\"https:\/\/i0.wp.com\/yaracreatyque.fr\/wp-content\/uploads\/2025\/05\/Livres-de-coloriages-geometriques-Yara-Creatyque.jpg?fit=970%2C600&amp;ssl=1\" data-orig-size=\"970,600\" data-comments-opened=\"1\" data-image-meta=\"{&quot;aperture&quot;:&quot;0&quot;,&quot;credit&quot;:&quot;&quot;,&quot;camera&quot;:&quot;&quot;,&quot;caption&quot;:&quot;&quot;,&quot;created_timestamp&quot;:&quot;0&quot;,&quot;copyright&quot;:&quot;&quot;,&quot;focal_length&quot;:&quot;0&quot;,&quot;iso&quot;:&quot;0&quot;,&quot;shutter_speed&quot;:&quot;0&quot;,&quot;title&quot;:&quot;&quot;,&quot;orientation&quot;:&quot;1&quot;}\" data-image-title=\"Livres de coloriages ge\u0301ome\u0301triques &amp;#8211; Yara Creatyque\" data-image-description=\"&lt;p&gt;Livre de coloriages g\u00e9om\u00e9triques de Yara Creatyque, 3 th\u00e8mes : Animaux, Portraits et Pr\u00e9histoire formant la s\u00e9rie \u00ab\u00a0art g\u00e9om\u00e9trique \u00e0 colorier\u00a0\u00bb&lt;\/p&gt;\n\" data-image-caption=\"&lt;p&gt;Livres de coloriages g\u00e9om\u00e9triques de Yara Creatyque, 3 th\u00e8mes : Animaux, Portraits et Pr\u00e9histoire&lt;\/p&gt;\n\" data-large-file=\"https:\/\/i0.wp.com\/yaracreatyque.fr\/wp-content\/uploads\/2025\/05\/Livres-de-coloriages-geometriques-Yara-Creatyque.jpg?fit=970%2C600&amp;ssl=1\" src=\"https:\/\/i0.wp.com\/yaracreatyque.fr\/wp-content\/uploads\/2025\/05\/Livres-de-coloriages-geometriques-Yara-Creatyque.jpg?resize=970%2C600&#038;ssl=1\" alt=\"Livres de coloriages g\u00e9om\u00e9triques de Yara Creatyque, 3 th\u00e8mes : Animaux, Portraits et Pr\u00e9histoire\" class=\"wp-image-2555\" srcset=\"https:\/\/i0.wp.com\/yaracreatyque.fr\/wp-content\/uploads\/2025\/05\/Livres-de-coloriages-geometriques-Yara-Creatyque.jpg?w=970&amp;ssl=1 970w, https:\/\/i0.wp.com\/yaracreatyque.fr\/wp-content\/uploads\/2025\/05\/Livres-de-coloriages-geometriques-Yara-Creatyque.jpg?resize=300%2C186&amp;ssl=1 300w, https:\/\/i0.wp.com\/yaracreatyque.fr\/wp-content\/uploads\/2025\/05\/Livres-de-coloriages-geometriques-Yara-Creatyque.jpg?resize=768%2C475&amp;ssl=1 768w, https:\/\/i0.wp.com\/yaracreatyque.fr\/wp-content\/uploads\/2025\/05\/Livres-de-coloriages-geometriques-Yara-Creatyque.jpg?resize=18%2C12&amp;ssl=1 18w, https:\/\/i0.wp.com\/yaracreatyque.fr\/wp-content\/uploads\/2025\/05\/Livres-de-coloriages-geometriques-Yara-Creatyque.jpg?resize=600%2C371&amp;ssl=1 600w\" sizes=\"auto, (max-width: 970px) 100vw, 970px\" \/><\/a><figcaption class=\"wp-element-caption\">Livres de coloriages g\u00e9om\u00e9triques de Yara Creatyque, 3 th\u00e8mes : Animaux, Portraits et Pr\u00e9histoire<\/figcaption><\/figure>\n","protected":false},"excerpt":{"rendered":"<p>Des mandalas avec une forme r\u00e9p\u00e9t\u00e9e : les triangles Ils ont un c\u00f4t\u00e9 un peu cosmique ou quantique En miniatures Ou de tr\u00e8s loin De plus pr\u00e8s on distingue des formes famili\u00e8res Des contours reconnaissables Des repr\u00e9sentations Qu\u2019en pensez-vous ? Mandalas en triangles Parcourir tous les mod\u00e8les : Visiter la page amazon :<\/p>\n","protected":false},"author":263724410,"featured_media":2886,"comment_status":"open","ping_status":"open","sticky":false,"template":"","format":"standard","meta":{"_crdt_document":"","_jetpack_newsletter_access":"","_jetpack_dont_email_post_to_subs":false,"_jetpack_newsletter_tier_id":0,"_jetpack_memberships_contains_paywalled_content":false,"_jetpack_memberships_contains_paid_content":false,"footnotes":"","jetpack_publicize_message":"","jetpack_publicize_feature_enabled":true,"jetpack_social_post_already_shared":true,"jetpack_social_options":{"image_generator_settings":{"template":"highway","default_image_id":0,"font":"","enabled":false},"version":2},"_wpas_customize_per_network":false,"jetpack_post_was_ever_published":false},"categories":[779228504,779433924],"tags":[65511071,779251451,779255687,779255992,779255319,779255917],"class_list":["post-2853","post","type-post","status-publish","format-standard","has-post-thumbnail","hentry","category-les-designs-geometriques","category-membre-trialogue","tag-art-geometrique","tag-art-therapie-geometrique","tag-bien-etre-par-lart","tag-mandala-bien-etre","tag-mandalas-modernes","tag-symbolisme-et-intuition"],"yoast_head":"<!-- This site is optimized with the Yoast SEO plugin v27.4 - https:\/\/yoast.com\/product\/yoast-seo-wordpress\/ -->\n<title>Mandalas en triangles - Yara Creatyque<\/title>\n<meta name=\"description\" content=\"Mandalas en triangles : Partage de 17 mod\u00e8les uniques \u00e0 colorier pour un moment de d\u00e9tente original et hypnotique\" \/>\n<meta name=\"robots\" content=\"index, follow, max-snippet:-1, max-image-preview:large, max-video-preview:-1\" \/>\n<link rel=\"canonical\" href=\"https:\/\/yaracreatyque.fr\/?p=2853\" \/>\n<meta property=\"og:locale\" content=\"fr_FR\" \/>\n<meta property=\"og:type\" content=\"article\" \/>\n<meta property=\"og:title\" content=\"Mandalas en triangles - Yara Creatyque\" \/>\n<meta property=\"og:description\" content=\"Mandalas en triangles : Partage de 17 mod\u00e8les uniques \u00e0 colorier pour un moment de d\u00e9tente original et hypnotique\" \/>\n<meta property=\"og:url\" content=\"https:\/\/yaracreatyque.fr\/?p=2853\" \/>\n<meta property=\"og:site_name\" content=\"Yara Creatyque\" \/>\n<meta property=\"article:published_time\" content=\"2025-08-11T08:32:13+00:00\" \/>\n<meta property=\"article:modified_time\" content=\"2025-08-22T12:53:30+00:00\" \/>\n<meta property=\"og:image\" content=\"https:\/\/yaracreatyque.fr\/wp-content\/uploads\/2025\/08\/Mandala-en-triangles-coquillage-Yara-Creatyque.jpg\" \/>\n\t<meta property=\"og:image:width\" content=\"2048\" \/>\n\t<meta property=\"og:image:height\" content=\"2048\" \/>\n\t<meta property=\"og:image:type\" content=\"image\/jpeg\" \/>\n<meta name=\"author\" content=\"Yara\" \/>\n<meta name=\"twitter:card\" content=\"summary_large_image\" \/>\n<meta name=\"twitter:label1\" content=\"\u00c9crit par\" \/>\n\t<meta name=\"twitter:data1\" content=\"Yara\" \/>\n\t<meta name=\"twitter:label2\" content=\"Dur\u00e9e de lecture estim\u00e9e\" \/>\n\t<meta name=\"twitter:data2\" content=\"5 minutes\" \/>\n<script type=\"application\/ld+json\" class=\"yoast-schema-graph\">{\"@context\":\"https:\\\/\\\/schema.org\",\"@graph\":[{\"@type\":\"Article\",\"@id\":\"https:\\\/\\\/yaracreatyque.fr\\\/?p=2853#article\",\"isPartOf\":{\"@id\":\"https:\\\/\\\/yaracreatyque.fr\\\/?p=2853\"},\"author\":{\"name\":\"Yara\",\"@id\":\"https:\\\/\\\/yaracreatyque.fr\\\/#\\\/schema\\\/person\\\/eb6b12b5443042def80bb9efe0d0b3b1\"},\"headline\":\"Mandalas en triangles\",\"datePublished\":\"2025-08-11T08:32:13+00:00\",\"dateModified\":\"2025-08-22T12:53:30+00:00\",\"mainEntityOfPage\":{\"@id\":\"https:\\\/\\\/yaracreatyque.fr\\\/?p=2853\"},\"wordCount\":92,\"commentCount\":0,\"publisher\":{\"@id\":\"https:\\\/\\\/yaracreatyque.fr\\\/#organization\"},\"image\":{\"@id\":\"https:\\\/\\\/yaracreatyque.fr\\\/?p=2853#primaryimage\"},\"thumbnailUrl\":\"https:\\\/\\\/i0.wp.com\\\/yaracreatyque.fr\\\/wp-content\\\/uploads\\\/2025\\\/08\\\/Mandala-en-triangles-coquillage-Yara-Creatyque.jpg?fit=2048%2C2048&ssl=1\",\"keywords\":[\"Art g\u00e9om\u00e9trique\",\"art-th\u00e9rapie g\u00e9om\u00e9trique\",\"bien-\u00eatre par l'art\",\"Mandala bien-\u00eatre\",\"Mandalas modernes\",\"Symbolisme et intuition\"],\"articleSection\":[\"Les designs g\u00e9om\u00e9triques\",\"Membre TRIALOGUE\"],\"inLanguage\":\"fr-FR\",\"potentialAction\":[{\"@type\":\"CommentAction\",\"name\":\"Comment\",\"target\":[\"https:\\\/\\\/yaracreatyque.fr\\\/?p=2853#respond\"]}]},{\"@type\":\"WebPage\",\"@id\":\"https:\\\/\\\/yaracreatyque.fr\\\/?p=2853\",\"url\":\"https:\\\/\\\/yaracreatyque.fr\\\/?p=2853\",\"name\":\"Mandalas en triangles - Yara Creatyque\",\"isPartOf\":{\"@id\":\"https:\\\/\\\/yaracreatyque.fr\\\/#website\"},\"primaryImageOfPage\":{\"@id\":\"https:\\\/\\\/yaracreatyque.fr\\\/?p=2853#primaryimage\"},\"image\":{\"@id\":\"https:\\\/\\\/yaracreatyque.fr\\\/?p=2853#primaryimage\"},\"thumbnailUrl\":\"https:\\\/\\\/i0.wp.com\\\/yaracreatyque.fr\\\/wp-content\\\/uploads\\\/2025\\\/08\\\/Mandala-en-triangles-coquillage-Yara-Creatyque.jpg?fit=2048%2C2048&ssl=1\",\"datePublished\":\"2025-08-11T08:32:13+00:00\",\"dateModified\":\"2025-08-22T12:53:30+00:00\",\"description\":\"Mandalas en triangles : Partage de 17 mod\u00e8les uniques \u00e0 colorier pour un moment de d\u00e9tente original et hypnotique\",\"breadcrumb\":{\"@id\":\"https:\\\/\\\/yaracreatyque.fr\\\/?p=2853#breadcrumb\"},\"inLanguage\":\"fr-FR\",\"potentialAction\":[{\"@type\":\"ReadAction\",\"target\":[\"https:\\\/\\\/yaracreatyque.fr\\\/?p=2853\"]}]},{\"@type\":\"ImageObject\",\"inLanguage\":\"fr-FR\",\"@id\":\"https:\\\/\\\/yaracreatyque.fr\\\/?p=2853#primaryimage\",\"url\":\"https:\\\/\\\/i0.wp.com\\\/yaracreatyque.fr\\\/wp-content\\\/uploads\\\/2025\\\/08\\\/Mandala-en-triangles-coquillage-Yara-Creatyque.jpg?fit=2048%2C2048&ssl=1\",\"contentUrl\":\"https:\\\/\\\/i0.wp.com\\\/yaracreatyque.fr\\\/wp-content\\\/uploads\\\/2025\\\/08\\\/Mandala-en-triangles-coquillage-Yara-Creatyque.jpg?fit=2048%2C2048&ssl=1\",\"width\":2048,\"height\":2048,\"caption\":\"Mandala en triangles Coquillages Yara Creatyque\"},{\"@type\":\"BreadcrumbList\",\"@id\":\"https:\\\/\\\/yaracreatyque.fr\\\/?p=2853#breadcrumb\",\"itemListElement\":[{\"@type\":\"ListItem\",\"position\":1,\"name\":\"Accueil\",\"item\":\"https:\\\/\\\/yaracreatyque.fr\\\/\"},{\"@type\":\"ListItem\",\"position\":2,\"name\":\"Mandalas en triangles\"}]},{\"@type\":\"WebSite\",\"@id\":\"https:\\\/\\\/yaracreatyque.fr\\\/#website\",\"url\":\"https:\\\/\\\/yaracreatyque.fr\\\/\",\"name\":\"Yara Creatyque\",\"description\":\"Explorez l&#039;art du coloriage g\u00e9om\u00e9trique et introspectif \u00e0 travers un espace d\u00e9di\u00e9 \u00e0 la cr\u00e9ation et au bien-\u00eatre par le coloriage th\u00e9rapeutique. D\u00e9couvrez des livres de coloriages uniques alliant designs g\u00e9om\u00e9triques modernes et introspection, con\u00e7us pour stimuler la cr\u00e9ativit\u00e9, favoriser la relaxation et encourager l&#039;expression de soi.\",\"publisher\":{\"@id\":\"https:\\\/\\\/yaracreatyque.fr\\\/#organization\"},\"potentialAction\":[{\"@type\":\"SearchAction\",\"target\":{\"@type\":\"EntryPoint\",\"urlTemplate\":\"https:\\\/\\\/yaracreatyque.fr\\\/?s={search_term_string}\"},\"query-input\":{\"@type\":\"PropertyValueSpecification\",\"valueRequired\":true,\"valueName\":\"search_term_string\"}}],\"inLanguage\":\"fr-FR\"},{\"@type\":\"Organization\",\"@id\":\"https:\\\/\\\/yaracreatyque.fr\\\/#organization\",\"name\":\"Yara Creatyque\",\"url\":\"https:\\\/\\\/yaracreatyque.fr\\\/\",\"logo\":{\"@type\":\"ImageObject\",\"inLanguage\":\"fr-FR\",\"@id\":\"https:\\\/\\\/yaracreatyque.fr\\\/#\\\/schema\\\/logo\\\/image\\\/\",\"url\":\"https:\\\/\\\/i0.wp.com\\\/yaracreatyque.fr\\\/wp-content\\\/uploads\\\/2025\\\/04\\\/cropped-logo-yara-creatyque.png?fit=760%2C100&ssl=1\",\"contentUrl\":\"https:\\\/\\\/i0.wp.com\\\/yaracreatyque.fr\\\/wp-content\\\/uploads\\\/2025\\\/04\\\/cropped-logo-yara-creatyque.png?fit=760%2C100&ssl=1\",\"width\":760,\"height\":100,\"caption\":\"Yara Creatyque\"},\"image\":{\"@id\":\"https:\\\/\\\/yaracreatyque.fr\\\/#\\\/schema\\\/logo\\\/image\\\/\"}},{\"@type\":\"Person\",\"@id\":\"https:\\\/\\\/yaracreatyque.fr\\\/#\\\/schema\\\/person\\\/eb6b12b5443042def80bb9efe0d0b3b1\",\"name\":\"Yara\",\"image\":{\"@type\":\"ImageObject\",\"inLanguage\":\"fr-FR\",\"@id\":\"https:\\\/\\\/secure.gravatar.com\\\/avatar\\\/efd2cac8022c1412d4c307ac3673692a775ca432d7ec66f29449f6befb6dc021?s=96&d=identicon&r=g\",\"url\":\"https:\\\/\\\/secure.gravatar.com\\\/avatar\\\/efd2cac8022c1412d4c307ac3673692a775ca432d7ec66f29449f6befb6dc021?s=96&d=identicon&r=g\",\"contentUrl\":\"https:\\\/\\\/secure.gravatar.com\\\/avatar\\\/efd2cac8022c1412d4c307ac3673692a775ca432d7ec66f29449f6befb6dc021?s=96&d=identicon&r=g\",\"caption\":\"Yara\"},\"description\":\"Artiste d'illustrations g\u00e9om\u00e9triques et auteure de livres auto-\u00e9dit\u00e9s\",\"sameAs\":[\"http:\\\/\\\/yaracreatyque.fr\"],\"url\":\"https:\\\/\\\/yaracreatyque.fr\\\/?author=263724410\"}]}<\/script>\n<!-- \/ Yoast SEO plugin. -->","yoast_head_json":{"title":"Mandalas en triangles - Yara Creatyque","description":"Mandalas en triangles : Partage de 17 mod\u00e8les uniques \u00e0 colorier pour un moment de d\u00e9tente original et hypnotique","robots":{"index":"index","follow":"follow","max-snippet":"max-snippet:-1","max-image-preview":"max-image-preview:large","max-video-preview":"max-video-preview:-1"},"canonical":"https:\/\/yaracreatyque.fr\/?p=2853","og_locale":"fr_FR","og_type":"article","og_title":"Mandalas en triangles - Yara Creatyque","og_description":"Mandalas en triangles : Partage de 17 mod\u00e8les uniques \u00e0 colorier pour un moment de d\u00e9tente original et hypnotique","og_url":"https:\/\/yaracreatyque.fr\/?p=2853","og_site_name":"Yara Creatyque","article_published_time":"2025-08-11T08:32:13+00:00","article_modified_time":"2025-08-22T12:53:30+00:00","og_image":[{"width":2048,"height":2048,"url":"https:\/\/yaracreatyque.fr\/wp-content\/uploads\/2025\/08\/Mandala-en-triangles-coquillage-Yara-Creatyque.jpg","type":"image\/jpeg"}],"author":"Yara","twitter_card":"summary_large_image","twitter_misc":{"\u00c9crit par":"Yara","Dur\u00e9e de lecture estim\u00e9e":"5 minutes"},"schema":{"@context":"https:\/\/schema.org","@graph":[{"@type":"Article","@id":"https:\/\/yaracreatyque.fr\/?p=2853#article","isPartOf":{"@id":"https:\/\/yaracreatyque.fr\/?p=2853"},"author":{"name":"Yara","@id":"https:\/\/yaracreatyque.fr\/#\/schema\/person\/eb6b12b5443042def80bb9efe0d0b3b1"},"headline":"Mandalas en triangles","datePublished":"2025-08-11T08:32:13+00:00","dateModified":"2025-08-22T12:53:30+00:00","mainEntityOfPage":{"@id":"https:\/\/yaracreatyque.fr\/?p=2853"},"wordCount":92,"commentCount":0,"publisher":{"@id":"https:\/\/yaracreatyque.fr\/#organization"},"image":{"@id":"https:\/\/yaracreatyque.fr\/?p=2853#primaryimage"},"thumbnailUrl":"https:\/\/i0.wp.com\/yaracreatyque.fr\/wp-content\/uploads\/2025\/08\/Mandala-en-triangles-coquillage-Yara-Creatyque.jpg?fit=2048%2C2048&ssl=1","keywords":["Art g\u00e9om\u00e9trique","art-th\u00e9rapie g\u00e9om\u00e9trique","bien-\u00eatre par l'art","Mandala bien-\u00eatre","Mandalas modernes","Symbolisme et intuition"],"articleSection":["Les designs g\u00e9om\u00e9triques","Membre TRIALOGUE"],"inLanguage":"fr-FR","potentialAction":[{"@type":"CommentAction","name":"Comment","target":["https:\/\/yaracreatyque.fr\/?p=2853#respond"]}]},{"@type":"WebPage","@id":"https:\/\/yaracreatyque.fr\/?p=2853","url":"https:\/\/yaracreatyque.fr\/?p=2853","name":"Mandalas en triangles - Yara Creatyque","isPartOf":{"@id":"https:\/\/yaracreatyque.fr\/#website"},"primaryImageOfPage":{"@id":"https:\/\/yaracreatyque.fr\/?p=2853#primaryimage"},"image":{"@id":"https:\/\/yaracreatyque.fr\/?p=2853#primaryimage"},"thumbnailUrl":"https:\/\/i0.wp.com\/yaracreatyque.fr\/wp-content\/uploads\/2025\/08\/Mandala-en-triangles-coquillage-Yara-Creatyque.jpg?fit=2048%2C2048&ssl=1","datePublished":"2025-08-11T08:32:13+00:00","dateModified":"2025-08-22T12:53:30+00:00","description":"Mandalas en triangles : Partage de 17 mod\u00e8les uniques \u00e0 colorier pour un moment de d\u00e9tente original et hypnotique","breadcrumb":{"@id":"https:\/\/yaracreatyque.fr\/?p=2853#breadcrumb"},"inLanguage":"fr-FR","potentialAction":[{"@type":"ReadAction","target":["https:\/\/yaracreatyque.fr\/?p=2853"]}]},{"@type":"ImageObject","inLanguage":"fr-FR","@id":"https:\/\/yaracreatyque.fr\/?p=2853#primaryimage","url":"https:\/\/i0.wp.com\/yaracreatyque.fr\/wp-content\/uploads\/2025\/08\/Mandala-en-triangles-coquillage-Yara-Creatyque.jpg?fit=2048%2C2048&ssl=1","contentUrl":"https:\/\/i0.wp.com\/yaracreatyque.fr\/wp-content\/uploads\/2025\/08\/Mandala-en-triangles-coquillage-Yara-Creatyque.jpg?fit=2048%2C2048&ssl=1","width":2048,"height":2048,"caption":"Mandala en triangles Coquillages Yara Creatyque"},{"@type":"BreadcrumbList","@id":"https:\/\/yaracreatyque.fr\/?p=2853#breadcrumb","itemListElement":[{"@type":"ListItem","position":1,"name":"Accueil","item":"https:\/\/yaracreatyque.fr\/"},{"@type":"ListItem","position":2,"name":"Mandalas en triangles"}]},{"@type":"WebSite","@id":"https:\/\/yaracreatyque.fr\/#website","url":"https:\/\/yaracreatyque.fr\/","name":"Yara Creatyque","description":"Explorez l&#039;art du coloriage g\u00e9om\u00e9trique et introspectif \u00e0 travers un espace d\u00e9di\u00e9 \u00e0 la cr\u00e9ation et au bien-\u00eatre par le coloriage th\u00e9rapeutique. D\u00e9couvrez des livres de coloriages uniques alliant designs g\u00e9om\u00e9triques modernes et introspection, con\u00e7us pour stimuler la cr\u00e9ativit\u00e9, favoriser la relaxation et encourager l&#039;expression de soi.","publisher":{"@id":"https:\/\/yaracreatyque.fr\/#organization"},"potentialAction":[{"@type":"SearchAction","target":{"@type":"EntryPoint","urlTemplate":"https:\/\/yaracreatyque.fr\/?s={search_term_string}"},"query-input":{"@type":"PropertyValueSpecification","valueRequired":true,"valueName":"search_term_string"}}],"inLanguage":"fr-FR"},{"@type":"Organization","@id":"https:\/\/yaracreatyque.fr\/#organization","name":"Yara Creatyque","url":"https:\/\/yaracreatyque.fr\/","logo":{"@type":"ImageObject","inLanguage":"fr-FR","@id":"https:\/\/yaracreatyque.fr\/#\/schema\/logo\/image\/","url":"https:\/\/i0.wp.com\/yaracreatyque.fr\/wp-content\/uploads\/2025\/04\/cropped-logo-yara-creatyque.png?fit=760%2C100&ssl=1","contentUrl":"https:\/\/i0.wp.com\/yaracreatyque.fr\/wp-content\/uploads\/2025\/04\/cropped-logo-yara-creatyque.png?fit=760%2C100&ssl=1","width":760,"height":100,"caption":"Yara Creatyque"},"image":{"@id":"https:\/\/yaracreatyque.fr\/#\/schema\/logo\/image\/"}},{"@type":"Person","@id":"https:\/\/yaracreatyque.fr\/#\/schema\/person\/eb6b12b5443042def80bb9efe0d0b3b1","name":"Yara","image":{"@type":"ImageObject","inLanguage":"fr-FR","@id":"https:\/\/secure.gravatar.com\/avatar\/efd2cac8022c1412d4c307ac3673692a775ca432d7ec66f29449f6befb6dc021?s=96&d=identicon&r=g","url":"https:\/\/secure.gravatar.com\/avatar\/efd2cac8022c1412d4c307ac3673692a775ca432d7ec66f29449f6befb6dc021?s=96&d=identicon&r=g","contentUrl":"https:\/\/secure.gravatar.com\/avatar\/efd2cac8022c1412d4c307ac3673692a775ca432d7ec66f29449f6befb6dc021?s=96&d=identicon&r=g","caption":"Yara"},"description":"Artiste d'illustrations g\u00e9om\u00e9triques et auteure de livres auto-\u00e9dit\u00e9s","sameAs":["http:\/\/yaracreatyque.fr"],"url":"https:\/\/yaracreatyque.fr\/?author=263724410"}]}},"jetpack_publicize_connections":[],"jetpack_featured_media_url":"https:\/\/i0.wp.com\/yaracreatyque.fr\/wp-content\/uploads\/2025\/08\/Mandala-en-triangles-coquillage-Yara-Creatyque.jpg?fit=2048%2C2048&ssl=1","jetpack_likes_enabled":true,"jetpack_sharing_enabled":true,"jetpack_shortlink":"https:\/\/wp.me\/pgr1n1-K1","jetpack-related-posts":[],"_links":{"self":[{"href":"https:\/\/yaracreatyque.fr\/index.php?rest_route=\/wp\/v2\/posts\/2853","targetHints":{"allow":["GET"]}}],"collection":[{"href":"https:\/\/yaracreatyque.fr\/index.php?rest_route=\/wp\/v2\/posts"}],"about":[{"href":"https:\/\/yaracreatyque.fr\/index.php?rest_route=\/wp\/v2\/types\/post"}],"author":[{"embeddable":true,"href":"https:\/\/yaracreatyque.fr\/index.php?rest_route=\/wp\/v2\/users\/263724410"}],"replies":[{"embeddable":true,"href":"https:\/\/yaracreatyque.fr\/index.php?rest_route=%2Fwp%2Fv2%2Fcomments&post=2853"}],"version-history":[{"count":8,"href":"https:\/\/yaracreatyque.fr\/index.php?rest_route=\/wp\/v2\/posts\/2853\/revisions"}],"predecessor-version":[{"id":3041,"href":"https:\/\/yaracreatyque.fr\/index.php?rest_route=\/wp\/v2\/posts\/2853\/revisions\/3041"}],"wp:featuredmedia":[{"embeddable":true,"href":"https:\/\/yaracreatyque.fr\/index.php?rest_route=\/wp\/v2\/media\/2886"}],"wp:attachment":[{"href":"https:\/\/yaracreatyque.fr\/index.php?rest_route=%2Fwp%2Fv2%2Fmedia&parent=2853"}],"wp:term":[{"taxonomy":"category","embeddable":true,"href":"https:\/\/yaracreatyque.fr\/index.php?rest_route=%2Fwp%2Fv2%2Fcategories&post=2853"},{"taxonomy":"post_tag","embeddable":true,"href":"https:\/\/yaracreatyque.fr\/index.php?rest_route=%2Fwp%2Fv2%2Ftags&post=2853"}],"curies":[{"name":"wp","href":"https:\/\/api.w.org\/{rel}","templated":true}]}}