{"id":590,"date":"2025-03-26T09:12:10","date_gmt":"2025-03-26T08:12:10","guid":{"rendered":"https:\/\/yaracreatyque.fr\/?p=590"},"modified":"2025-04-13T08:45:10","modified_gmt":"2025-04-13T06:45:10","slug":"bienfaits-science-coloriage-geometrique","status":"publish","type":"post","link":"https:\/\/yaracreatyque.fr\/?p=590","title":{"rendered":"\u201cLe Coloriage, un Voyage du Jeu \u00e0 la M\u00e9ditation : Bienfaits, Science et G\u00e9om\u00e9trie\u201d"},"content":{"rendered":"\n<div style=\"height:33px\" aria-hidden=\"true\" class=\"wp-block-spacer\"><\/div>\n\n\n\n<p class=\"has-text-align-center wp-block-paragraph\">Quels sont les <strong>bienfaits du coloriage g\u00e9om\u00e9trique<\/strong> ?<\/p>\n\n\n\n<div style=\"height:11px\" aria-hidden=\"true\" class=\"wp-block-spacer\"><\/div>\n\n\n\n<p class=\"has-text-align-center wp-block-paragraph\"><strong>D\u00e9couvre ce que la science r\u00e9v\u00e8le sur cette pratique douce, accessible \u00e0 tous, qui allie jeu, cr\u00e9ativit\u00e9 et transformation int\u00e9rieure.<\/strong><\/p>\n\n\n\n<p class=\"has-text-align-center wp-block-paragraph\"><br>Longtemps consid\u00e9r\u00e9 comme un simple loisir pour enfants, le coloriage g\u00e9om\u00e9trique gagne aujourd\u2019hui une place pr\u00e9cieuse parmi les outils de bien-\u00eatre et de recentrage.<\/p>\n\n\n\n<p class=\"has-text-align-center wp-block-paragraph\"><br>Mais quels sont ses v\u00e9ritables effets ? <\/p>\n\n\n\n<p class=\"has-text-align-center wp-block-paragraph\">Pourquoi les formes g\u00e9om\u00e9triques, en particulier, facilitent-elles l\u2019apaisement mental et la pleine pr\u00e9sence ?<\/p>\n\n\n\n<div style=\"height:22px\" aria-hidden=\"true\" class=\"wp-block-spacer\"><\/div>\n\n\n\n<p class=\"has-text-align-center wp-block-paragraph\">Dans cet article, je t&rsquo;invite \u00e0 explorer ce que nous savons aujourd\u2019hui gr\u00e2ce aux recherches scientifiques, mais aussi \u00e0 ressentir ce qui se joue en soi quand on s\u2019installe pour colorier\u2026 juste pour soi.<\/p>\n\n\n\n<p class=\"has-text-align-center wp-block-paragraph\"><br>Un voyage doux et inattendu, de l\u2019acte ludique \u00e0 la <strong>m\u00e9ditation active<\/strong>, de la <strong>forme<\/strong> \u00e0 la <strong>conscience<\/strong>.<\/p>\n\n\n\n<div style=\"height:33px\" aria-hidden=\"true\" class=\"wp-block-spacer\"><\/div>\n\n\n\n\n\n<div style=\"height:33px\" aria-hidden=\"true\" class=\"wp-block-spacer\"><\/div>\n\n\n<div class=\"wp-elements-1280548010f7d147751064a168c03eb3 wp-block-post-time-to-read has-text-color has-theme-4-color\">4\u20137 minutes<\/div>\n\n\n<figure data-wp-context=\"{&quot;imageId&quot;:&quot;69ef1ac18fe0c&quot;}\" data-wp-interactive=\"core\/image\" data-wp-key=\"69ef1ac18fe0c\" class=\"wp-block-image size-large wp-lightbox-container\"><img data-recalc-dims=\"1\" loading=\"lazy\" decoding=\"async\" width=\"5000\" height=\"5000\" data-attachment-id=\"76\" data-permalink=\"https:\/\/yaracreatyque.fr\/?attachment_id=76\" data-orig-file=\"https:\/\/i0.wp.com\/yaracreatyque.fr\/wp-content\/uploads\/2025\/03\/design-sans-titre62.png?fit=5000%2C5000&amp;ssl=1\" data-orig-size=\"5000,5000\" data-comments-opened=\"1\" data-image-meta=\"{&quot;aperture&quot;:&quot;0&quot;,&quot;credit&quot;:&quot;&quot;,&quot;camera&quot;:&quot;&quot;,&quot;caption&quot;:&quot;&quot;,&quot;created_timestamp&quot;:&quot;0&quot;,&quot;copyright&quot;:&quot;&quot;,&quot;focal_length&quot;:&quot;0&quot;,&quot;iso&quot;:&quot;0&quot;,&quot;shutter_speed&quot;:&quot;0&quot;,&quot;title&quot;:&quot;&quot;,&quot;orientation&quot;:&quot;0&quot;}\" data-image-title=\"tortue g\u00e9om\u00e9trique semi-color\u00e9e\" data-image-description=\"&lt;p&gt;tortue g\u00e9om\u00e9trique semi-color\u00e9e&lt;\/p&gt;\n\" data-image-caption=\"\" data-large-file=\"https:\/\/i0.wp.com\/yaracreatyque.fr\/wp-content\/uploads\/2025\/03\/design-sans-titre62.png?fit=1024%2C1024&amp;ssl=1\" data-wp-class--hide=\"state.isContentHidden\" data-wp-class--show=\"state.isContentVisible\" data-wp-init=\"callbacks.setButtonStyles\" data-wp-on--click=\"actions.showLightbox\" data-wp-on--load=\"callbacks.setButtonStyles\" data-wp-on--pointerdown=\"actions.preloadImage\" data-wp-on--pointerenter=\"actions.preloadImageWithDelay\" data-wp-on--pointerleave=\"actions.cancelPreload\" data-wp-on-window--resize=\"callbacks.setButtonStyles\" src=\"https:\/\/i0.wp.com\/yaracreatyque.fr\/wp-content\/uploads\/2025\/03\/design-sans-titre62.png?resize=5000%2C5000&#038;ssl=1\" alt=\"tortue g\u00e9om\u00e9trique semi-color\u00e9e pr\u00e9sentant les bienfaits du coloriage g\u00e9om\u00e9trique\" class=\"wp-image-76\"\/><button\n\t\t\tclass=\"lightbox-trigger\"\n\t\t\ttype=\"button\"\n\t\t\taria-haspopup=\"dialog\"\n\t\t\tdata-wp-bind--aria-label=\"state.thisImage.triggerButtonAriaLabel\"\n\t\t\tdata-wp-init=\"callbacks.initTriggerButton\"\n\t\t\tdata-wp-on--click=\"actions.showLightbox\"\n\t\t\tdata-wp-style--right=\"state.thisImage.buttonRight\"\n\t\t\tdata-wp-style--top=\"state.thisImage.buttonTop\"\n\t\t>\n\t\t\t<svg xmlns=\"http:\/\/www.w3.org\/2000\/svg\" width=\"12\" height=\"12\" fill=\"none\" viewBox=\"0 0 12 12\">\n\t\t\t\t<path fill=\"#fff\" d=\"M2 0a2 2 0 0 0-2 2v2h1.5V2a.5.5 0 0 1 .5-.5h2V0H2Zm2 10.5H2a.5.5 0 0 1-.5-.5V8H0v2a2 2 0 0 0 2 2h2v-1.5ZM8 12v-1.5h2a.5.5 0 0 0 .5-.5V8H12v2a2 2 0 0 1-2 2H8Zm2-12a2 2 0 0 1 2 2v2h-1.5V2a.5.5 0 0 0-.5-.5H8V0h2Z\" \/>\n\t\t\t<\/svg>\n\t\t<\/button><\/figure>\n\n\n\n<div style=\"height:33px\" aria-hidden=\"true\" class=\"wp-block-spacer\"><\/div>\n\n\n\n<p class=\"has-text-align-center wp-block-paragraph\">Le coloriage est souvent per\u00e7u comme un simple passe-temps d\u2019enfant, mais cette pratique d\u00e9passe largement le cadre du jeu. <\/p>\n\n\n\n<p class=\"has-text-align-center wp-block-paragraph\">Des \u00e9tudes scientifiques montrent qu\u2019il joue un r\u00f4le fondamental dans le <strong>d\u00e9veloppement cognitif, \u00e9motionnel et sensoriel<\/strong> chez l\u2019enfant, tout en \u00e9tant un outil puissant de <strong>gestion du stress <\/strong>chez l\u2019adulte.<\/p>\n\n\n\n<p class=\"has-text-align-center wp-block-paragraph\">Mais qu\u2019en dit la science ? <\/p>\n\n\n\n<p class=\"has-text-align-center wp-block-paragraph\">Pourquoi avons-nous un attrait naturel pour les formes g\u00e9om\u00e9triques et comment leur r\u00e9p\u00e9tition peut-elle favoriser un \u00e9tat de bien-\u00eatre profond ? <\/p>\n\n\n\n<p class=\"has-text-align-center wp-block-paragraph\">Cet article vous invite \u00e0 explorer les <strong>bienfaits du coloriage sous un prisme scientifique et psychologique<\/strong>, en mettant en lumi\u00e8re les <strong>\u00e9tudes et chercheurs<\/strong> qui ont approfondi ce domaine.<\/p>\n\n\n\n<div style=\"height:33px\" aria-hidden=\"true\" class=\"wp-block-spacer\"><\/div>\n\n\n\n<hr class=\"wp-block-separator has-alpha-channel-opacity\"\/>\n\n\n\n<h2 class=\"wp-block-heading has-text-align-center has-montserrat-font-family\" style=\"letter-spacing:5px;line-height:1.6\"><strong>Le coloriage, un outil fondamental de l\u2019enfance<\/strong><\/h2>\n\n\n\n<div style=\"height:33px\" aria-hidden=\"true\" class=\"wp-block-spacer\"><\/div>\n\n\n\n<p class=\"has-text-align-center wp-block-paragraph\"><strong>Le d\u00e9veloppement cognitif et moteur<\/strong><\/p>\n\n\n\n<p class=\"has-text-align-center wp-block-paragraph\">D\u00e8s le plus jeune \u00e2ge, le coloriage stimule le <strong>d\u00e9veloppement psychomoteur<\/strong> en am\u00e9liorant :<\/p>\n\n\n\n<p class=\"has-text-align-center wp-block-paragraph\">La <strong>coordination \u0153il-main<\/strong> (essentielle pour l\u2019\u00e9criture et la pr\u00e9cision).<\/p>\n\n\n\n<p class=\"has-text-align-center wp-block-paragraph\">La <strong>motricit\u00e9 fine<\/strong>, renfor\u00e7ant le contr\u00f4le du geste.<\/p>\n\n\n\n<p class=\"has-text-align-center wp-block-paragraph\">La <strong>concentration et la patience<\/strong>, en apprenant \u00e0 respecter des formes et des limites.<\/p>\n\n\n\n<div style=\"height:11px\" aria-hidden=\"true\" class=\"wp-block-spacer\"><\/div>\n\n\n\n<p class=\"has-text-align-center wp-block-paragraph\">Une \u00e9tude de l\u2019Universit\u00e9 de Plymouth (2018)* a montr\u00e9 que les enfants qui pratiquent le coloriage d\u00e8s la maternelle d\u00e9veloppent une <strong>meilleure gestion du stress et une plus grande cr\u00e9ativit\u00e9<\/strong> dans la r\u00e9solution de probl\u00e8mes.<\/p>\n\n\n\n<div style=\"height:22px\" aria-hidden=\"true\" class=\"wp-block-spacer\"><\/div>\n\n\n\n<p class=\"has-text-align-center has-theme-4-color has-text-color has-link-color wp-elements-9c4ad4facca7e80d8189d3e9043def1d wp-block-paragraph\"><strong>L\u2019apprentissage des couleurs et de l\u2019expression \u00e9motionnelle<\/strong><\/p>\n\n\n\n<p class=\"has-text-align-center wp-block-paragraph\">Les psychologues du d\u00e9veloppement (Jean Piaget, Lev Vygotsky)* ont soulign\u00e9 que l\u2019utilisation des couleurs permet aux enfants d\u2019<strong>exprimer leurs \u00e9motions<\/strong>, m\u00eame lorsqu\u2019ils ne ma\u00eetrisent pas encore bien le langage. <\/p>\n\n\n\n<p class=\"has-text-align-center wp-block-paragraph\">Un enfant qui colorie spontan\u00e9ment avec des couleurs sombres peut ainsi exprimer une angoisse, tandis qu\u2019un choix de couleurs vives peut traduire une excitation ou une joie.<\/p>\n\n\n\n<div style=\"height:33px\" aria-hidden=\"true\" class=\"wp-block-spacer\"><\/div>\n\n\n\n<hr class=\"wp-block-separator has-alpha-channel-opacity\"\/>\n\n\n\n<h2 class=\"wp-block-heading has-text-align-center has-montserrat-font-family\" style=\"letter-spacing:5px;line-height:1.6\"><strong>Le coloriage chez l\u2019adulte : un outil de bien-\u00eatre et de m\u00e9ditation<\/strong><\/h2>\n\n\n\n<div style=\"height:33px\" aria-hidden=\"true\" class=\"wp-block-spacer\"><\/div>\n\n\n\n<p class=\"has-text-align-center wp-block-paragraph\">Le coloriage ne se limite pas \u00e0 l\u2019enfance. <\/p>\n\n\n\n<p class=\"has-text-align-center wp-block-paragraph\">Depuis quelques ann\u00e9es, les livres de coloriage pour adultes connaissent un v\u00e9ritable succ\u00e8s, notamment dans la cat\u00e9gorie <strong>art-th\u00e9rapie<\/strong>.<\/p>\n\n\n\n<div style=\"height:33px\" aria-hidden=\"true\" class=\"wp-block-spacer\"><\/div>\n\n\n\n<h3 class=\"wp-block-heading has-text-align-center\"><strong>Les preuves scientifiques des bienfaits du coloriage g\u00e9om\u00e9trique sur le cerveau<\/strong><\/h3>\n\n\n\n<p class=\"has-text-align-center wp-block-paragraph\">Des \u00e9tudes en neurosciences montrent que le coloriage active le <strong>cortex pr\u00e9frontal<\/strong>, une r\u00e9gion du cerveau impliqu\u00e9e dans la r\u00e9gulation des \u00e9motions et la prise de d\u00e9cision.<\/p>\n\n\n\n<p class=\"has-text-align-center wp-block-paragraph\"><strong>\u00c9tude cl\u00e9 : University of Otago (2017<\/strong>)*<\/p>\n\n\n\n<p class=\"wp-block-paragraph\">\u2022 Les chercheurs ont d\u00e9montr\u00e9 que <strong>20 minutes de coloriage par jour<\/strong> r\u00e9duisent les niveaux de <strong>cortisol<\/strong> (hormone du stress) et augmentent les sentiments de calme et de bien-\u00eatre.<\/p>\n\n\n\n<p class=\"wp-block-paragraph\">\u2022 Le coloriage aurait un effet similaire \u00e0 la <strong>m\u00e9ditation pleine conscience<\/strong>, favorisant un \u00e9tat de concentration d\u00e9tendue, appel\u00e9 <strong>\u201cflow\u201d<\/strong> par Mih\u00e1ly Cs\u00edkszentmih\u00e1lyi.*<\/p>\n\n\n\n<div style=\"height:22px\" aria-hidden=\"true\" class=\"wp-block-spacer\"><\/div>\n\n\n\n<p class=\"has-text-align-center has-theme-4-color has-text-color has-link-color wp-elements-a2e9d91836cd6e3fdb5404c58ad95d8b wp-block-paragraph\" style=\"letter-spacing:5px\"><strong>Les bienfaits psychologiques reconnus<\/strong><\/p>\n\n\n\n<div style=\"height:22px\" aria-hidden=\"true\" class=\"wp-block-spacer\"><\/div>\n\n\n\n<p class=\"has-text-align-center wp-block-paragraph\"><strong>R\u00e9duction du stress et de l\u2019anxi\u00e9t\u00e9<\/strong> (\u00e9tude Dre Jennifer Drake, 2019)*<\/p>\n\n\n\n<p class=\"has-text-align-center wp-block-paragraph\"><strong>Am\u00e9lioration de la concentration et de la m\u00e9moire<\/strong><\/p>\n\n\n\n<p class=\"has-text-align-center wp-block-paragraph\"><strong>Stimulation de la cr\u00e9ativit\u00e9 et de l\u2019expression \u00e9motionnelle<\/strong><\/p>\n\n\n\n<div style=\"height:33px\" aria-hidden=\"true\" class=\"wp-block-spacer\"><\/div>\n\n\n\n<h2 class=\"wp-block-heading has-text-align-center has-montserrat-font-family\" style=\"letter-spacing:5px;line-height:1.6\"><strong>Pourquoi sommes-nous naturellement attir\u00e9s par les formes g\u00e9om\u00e9triques ?<\/strong><\/h2>\n\n\n\n<div style=\"height:33px\" aria-hidden=\"true\" class=\"wp-block-spacer\"><\/div>\n\n\n\n<h3 class=\"wp-block-heading has-text-align-center\"><strong>Bienfaits du coloriage g\u00e9om\u00e9trique : <\/strong>l\u2019impact des formes sur le cerveau humain<\/h3>\n\n\n\n<div style=\"height:33px\" aria-hidden=\"true\" class=\"wp-block-spacer\"><\/div>\n\n\n\n<p class=\"has-text-align-center wp-block-paragraph\">Des \u00e9tudes en psychologie cognitive montrent que notre cerveau est <strong>instinctivement attir\u00e9 par les formes g\u00e9om\u00e9triques r\u00e9guli\u00e8res<\/strong>.<\/p>\n\n\n\n<p class=\"has-text-align-center wp-block-paragraph\"><strong>Travaux du Dr V.S. Ramachandran (neuroscientifique en neuro-esth\u00e9tique)<\/strong>*<\/p>\n\n\n\n<p class=\"wp-block-paragraph\">\u2022 Nos circuits neuronaux sont programm\u00e9s pour reconna\u00eetre <strong>les sym\u00e9tries, les motifs r\u00e9p\u00e9titifs et les structures fractales<\/strong>, qui existent aussi dans la nature.<\/p>\n\n\n\n<p class=\"wp-block-paragraph\">\u2022 Ces formes offrent un <strong>sentiment d\u2019ordre et d\u2019harmonie<\/strong>, ce qui favorise une sensation de bien-\u00eatre et de s\u00e9curit\u00e9.<\/p>\n\n\n\n<p class=\"has-text-align-center wp-block-paragraph\"><strong>Exemple : L\u2019effet des mandalas<\/strong><\/p>\n\n\n\n<p class=\"wp-block-paragraph\">\u2022 Dans les traditions orientales, les <strong>mandalas<\/strong> (connus comme des dessins g\u00e9om\u00e9triques sacr\u00e9s) sont utilis\u00e9s depuis des si\u00e8cles pour favoriser la m\u00e9ditation et l\u2019\u00e9quilibre int\u00e9rieur.<\/p>\n\n\n\n<p class=\"wp-block-paragraph\">\u2022 <strong>Carl Jung*,<\/strong> c\u00e9l\u00e8bre psychanalyste, utilisait le dessin de mandalas pour <strong>favoriser l\u2019introspection et aider ses patients \u00e0 structurer leur inconscient<\/strong>.<\/p>\n\n\n\n<div style=\"height:33px\" aria-hidden=\"true\" class=\"wp-block-spacer\"><\/div>\n\n\n\n<hr class=\"wp-block-separator has-alpha-channel-opacity\"\/>\n\n\n\n<h2 class=\"wp-block-heading has-text-align-center has-montserrat-font-family\" style=\"letter-spacing:5px;line-height:1.6\"><strong>Pourquoi les coloriages g\u00e9om\u00e9triques ont-ils un impact fort ?<\/strong><\/h2>\n\n\n\n<div style=\"height:33px\" aria-hidden=\"true\" class=\"wp-block-spacer\"><\/div>\n\n\n\n<p class=\"has-text-align-center wp-block-paragraph\">Le coloriage g\u00e9om\u00e9trique <strong>active plusieurs zones c\u00e9r\u00e9brales simultan\u00e9ment<\/strong> :<\/p>\n\n\n\n<p class=\"has-text-align-center wp-block-paragraph\">Le <strong>cortex visuel<\/strong>, qui reconna\u00eet les formes et les motifs.<\/p>\n\n\n\n<p class=\"has-text-align-center wp-block-paragraph\">Le <strong>cortex pr\u00e9frontal<\/strong>, qui r\u00e9gule les \u00e9motions et la prise de d\u00e9cision.<\/p>\n\n\n\n<p class=\"has-text-align-center wp-block-paragraph\">Le <strong>syst\u00e8me limbique<\/strong>, associ\u00e9 aux \u00e9motions profondes.<\/p>\n\n\n\n<div style=\"height:22px\" aria-hidden=\"true\" class=\"wp-block-spacer\"><\/div>\n\n\n\n<p class=\"wp-block-paragraph\"><strong>Pourquoi c\u2019est efficace ?<\/strong><\/p>\n\n\n\n<p class=\"wp-block-paragraph\">\u2022 Les formes r\u00e9p\u00e9titives et les triangles stimulent un <strong>rythme c\u00e9r\u00e9bral apaisant<\/strong>.<\/p>\n\n\n\n<p class=\"wp-block-paragraph\">\u2022 La pr\u00e9cision demand\u00e9e favorise un <strong>\u00e9tat m\u00e9ditatif profond<\/strong>, sans frustration due \u00e0 un dessin trop complexe.<\/p>\n\n\n\n<p class=\"wp-block-paragraph\">\u2022 La libert\u00e9 du choix des couleurs et la multitude de combinaisons possibles permettent <strong>une expression \u00e9motionnelle personnalis\u00e9e<\/strong>.<\/p>\n\n\n\n<div style=\"height:33px\" aria-hidden=\"true\" class=\"wp-block-spacer\"><\/div>\n\n\n\n<hr class=\"wp-block-separator has-alpha-channel-opacity\"\/>\n\n\n\n<h3 class=\"wp-block-heading has-text-align-center\">Une pratique simple aux effets profonds<\/h3>\n\n\n\n<div style=\"height:33px\" aria-hidden=\"true\" class=\"wp-block-spacer\"><\/div>\n\n\n\n<p class=\"has-text-align-center wp-block-paragraph\">Dans un monde o\u00f9 tout va vite, prendre un moment pour soi peut sembler anodin\u2026 et pourtant.<\/p>\n\n\n\n<p class=\"has-text-align-center wp-block-paragraph\"><br>Le simple geste de colorier, pos\u00e9, concentr\u00e9, r\u00e9gulier, offre au mental un espace de repos tout en favorisant un lien plus profond avec soi.<\/p>\n\n\n\n<div style=\"height:33px\" aria-hidden=\"true\" class=\"wp-block-spacer\"><\/div>\n\n\n\n<p class=\"has-text-align-center wp-block-paragraph\">Les formes g\u00e9om\u00e9triques, par leur \u00e9quilibre naturel et leur effet apaisant sur le cerveau, deviennent alors de v\u00e9ritables supports d\u2019ancrage, de recentrage et d\u2019exploration int\u00e9rieure.<\/p>\n\n\n\n<p class=\"has-text-align-center wp-block-paragraph\"><br>C\u2019est une porte douce vers la pr\u00e9sence, la cr\u00e9ativit\u00e9, et parfois m\u00eame\u2026 la transformation.<\/p>\n\n\n\n<div style=\"height:33px\" aria-hidden=\"true\" class=\"wp-block-spacer\"><\/div>\n\n\n\n<p class=\"wp-block-paragraph\">\ud83c\udf1f Que vous soyez curieux, stress\u00e9, sensible, cr\u00e9atif ou en qu\u00eate d\u2019un mieux-\u00eatre quotidien : cette pratique est accessible \u00e0 tous.<\/p>\n\n\n\n<div style=\"height:33px\" aria-hidden=\"true\" class=\"wp-block-spacer\"><\/div>\n\n\n\n<p class=\"has-text-align-center wp-block-paragraph\"><strong>Et si vous essayiez ?<br>Pas pour faire \u201cbien\u201d, pas pour r\u00e9ussir\u2026<br>Mais simplement pour ressentir. Pour respirer. Pour vous.<\/strong><\/p>\n\n\n\n<div style=\"height:33px\" aria-hidden=\"true\" class=\"wp-block-spacer\"><\/div>\n\n\n\n<h2 class=\"wp-block-heading has-text-align-center\"><strong>Conclusion : et si vous Exp\u00e9rimentiez les bienfaits du coloriage g\u00e9om\u00e9trique par vous-m\u00eame <\/strong><\/h2>\n\n\n\n<div style=\"height:33px\" aria-hidden=\"true\" class=\"wp-block-spacer\"><\/div>\n\n\n\n<p class=\"has-text-align-center wp-block-paragraph\">Le coloriage est bien plus qu\u2019un simple passe-temps. Il est un <strong>outil puissant pour le bien-\u00eatre<\/strong>, que la science et les traditions confirment comme \u00e9tant une pratique b\u00e9n\u00e9fique \u00e0 tout \u00e2ge.<\/p>\n\n\n\n<p class=\"has-text-align-center wp-block-paragraph\"><strong>Si vous cherchez \u00e0 \u00e9vacuer le stress, \u00e0 am\u00e9liorer votre concentration ou simplement \u00e0 vous reconnecter \u00e0 vous-m\u00eame, essayez le coloriage g\u00e9om\u00e9trique.<\/strong><\/p>\n\n\n\n<div style=\"height:44px\" aria-hidden=\"true\" class=\"wp-block-spacer\"><\/div>\n\n\n\n<p class=\"has-text-align-center wp-block-paragraph\"><strong>Vous ne savez pas par o\u00f9 commencer ?<\/strong> D\u00e9couvrez mes carnets sp\u00e9cialement con\u00e7us pour allier <strong>relaxation, cr\u00e9ativit\u00e9 et introspection<\/strong>, et laissez les couleurs r\u00e9v\u00e9ler votre monde int\u00e9rieur.<\/p>\n\n\n\n<div class=\"wp-block-buttons is-content-justification-center is-layout-flex wp-container-core-buttons-is-layout-69bbf988 wp-block-buttons-is-layout-flex\" style=\"letter-spacing:2px\"><\/div>\n\n\n\n<a href=\"https:\/\/yaracreatyque.fr\/lart-comme-therapie-carnets-creatifs-dintrospection\/\" target=\"_blank\" style=\"display: inline-block; position: relative; margin: 10px; text-decoration: none;\">\n  <img data-recalc-dims=\"1\" decoding=\"async\" src=\"https:\/\/i0.wp.com\/yaracreatyque.fr\/wp-content\/uploads\/2025\/04\/art-comme-therapie-carnets-creatifs-d-introspection-yara-creatyque.jpg?ssl=1\" alt=\"D\u00e9couvrir la page des carnets\" style=\"width: 100%; max-width: 500px; height: auto; border-radius: 12px; transition: transform 0.3s ease, box-shadow 0.3s ease;\">\n  <span style=\"position: absolute; top: 50%; left: 50%; transform: translate(-50%, -50%); color: black; font-size: 1.2em; font-weight: bold; text-align: center; opacity: 0; transition: opacity 0.3s ease; background-color: rgba(255, 255, 255, 0.7); padding: 6px 12px; border-radius: 8px;\">D\u00e9couvrir la page des carnets<\/span>\n<\/a>\n\n<style>\n  a:hover img {\n    transform: scale(1.03);\n    box-shadow: 0 0 20px 8px rgba(218, 165, 32, 0.3); \/* halo dor\u00e9 doux *\/\n  }\n\n  a:hover span {\n    opacity: 1;\n  }\n<\/style>\n\n\n\n<div style=\"height:55px\" aria-hidden=\"true\" class=\"wp-block-spacer\"><\/div>\n\n\n\n<h2 class=\"wp-block-heading has-text-align-center\">Consulter la page amazon :<\/h2>\n\n\n\n<div style=\"height:33px\" aria-hidden=\"true\" class=\"wp-block-spacer\"><\/div>\n\n\n\n<div style=\"display: flex; flex-wrap: wrap; justify-content: center; gap: 20px; margin-bottom: 30px;\">\n  <!-- Image 1 -->\n  <a href=\"https:\/\/www.amazon.fr\/Lart-comme-th%C3%A9rapie-dintrospection-lexpression-ebook\/dp\/B0DZT69ND3?ref_=ast_author_dp&#038;dib=eyJ2IjoiMSJ9.9wTEScFKyllRie-Wxj6bNECC9RlOpm8TWuSytwBKvplmeiJ0B7Qlb3EQQggvQ3LdbZSA8uAjnn53YoRIgfAAyS-jhnRAAXnfLA96ijCRyN_FW2UjYHBZ9gFlADswkEqP2cwUmF0hvdhA1JHWnmsTq1n79jksFqfpu3olQoo5XGnnJEgrLrolUNdvb_uvx8Q4.LZIkgJ6uE0pi3e1Em7Bp5X_T_9gGr_KGgERnQ5VzOOQ&#038;dib_tag=AUTHOR\" target=\"_blank\" style=\"position: relative; display: block; width: 300px; text-decoration: none;\">\n    <img data-recalc-dims=\"1\" decoding=\"async\" src=\"https:\/\/i0.wp.com\/yaracreatyque.fr\/wp-content\/uploads\/2025\/03\/couvertures-colori12-1.png?ssl=1\" alt=\"Carnet cr\u00e9atif autour des Animaux\" style=\"width: 100%; border-radius: 12px; transition: transform 0.3s ease, box-shadow 0.3s ease;\">\n    <span style=\"position: absolute; bottom: 10px; left: 50%; transform: translateX(-50%); background: rgba(255,255,255,0.85); padding: 6px 12px; border-radius: 8px; font-weight: bold; color: black; opacity: 0; transition: opacity 0.3s ease;\">Carnet cr\u00e9atif autour des Animaux<\/span>\n  <\/a>\n\n  <!-- Image 2 -->\n  <a href=\"https:\/\/www.amazon.fr\/Lart-comme-th%C3%A9rapie-dintrospection-connecter\/dp\/B0DZWQDZ3L?ref_=saga_dp_ss_dsk_dp\" target=\"_blank\" style=\"position: relative; display: block; width: 300px; text-decoration: none;\">\n    <img data-recalc-dims=\"1\" decoding=\"async\" src=\"https:\/\/i0.wp.com\/yaracreatyque.fr\/wp-content\/uploads\/2025\/03\/couvertures-colori16-1.png?ssl=1\" alt=\"Carnet cr\u00e9atif autour des Portraits\" style=\"width: 100%; border-radius: 12px; transition: transform 0.3s ease, box-shadow 0.3s ease;\">\n    <span style=\"position: absolute; bottom: 10px; left: 50%; transform: translateX(-50%); background: rgba(255,255,255,0.85); padding: 6px 12px; border-radius: 8px; font-weight: bold; color: black; opacity: 0; transition: opacity 0.3s ease;\">Carnet cr\u00e9atif autour des Portraits<\/span>\n  <\/a>\n\n  <!-- Image 3 -->\n  <a href=\"https:\/\/www.amazon.fr\/Lart-comme-th%C3%A9rapie-dintrospection-reconnexion\/dp\/B0DZVNVNYQ\/ref=zg-te-pba_d_sccl_2_6\/260-2880895-4572336?pd_rd_w=lSZEq&#038;content-id=amzn1.sym.af6b3682-3e1f-4458-92c8-7dc122beea6c&#038;pf_rd_p=af6b3682-3e1f-4458-92c8-7dc122beea6c&#038;pf_rd_r=RQR7CGRBRYQFFJWE6QJZ&#038;pd_rd_wg=SSpHV&#038;pd_rd_r=326c50cf-ec53-40cd-91b3-b820b4bd7482&#038;pd_rd_i=B0DZVNVNYQ&#038;psc=1\" target=\"_blank\" style=\"position: relative; display: block; width: 300px; text-decoration: none;\">\n    <img data-recalc-dims=\"1\" decoding=\"async\" src=\"https:\/\/i0.wp.com\/yaracreatyque.fr\/wp-content\/uploads\/2025\/03\/couvertures-colori17.png?ssl=1\" alt=\"Carnet cr\u00e9atif autour de la Pr\u00e9histoire\" style=\"width: 100%; border-radius: 12px; transition: transform 0.3s ease, box-shadow 0.3s ease;\">\n    <span style=\"position: absolute; bottom: 10px; left: 50%; transform: translateX(-50%); background: rgba(255,255,255,0.85); padding: 6px 12px; border-radius: 8px; font-weight: bold; color: black; opacity: 0; transition: opacity 0.3s ease;\">Carnet cr\u00e9atif autour de la Pr\u00e9histoire<\/span>\n  <\/a>\n<\/div>\n\n<style>\n  a:hover img {\n    transform: scale(1.03);\n    box-shadow: 0 0 16px 6px rgba(218, 165, 32, 0.3); \/* halo dor\u00e9 doux *\/\n  }\n\n  a:hover span {\n    opacity: 1;\n  }\n<\/style>\n\n\n\n<div style=\"height:100px\" aria-hidden=\"true\" class=\"wp-block-spacer\"><\/div>\n\n\n\n<p class=\"has-text-align-center wp-block-paragraph\">*Les r\u00e9f\u00e9rences propos\u00e9es ne sont pas exhaustives mais sont pr\u00e9sent\u00e9es pour encourager la recherche personnelle et proposer des pistes de r\u00e9flexions. <\/p>\n\n\n<div class=\"wp-block-post-author\"><div class=\"wp-block-post-author__avatar\"><img alt='' src='https:\/\/secure.gravatar.com\/avatar\/efd2cac8022c1412d4c307ac3673692a775ca432d7ec66f29449f6befb6dc021?s=48&#038;d=identicon&#038;r=g' srcset='https:\/\/secure.gravatar.com\/avatar\/efd2cac8022c1412d4c307ac3673692a775ca432d7ec66f29449f6befb6dc021?s=96&#038;d=identicon&#038;r=g 2x' class='avatar avatar-48 photo' height='48' width='48' \/><\/div><div class=\"wp-block-post-author__content\"><p class=\"wp-block-post-author__byline\">Cr\u00e9er pour se r\u00e9v\u00e9ler<\/p><p class=\"wp-block-post-author__name\">Yara<\/p><\/div><\/div>\n\n\n\n\n<div style=\"height:33px\" aria-hidden=\"true\" class=\"wp-block-spacer\"><\/div>\n\n\n\n<div style=\"height:33px\" aria-hidden=\"true\" class=\"wp-block-spacer\"><\/div>\n\n\n\n<div class=\"wp-block-comments\">\n\n\n\n<\/div>\n\n\n\n<div style=\"height:100px\" aria-hidden=\"true\" class=\"wp-block-spacer\"><\/div>\n\n\n\n\n\n<div style=\"height:100px\" aria-hidden=\"true\" class=\"wp-block-spacer\"><\/div>\n\n\n<p class=\"wp-block-tag-cloud\"><a href=\"https:\/\/yaracreatyque.fr\/?tag=apaisement\" class=\"tag-cloud-link tag-link-4081005 tag-link-position-1\" style=\"font-size: 8pt;\" aria-label=\"apaisement (1 \u00e9l\u00e9ment)\">apaisement<\/a>\n<a href=\"https:\/\/yaracreatyque.fr\/?tag=art-therapie\" class=\"tag-cloud-link tag-link-2153715 tag-link-position-2\" style=\"font-size: 8pt;\" aria-label=\"art-th\u00e9rapie (1 \u00e9l\u00e9ment)\">art-th\u00e9rapie<\/a>\n<a href=\"https:\/\/yaracreatyque.fr\/?tag=art-therapie-et-coloriage\" class=\"tag-cloud-link tag-link-779255928 tag-link-position-3\" style=\"font-size: 8pt;\" aria-label=\"Art-th\u00e9rapie et coloriage (1 \u00e9l\u00e9ment)\">Art-th\u00e9rapie et coloriage<\/a>\n<a href=\"https:\/\/yaracreatyque.fr\/?tag=art-therapie-geometrique\" class=\"tag-cloud-link tag-link-779251451 tag-link-position-4\" style=\"font-size: 22pt;\" aria-label=\"art-th\u00e9rapie g\u00e9om\u00e9trique (5 \u00e9l\u00e9ments)\">art-th\u00e9rapie g\u00e9om\u00e9trique<\/a>\n<a href=\"https:\/\/yaracreatyque.fr\/?tag=art-geometrique\" class=\"tag-cloud-link tag-link-65511071 tag-link-position-5\" style=\"font-size: 8pt;\" aria-label=\"Art g\u00e9om\u00e9trique (1 \u00e9l\u00e9ment)\">Art g\u00e9om\u00e9trique<\/a>\n<a href=\"https:\/\/yaracreatyque.fr\/?tag=auto-therapie\" class=\"tag-cloud-link tag-link-40316052 tag-link-position-6\" style=\"font-size: 19.666666666667pt;\" aria-label=\"auto-th\u00e9rapie (4 \u00e9l\u00e9ments)\">auto-th\u00e9rapie<\/a>\n<a href=\"https:\/\/yaracreatyque.fr\/?tag=bien-etre-par-lart\" class=\"tag-cloud-link tag-link-779255687 tag-link-position-7\" style=\"font-size: 22pt;\" aria-label=\"bien-\u00eatre par l&#039;art (5 \u00e9l\u00e9ments)\">bien-\u00eatre par l&#039;art<\/a>\n<a href=\"https:\/\/yaracreatyque.fr\/?tag=bienfaits-du-coloriage-adulte\" class=\"tag-cloud-link tag-link-779255544 tag-link-position-8\" style=\"font-size: 8pt;\" aria-label=\"Bienfaits du coloriage adulte (1 \u00e9l\u00e9ment)\">Bienfaits du coloriage adulte<\/a>\n<a href=\"https:\/\/yaracreatyque.fr\/?tag=choisir-sa-palette-de-couleurs-selon-ses-emotions\" class=\"tag-cloud-link tag-link-779255635 tag-link-position-9\" style=\"font-size: 8pt;\" aria-label=\"Choisir sa palette de couleurs selon ses \u00e9motions (1 \u00e9l\u00e9ment)\">Choisir sa palette de couleurs selon ses \u00e9motions<\/a>\n<a href=\"https:\/\/yaracreatyque.fr\/?tag=coloriage\" class=\"tag-cloud-link tag-link-5265999 tag-link-position-10\" style=\"font-size: 8pt;\" aria-label=\"coloriage (1 \u00e9l\u00e9ment)\">coloriage<\/a>\n<a href=\"https:\/\/yaracreatyque.fr\/?tag=coloriage-adulte\" class=\"tag-cloud-link tag-link-231441829 tag-link-position-11\" style=\"font-size: 8pt;\" aria-label=\"coloriage adulte (1 \u00e9l\u00e9ment)\">coloriage adulte<\/a>\n<a href=\"https:\/\/yaracreatyque.fr\/?tag=coloriage-anti-stress\" class=\"tag-cloud-link tag-link-209682019 tag-link-position-12\" style=\"font-size: 13.25pt;\" aria-label=\"Coloriage anti-stress (2 \u00e9l\u00e9ments)\">Coloriage anti-stress<\/a>\n<a href=\"https:\/\/yaracreatyque.fr\/?tag=coloriage-bien-etre\" class=\"tag-cloud-link tag-link-329672548 tag-link-position-13\" style=\"font-size: 8pt;\" aria-label=\"coloriage bien-\u00eatre (1 \u00e9l\u00e9ment)\">coloriage bien-\u00eatre<\/a>\n<a href=\"https:\/\/yaracreatyque.fr\/?tag=coloriage-meditatif\" class=\"tag-cloud-link tag-link-779255343 tag-link-position-14\" style=\"font-size: 8pt;\" aria-label=\"Coloriage m\u00e9ditatif (1 \u00e9l\u00e9ment)\">Coloriage m\u00e9ditatif<\/a>\n<a href=\"https:\/\/yaracreatyque.fr\/?tag=coloriages-pour-adultes\" class=\"tag-cloud-link tag-link-246882346 tag-link-position-15\" style=\"font-size: 13.25pt;\" aria-label=\"Coloriages pour adultes (2 \u00e9l\u00e9ments)\">Coloriages pour adultes<\/a>\n<a href=\"https:\/\/yaracreatyque.fr\/?tag=coloriage-zen\" class=\"tag-cloud-link tag-link-316861293 tag-link-position-16\" style=\"font-size: 8pt;\" aria-label=\"coloriage zen (1 \u00e9l\u00e9ment)\">coloriage zen<\/a>\n<a href=\"https:\/\/yaracreatyque.fr\/?tag=coloriage-emotionnel\" class=\"tag-cloud-link tag-link-779255491 tag-link-position-17\" style=\"font-size: 8pt;\" aria-label=\"coloriage \u00e9motionnel (1 \u00e9l\u00e9ment)\">coloriage \u00e9motionnel<\/a>\n<a href=\"https:\/\/yaracreatyque.fr\/?tag=colorier-pour-se-detendre\" class=\"tag-cloud-link tag-link-779255938 tag-link-position-18\" style=\"font-size: 8pt;\" aria-label=\"Colorier pour se d\u00e9tendre (1 \u00e9l\u00e9ment)\">Colorier pour se d\u00e9tendre<\/a>\n<a href=\"https:\/\/yaracreatyque.fr\/?tag=comment-lart-therapie-aide-a-mieux-se-connaitre\" class=\"tag-cloud-link tag-link-779255563 tag-link-position-19\" style=\"font-size: 8pt;\" aria-label=\"Comment l\u2019art-th\u00e9rapie aide \u00e0 mieux se conna\u00eetre (1 \u00e9l\u00e9ment)\">Comment l\u2019art-th\u00e9rapie aide \u00e0 mieux se conna\u00eetre<\/a>\n<a href=\"https:\/\/yaracreatyque.fr\/?tag=creativite\" class=\"tag-cloud-link tag-link-249485 tag-link-position-20\" style=\"font-size: 8pt;\" aria-label=\"cr\u00e9ativit\u00e9 (1 \u00e9l\u00e9ment)\">cr\u00e9ativit\u00e9<\/a>\n<a href=\"https:\/\/yaracreatyque.fr\/?tag=creativite-et-bien-etre\" class=\"tag-cloud-link tag-link-323758207 tag-link-position-21\" style=\"font-size: 8pt;\" aria-label=\"Cr\u00e9ativit\u00e9 et bien-\u00eatre (1 \u00e9l\u00e9ment)\">Cr\u00e9ativit\u00e9 et bien-\u00eatre<\/a>\n<a href=\"https:\/\/yaracreatyque.fr\/?tag=detachement-emotionnel\" class=\"tag-cloud-link tag-link-153327187 tag-link-position-22\" style=\"font-size: 8pt;\" aria-label=\"D\u00e9tachement \u00e9motionnel (1 \u00e9l\u00e9ment)\">D\u00e9tachement \u00e9motionnel<\/a>\n<a href=\"https:\/\/yaracreatyque.fr\/?tag=exploration-de-soi\" class=\"tag-cloud-link tag-link-8096324 tag-link-position-23\" style=\"font-size: 19.666666666667pt;\" aria-label=\"Exploration de soi (4 \u00e9l\u00e9ments)\">Exploration de soi<\/a>\n<a href=\"https:\/\/yaracreatyque.fr\/?tag=explorer-ses-emotions\" class=\"tag-cloud-link tag-link-779255717 tag-link-position-24\" style=\"font-size: 8pt;\" aria-label=\"Explorer ses \u00e9motions (1 \u00e9l\u00e9ment)\">Explorer ses \u00e9motions<\/a>\n<a href=\"https:\/\/yaracreatyque.fr\/?tag=experience-personnelle-therapeutique\" class=\"tag-cloud-link tag-link-779229032 tag-link-position-25\" style=\"font-size: 8pt;\" aria-label=\"exp\u00e9rience personnelle th\u00e9rapeutique (1 \u00e9l\u00e9ment)\">exp\u00e9rience personnelle th\u00e9rapeutique<\/a>\n<a href=\"https:\/\/yaracreatyque.fr\/?tag=gestion-du-stress\" class=\"tag-cloud-link tag-link-874469 tag-link-position-26\" style=\"font-size: 8pt;\" aria-label=\"gestion du stress (1 \u00e9l\u00e9ment)\">gestion du stress<\/a>\n<a href=\"https:\/\/yaracreatyque.fr\/?tag=gestion-emotionnelle\" class=\"tag-cloud-link tag-link-162837686 tag-link-position-27\" style=\"font-size: 8pt;\" aria-label=\"gestion \u00e9motionnelle (1 \u00e9l\u00e9ment)\">gestion \u00e9motionnelle<\/a>\n<a href=\"https:\/\/yaracreatyque.fr\/?tag=guide-dinterpretation\" class=\"tag-cloud-link tag-link-779370855 tag-link-position-28\" style=\"font-size: 8pt;\" aria-label=\"guide d&#039;interpretation (1 \u00e9l\u00e9ment)\">guide d&#039;interpretation<\/a>\n<a href=\"https:\/\/yaracreatyque.fr\/?tag=geometrie\" class=\"tag-cloud-link tag-link-472973 tag-link-position-29\" style=\"font-size: 8pt;\" aria-label=\"g\u00e9om\u00e9trie (1 \u00e9l\u00e9ment)\">g\u00e9om\u00e9trie<\/a>\n<a href=\"https:\/\/yaracreatyque.fr\/?tag=introspection\" class=\"tag-cloud-link tag-link-27041 tag-link-position-30\" style=\"font-size: 8pt;\" aria-label=\"introspection (1 \u00e9l\u00e9ment)\">introspection<\/a>\n<a href=\"https:\/\/yaracreatyque.fr\/?tag=introspection-creative\" class=\"tag-cloud-link tag-link-386775547 tag-link-position-31\" style=\"font-size: 19.666666666667pt;\" aria-label=\"introspection cr\u00e9ative (4 \u00e9l\u00e9ments)\">introspection cr\u00e9ative<\/a>\n<a href=\"https:\/\/yaracreatyque.fr\/?tag=introspection-par-lart\" class=\"tag-cloud-link tag-link-779256119 tag-link-position-32\" style=\"font-size: 13.25pt;\" aria-label=\"Introspection par l&#039;art (2 \u00e9l\u00e9ments)\">Introspection par l&#039;art<\/a>\n<a href=\"https:\/\/yaracreatyque.fr\/?tag=intuition-feline\" class=\"tag-cloud-link tag-link-779370861 tag-link-position-33\" style=\"font-size: 8pt;\" aria-label=\"intuition f\u00e9line (1 \u00e9l\u00e9ment)\">intuition f\u00e9line<\/a>\n<a href=\"https:\/\/yaracreatyque.fr\/?tag=lart-et-therapie\" class=\"tag-cloud-link tag-link-779255443 tag-link-position-34\" style=\"font-size: 8pt;\" aria-label=\"L&#039;art et th\u00e9rapie (1 \u00e9l\u00e9ment)\">L&#039;art et th\u00e9rapie<\/a>\n<a href=\"https:\/\/yaracreatyque.fr\/?tag=le-pouvoir-des-formes-geometriques-dans-lart\" class=\"tag-cloud-link tag-link-779256120 tag-link-position-35\" style=\"font-size: 8pt;\" aria-label=\"Le pouvoir des formes g\u00e9om\u00e9triques dans l\u2019art (1 \u00e9l\u00e9ment)\">Le pouvoir des formes g\u00e9om\u00e9triques dans l\u2019art<\/a>\n<a href=\"https:\/\/yaracreatyque.fr\/?tag=mandala-bien-etre\" class=\"tag-cloud-link tag-link-779255992 tag-link-position-36\" style=\"font-size: 13.25pt;\" aria-label=\"Mandala bien-\u00eatre (2 \u00e9l\u00e9ments)\">Mandala bien-\u00eatre<\/a>\n<a href=\"https:\/\/yaracreatyque.fr\/?tag=mandalas-modernes\" class=\"tag-cloud-link tag-link-779255319 tag-link-position-37\" style=\"font-size: 8pt;\" aria-label=\"Mandalas modernes (1 \u00e9l\u00e9ment)\">Mandalas modernes<\/a>\n<a href=\"https:\/\/yaracreatyque.fr\/?tag=symbolique\" class=\"tag-cloud-link tag-link-1999946 tag-link-position-38\" style=\"font-size: 8pt;\" aria-label=\"symbolique (1 \u00e9l\u00e9ment)\">symbolique<\/a>\n<a href=\"https:\/\/yaracreatyque.fr\/?tag=symbolisme-et-intuition\" class=\"tag-cloud-link tag-link-779255917 tag-link-position-39\" style=\"font-size: 13.25pt;\" aria-label=\"Symbolisme et intuition (2 \u00e9l\u00e9ments)\">Symbolisme et intuition<\/a>\n<a href=\"https:\/\/yaracreatyque.fr\/?tag=techniques-de-coloriage-pour-la-relaxation\" class=\"tag-cloud-link tag-link-779255570 tag-link-position-40\" style=\"font-size: 8pt;\" aria-label=\"techniques de coloriage pour la relaxation (1 \u00e9l\u00e9ment)\">techniques de coloriage pour la relaxation<\/a>\n<a href=\"https:\/\/yaracreatyque.fr\/?tag=therapie-naturelle-stress\" class=\"tag-cloud-link tag-link-779229043 tag-link-position-41\" style=\"font-size: 8pt;\" aria-label=\"th\u00e9rapie naturelle stress (1 \u00e9l\u00e9ment)\">th\u00e9rapie naturelle stress<\/a><\/p>","protected":false},"excerpt":{"rendered":"<p>Quels sont les bienfaits du coloriage g\u00e9om\u00e9trique ? D\u00e9couvre ce que la science r\u00e9v\u00e8le sur cette pratique douce, accessible \u00e0 tous, qui allie jeu, cr\u00e9ativit\u00e9 et transformation int\u00e9rieure. Longtemps consid\u00e9r\u00e9 comme un simple loisir pour enfants, le coloriage g\u00e9om\u00e9trique gagne aujourd\u2019hui une place pr\u00e9cieuse parmi les outils de bien-\u00eatre et de recentrage. Mais quels sont [&hellip;]<\/p>\n","protected":false},"author":263724410,"featured_media":2171,"comment_status":"open","ping_status":"open","sticky":false,"template":"","format":"standard","meta":{"_crdt_document":"","_jetpack_newsletter_access":"","_jetpack_dont_email_post_to_subs":false,"_jetpack_newsletter_tier_id":0,"_jetpack_memberships_contains_paywalled_content":false,"_jetpack_memberships_contains_paid_content":false,"footnotes":"","jetpack_publicize_message":"Comprendre pourquoi le dessin et le coloriage apportent des bienfaits insoup\u00e7onn\u00e9s sur notre \u00e9tat g\u00e9n\u00e9ral, en particulier gr\u00e2ce aux formes g\u00e9om\u00e9triques. ","jetpack_publicize_feature_enabled":true,"jetpack_social_post_already_shared":false,"jetpack_social_options":{"image_generator_settings":{"template":"highway","enabled":false},"version":2},"_wpas_customize_per_network":false,"jetpack_post_was_ever_published":false},"categories":[779228393,33121583,779228355],"tags":[2153715,779255928,779251451,779255687,779255544,779255635,231441829,209682019,779255491,329672548,779255343,316861293,246882346,779255938,779255563,323758207,8096324,162837686,386775547,779255443,779256120,779255992],"class_list":["post-590","post","type-post","status-publish","format-standard","has-post-thumbnail","hentry","category-auto-therapie-et-developpement-personnel","category-lart-therapie","category-therapie-par-lart-du-dessin-et-du-coloriage","tag-art-therapie","tag-art-therapie-et-coloriage","tag-art-therapie-geometrique","tag-bien-etre-par-lart","tag-bienfaits-du-coloriage-adulte","tag-choisir-sa-palette-de-couleurs-selon-ses-emotions","tag-coloriage-adulte","tag-coloriage-anti-stress","tag-coloriage-emotionnel","tag-coloriage-bien-etre","tag-coloriage-meditatif","tag-coloriage-zen","tag-coloriages-pour-adultes","tag-colorier-pour-se-detendre","tag-comment-lart-therapie-aide-a-mieux-se-connaitre","tag-creativite-et-bien-etre","tag-exploration-de-soi","tag-gestion-emotionnelle","tag-introspection-creative","tag-lart-et-therapie","tag-le-pouvoir-des-formes-geometriques-dans-lart","tag-mandala-bien-etre"],"yoast_head":"<!-- This site is optimized with the Yoast SEO plugin v27.4 - https:\/\/yoast.com\/product\/yoast-seo-wordpress\/ -->\n<title>Bienfaits du coloriage g\u00e9om\u00e9trique - Yara Creatyque<\/title>\n<meta name=\"description\" content=\"D\u00e9couvre-en plus sur les bienfaits du coloriage g\u00e9om\u00e9trique, ce que sait la science, pourquoi c&#039;est un outil particulier.\" \/>\n<meta name=\"robots\" content=\"index, follow, max-snippet:-1, max-image-preview:large, max-video-preview:-1\" \/>\n<link rel=\"canonical\" href=\"https:\/\/yaracreatyque.fr\/?p=590\" \/>\n<meta property=\"og:locale\" content=\"fr_FR\" \/>\n<meta property=\"og:type\" content=\"article\" \/>\n<meta property=\"og:title\" content=\"Bienfaits du coloriage g\u00e9om\u00e9trique - Yara Creatyque\" \/>\n<meta property=\"og:description\" content=\"D\u00e9couvre-en plus sur les bienfaits du coloriage g\u00e9om\u00e9trique, ce que sait la science, pourquoi c&#039;est un outil particulier.\" \/>\n<meta property=\"og:url\" content=\"https:\/\/yaracreatyque.fr\/?p=590\" \/>\n<meta property=\"og:site_name\" content=\"Yara Creatyque\" \/>\n<meta property=\"article:published_time\" content=\"2025-03-26T08:12:10+00:00\" \/>\n<meta property=\"article:modified_time\" content=\"2025-04-13T06:45:10+00:00\" \/>\n<meta property=\"og:image\" content=\"https:\/\/yaracreatyque.fr\/wp-content\/uploads\/2025\/03\/Coloriage-bienfaits-science-geometrie.png\" \/>\n\t<meta property=\"og:image:width\" content=\"1200\" \/>\n\t<meta property=\"og:image:height\" content=\"628\" \/>\n\t<meta property=\"og:image:type\" content=\"image\/png\" \/>\n<meta name=\"author\" content=\"Yara\" \/>\n<meta name=\"twitter:card\" content=\"summary_large_image\" \/>\n<meta name=\"twitter:label1\" content=\"\u00c9crit par\" \/>\n\t<meta name=\"twitter:data1\" content=\"Yara\" \/>\n\t<meta name=\"twitter:label2\" content=\"Dur\u00e9e de lecture estim\u00e9e\" \/>\n\t<meta name=\"twitter:data2\" content=\"7 minutes\" \/>\n<script type=\"application\/ld+json\" class=\"yoast-schema-graph\">{\"@context\":\"https:\\\/\\\/schema.org\",\"@graph\":[{\"@type\":\"Article\",\"@id\":\"https:\\\/\\\/yaracreatyque.fr\\\/?p=590#article\",\"isPartOf\":{\"@id\":\"https:\\\/\\\/yaracreatyque.fr\\\/?p=590\"},\"author\":{\"name\":\"Yara\",\"@id\":\"https:\\\/\\\/yaracreatyque.fr\\\/#\\\/schema\\\/person\\\/eb6b12b5443042def80bb9efe0d0b3b1\"},\"headline\":\"\u201cLe Coloriage, un Voyage du Jeu \u00e0 la M\u00e9ditation : Bienfaits, Science et G\u00e9om\u00e9trie\u201d\",\"datePublished\":\"2025-03-26T08:12:10+00:00\",\"dateModified\":\"2025-04-13T06:45:10+00:00\",\"mainEntityOfPage\":{\"@id\":\"https:\\\/\\\/yaracreatyque.fr\\\/?p=590\"},\"wordCount\":1215,\"commentCount\":0,\"publisher\":{\"@id\":\"https:\\\/\\\/yaracreatyque.fr\\\/#organization\"},\"image\":{\"@id\":\"https:\\\/\\\/yaracreatyque.fr\\\/?p=590#primaryimage\"},\"thumbnailUrl\":\"https:\\\/\\\/i0.wp.com\\\/yaracreatyque.fr\\\/wp-content\\\/uploads\\\/2025\\\/03\\\/Coloriage-bienfaits-science-geometrie.png?fit=1200%2C628&ssl=1\",\"keywords\":[\"art-th\u00e9rapie\",\"Art-th\u00e9rapie et coloriage\",\"art-th\u00e9rapie g\u00e9om\u00e9trique\",\"bien-\u00eatre par l'art\",\"Bienfaits du coloriage adulte\",\"Choisir sa palette de couleurs selon ses \u00e9motions\",\"coloriage adulte\",\"Coloriage anti-stress\",\"coloriage \u00e9motionnel\",\"coloriage bien-\u00eatre\",\"Coloriage m\u00e9ditatif\",\"coloriage zen\",\"Coloriages pour adultes\",\"Colorier pour se d\u00e9tendre\",\"Comment l\u2019art-th\u00e9rapie aide \u00e0 mieux se conna\u00eetre\",\"Cr\u00e9ativit\u00e9 et bien-\u00eatre\",\"Exploration de soi\",\"gestion \u00e9motionnelle\",\"introspection cr\u00e9ative\",\"L'art et th\u00e9rapie\",\"Le pouvoir des formes g\u00e9om\u00e9triques dans l\u2019art\",\"Mandala bien-\u00eatre\"],\"articleSection\":[\"Auto-th\u00e9rapie et d\u00e9veloppement personnel\",\"L'art th\u00e9rapie\",\"Th\u00e9rapie par l'art du dessin et du coloriage\"],\"inLanguage\":\"fr-FR\",\"potentialAction\":[{\"@type\":\"CommentAction\",\"name\":\"Comment\",\"target\":[\"https:\\\/\\\/yaracreatyque.fr\\\/?p=590#respond\"]}]},{\"@type\":\"WebPage\",\"@id\":\"https:\\\/\\\/yaracreatyque.fr\\\/?p=590\",\"url\":\"https:\\\/\\\/yaracreatyque.fr\\\/?p=590\",\"name\":\"Bienfaits du coloriage g\u00e9om\u00e9trique - Yara Creatyque\",\"isPartOf\":{\"@id\":\"https:\\\/\\\/yaracreatyque.fr\\\/#website\"},\"primaryImageOfPage\":{\"@id\":\"https:\\\/\\\/yaracreatyque.fr\\\/?p=590#primaryimage\"},\"image\":{\"@id\":\"https:\\\/\\\/yaracreatyque.fr\\\/?p=590#primaryimage\"},\"thumbnailUrl\":\"https:\\\/\\\/i0.wp.com\\\/yaracreatyque.fr\\\/wp-content\\\/uploads\\\/2025\\\/03\\\/Coloriage-bienfaits-science-geometrie.png?fit=1200%2C628&ssl=1\",\"datePublished\":\"2025-03-26T08:12:10+00:00\",\"dateModified\":\"2025-04-13T06:45:10+00:00\",\"description\":\"D\u00e9couvre-en plus sur les bienfaits du coloriage g\u00e9om\u00e9trique, ce que sait la science, pourquoi c'est un outil particulier.\",\"breadcrumb\":{\"@id\":\"https:\\\/\\\/yaracreatyque.fr\\\/?p=590#breadcrumb\"},\"inLanguage\":\"fr-FR\",\"potentialAction\":[{\"@type\":\"ReadAction\",\"target\":[\"https:\\\/\\\/yaracreatyque.fr\\\/?p=590\"]}]},{\"@type\":\"ImageObject\",\"inLanguage\":\"fr-FR\",\"@id\":\"https:\\\/\\\/yaracreatyque.fr\\\/?p=590#primaryimage\",\"url\":\"https:\\\/\\\/i0.wp.com\\\/yaracreatyque.fr\\\/wp-content\\\/uploads\\\/2025\\\/03\\\/Coloriage-bienfaits-science-geometrie.png?fit=1200%2C628&ssl=1\",\"contentUrl\":\"https:\\\/\\\/i0.wp.com\\\/yaracreatyque.fr\\\/wp-content\\\/uploads\\\/2025\\\/03\\\/Coloriage-bienfaits-science-geometrie.png?fit=1200%2C628&ssl=1\",\"width\":1200,\"height\":628,\"caption\":\"Du jeu \u00e0 la m\u00e9ditation, accompagn\u00e9 par la g\u00e9om\u00e9trie scientifiquement\"},{\"@type\":\"BreadcrumbList\",\"@id\":\"https:\\\/\\\/yaracreatyque.fr\\\/?p=590#breadcrumb\",\"itemListElement\":[{\"@type\":\"ListItem\",\"position\":1,\"name\":\"Accueil\",\"item\":\"https:\\\/\\\/yaracreatyque.fr\\\/\"},{\"@type\":\"ListItem\",\"position\":2,\"name\":\"\u201cLe Coloriage, un Voyage du Jeu \u00e0 la M\u00e9ditation : Bienfaits, Science et G\u00e9om\u00e9trie\u201d\"}]},{\"@type\":\"WebSite\",\"@id\":\"https:\\\/\\\/yaracreatyque.fr\\\/#website\",\"url\":\"https:\\\/\\\/yaracreatyque.fr\\\/\",\"name\":\"Yara Creatyque\",\"description\":\"Explorez l&#039;art du coloriage g\u00e9om\u00e9trique et introspectif \u00e0 travers un espace d\u00e9di\u00e9 \u00e0 la cr\u00e9ation et au bien-\u00eatre par le coloriage th\u00e9rapeutique. D\u00e9couvrez des livres de coloriages uniques alliant designs g\u00e9om\u00e9triques modernes et introspection, con\u00e7us pour stimuler la cr\u00e9ativit\u00e9, favoriser la relaxation et encourager l&#039;expression de soi.\",\"publisher\":{\"@id\":\"https:\\\/\\\/yaracreatyque.fr\\\/#organization\"},\"potentialAction\":[{\"@type\":\"SearchAction\",\"target\":{\"@type\":\"EntryPoint\",\"urlTemplate\":\"https:\\\/\\\/yaracreatyque.fr\\\/?s={search_term_string}\"},\"query-input\":{\"@type\":\"PropertyValueSpecification\",\"valueRequired\":true,\"valueName\":\"search_term_string\"}}],\"inLanguage\":\"fr-FR\"},{\"@type\":\"Organization\",\"@id\":\"https:\\\/\\\/yaracreatyque.fr\\\/#organization\",\"name\":\"Yara Creatyque\",\"url\":\"https:\\\/\\\/yaracreatyque.fr\\\/\",\"logo\":{\"@type\":\"ImageObject\",\"inLanguage\":\"fr-FR\",\"@id\":\"https:\\\/\\\/yaracreatyque.fr\\\/#\\\/schema\\\/logo\\\/image\\\/\",\"url\":\"https:\\\/\\\/i0.wp.com\\\/yaracreatyque.fr\\\/wp-content\\\/uploads\\\/2025\\\/04\\\/cropped-logo-yara-creatyque.png?fit=760%2C100&ssl=1\",\"contentUrl\":\"https:\\\/\\\/i0.wp.com\\\/yaracreatyque.fr\\\/wp-content\\\/uploads\\\/2025\\\/04\\\/cropped-logo-yara-creatyque.png?fit=760%2C100&ssl=1\",\"width\":760,\"height\":100,\"caption\":\"Yara Creatyque\"},\"image\":{\"@id\":\"https:\\\/\\\/yaracreatyque.fr\\\/#\\\/schema\\\/logo\\\/image\\\/\"}},{\"@type\":\"Person\",\"@id\":\"https:\\\/\\\/yaracreatyque.fr\\\/#\\\/schema\\\/person\\\/eb6b12b5443042def80bb9efe0d0b3b1\",\"name\":\"Yara\",\"image\":{\"@type\":\"ImageObject\",\"inLanguage\":\"fr-FR\",\"@id\":\"https:\\\/\\\/secure.gravatar.com\\\/avatar\\\/efd2cac8022c1412d4c307ac3673692a775ca432d7ec66f29449f6befb6dc021?s=96&d=identicon&r=g\",\"url\":\"https:\\\/\\\/secure.gravatar.com\\\/avatar\\\/efd2cac8022c1412d4c307ac3673692a775ca432d7ec66f29449f6befb6dc021?s=96&d=identicon&r=g\",\"contentUrl\":\"https:\\\/\\\/secure.gravatar.com\\\/avatar\\\/efd2cac8022c1412d4c307ac3673692a775ca432d7ec66f29449f6befb6dc021?s=96&d=identicon&r=g\",\"caption\":\"Yara\"},\"description\":\"Artiste d'illustrations g\u00e9om\u00e9triques et auteure de livres auto-\u00e9dit\u00e9s\",\"sameAs\":[\"http:\\\/\\\/yaracreatyque.fr\"],\"url\":\"https:\\\/\\\/yaracreatyque.fr\\\/?author=263724410\"}]}<\/script>\n<!-- \/ Yoast SEO plugin. -->","yoast_head_json":{"title":"Bienfaits du coloriage g\u00e9om\u00e9trique - Yara Creatyque","description":"D\u00e9couvre-en plus sur les bienfaits du coloriage g\u00e9om\u00e9trique, ce que sait la science, pourquoi c'est un outil particulier.","robots":{"index":"index","follow":"follow","max-snippet":"max-snippet:-1","max-image-preview":"max-image-preview:large","max-video-preview":"max-video-preview:-1"},"canonical":"https:\/\/yaracreatyque.fr\/?p=590","og_locale":"fr_FR","og_type":"article","og_title":"Bienfaits du coloriage g\u00e9om\u00e9trique - Yara Creatyque","og_description":"D\u00e9couvre-en plus sur les bienfaits du coloriage g\u00e9om\u00e9trique, ce que sait la science, pourquoi c'est un outil particulier.","og_url":"https:\/\/yaracreatyque.fr\/?p=590","og_site_name":"Yara Creatyque","article_published_time":"2025-03-26T08:12:10+00:00","article_modified_time":"2025-04-13T06:45:10+00:00","og_image":[{"width":1200,"height":628,"url":"https:\/\/yaracreatyque.fr\/wp-content\/uploads\/2025\/03\/Coloriage-bienfaits-science-geometrie.png","type":"image\/png"}],"author":"Yara","twitter_card":"summary_large_image","twitter_misc":{"\u00c9crit par":"Yara","Dur\u00e9e de lecture estim\u00e9e":"7 minutes"},"schema":{"@context":"https:\/\/schema.org","@graph":[{"@type":"Article","@id":"https:\/\/yaracreatyque.fr\/?p=590#article","isPartOf":{"@id":"https:\/\/yaracreatyque.fr\/?p=590"},"author":{"name":"Yara","@id":"https:\/\/yaracreatyque.fr\/#\/schema\/person\/eb6b12b5443042def80bb9efe0d0b3b1"},"headline":"\u201cLe Coloriage, un Voyage du Jeu \u00e0 la M\u00e9ditation : Bienfaits, Science et G\u00e9om\u00e9trie\u201d","datePublished":"2025-03-26T08:12:10+00:00","dateModified":"2025-04-13T06:45:10+00:00","mainEntityOfPage":{"@id":"https:\/\/yaracreatyque.fr\/?p=590"},"wordCount":1215,"commentCount":0,"publisher":{"@id":"https:\/\/yaracreatyque.fr\/#organization"},"image":{"@id":"https:\/\/yaracreatyque.fr\/?p=590#primaryimage"},"thumbnailUrl":"https:\/\/i0.wp.com\/yaracreatyque.fr\/wp-content\/uploads\/2025\/03\/Coloriage-bienfaits-science-geometrie.png?fit=1200%2C628&ssl=1","keywords":["art-th\u00e9rapie","Art-th\u00e9rapie et coloriage","art-th\u00e9rapie g\u00e9om\u00e9trique","bien-\u00eatre par l'art","Bienfaits du coloriage adulte","Choisir sa palette de couleurs selon ses \u00e9motions","coloriage adulte","Coloriage anti-stress","coloriage \u00e9motionnel","coloriage bien-\u00eatre","Coloriage m\u00e9ditatif","coloriage zen","Coloriages pour adultes","Colorier pour se d\u00e9tendre","Comment l\u2019art-th\u00e9rapie aide \u00e0 mieux se conna\u00eetre","Cr\u00e9ativit\u00e9 et bien-\u00eatre","Exploration de soi","gestion \u00e9motionnelle","introspection cr\u00e9ative","L'art et th\u00e9rapie","Le pouvoir des formes g\u00e9om\u00e9triques dans l\u2019art","Mandala bien-\u00eatre"],"articleSection":["Auto-th\u00e9rapie et d\u00e9veloppement personnel","L'art th\u00e9rapie","Th\u00e9rapie par l'art du dessin et du coloriage"],"inLanguage":"fr-FR","potentialAction":[{"@type":"CommentAction","name":"Comment","target":["https:\/\/yaracreatyque.fr\/?p=590#respond"]}]},{"@type":"WebPage","@id":"https:\/\/yaracreatyque.fr\/?p=590","url":"https:\/\/yaracreatyque.fr\/?p=590","name":"Bienfaits du coloriage g\u00e9om\u00e9trique - Yara Creatyque","isPartOf":{"@id":"https:\/\/yaracreatyque.fr\/#website"},"primaryImageOfPage":{"@id":"https:\/\/yaracreatyque.fr\/?p=590#primaryimage"},"image":{"@id":"https:\/\/yaracreatyque.fr\/?p=590#primaryimage"},"thumbnailUrl":"https:\/\/i0.wp.com\/yaracreatyque.fr\/wp-content\/uploads\/2025\/03\/Coloriage-bienfaits-science-geometrie.png?fit=1200%2C628&ssl=1","datePublished":"2025-03-26T08:12:10+00:00","dateModified":"2025-04-13T06:45:10+00:00","description":"D\u00e9couvre-en plus sur les bienfaits du coloriage g\u00e9om\u00e9trique, ce que sait la science, pourquoi c'est un outil particulier.","breadcrumb":{"@id":"https:\/\/yaracreatyque.fr\/?p=590#breadcrumb"},"inLanguage":"fr-FR","potentialAction":[{"@type":"ReadAction","target":["https:\/\/yaracreatyque.fr\/?p=590"]}]},{"@type":"ImageObject","inLanguage":"fr-FR","@id":"https:\/\/yaracreatyque.fr\/?p=590#primaryimage","url":"https:\/\/i0.wp.com\/yaracreatyque.fr\/wp-content\/uploads\/2025\/03\/Coloriage-bienfaits-science-geometrie.png?fit=1200%2C628&ssl=1","contentUrl":"https:\/\/i0.wp.com\/yaracreatyque.fr\/wp-content\/uploads\/2025\/03\/Coloriage-bienfaits-science-geometrie.png?fit=1200%2C628&ssl=1","width":1200,"height":628,"caption":"Du jeu \u00e0 la m\u00e9ditation, accompagn\u00e9 par la g\u00e9om\u00e9trie scientifiquement"},{"@type":"BreadcrumbList","@id":"https:\/\/yaracreatyque.fr\/?p=590#breadcrumb","itemListElement":[{"@type":"ListItem","position":1,"name":"Accueil","item":"https:\/\/yaracreatyque.fr\/"},{"@type":"ListItem","position":2,"name":"\u201cLe Coloriage, un Voyage du Jeu \u00e0 la M\u00e9ditation : Bienfaits, Science et G\u00e9om\u00e9trie\u201d"}]},{"@type":"WebSite","@id":"https:\/\/yaracreatyque.fr\/#website","url":"https:\/\/yaracreatyque.fr\/","name":"Yara Creatyque","description":"Explorez l&#039;art du coloriage g\u00e9om\u00e9trique et introspectif \u00e0 travers un espace d\u00e9di\u00e9 \u00e0 la cr\u00e9ation et au bien-\u00eatre par le coloriage th\u00e9rapeutique. D\u00e9couvrez des livres de coloriages uniques alliant designs g\u00e9om\u00e9triques modernes et introspection, con\u00e7us pour stimuler la cr\u00e9ativit\u00e9, favoriser la relaxation et encourager l&#039;expression de soi.","publisher":{"@id":"https:\/\/yaracreatyque.fr\/#organization"},"potentialAction":[{"@type":"SearchAction","target":{"@type":"EntryPoint","urlTemplate":"https:\/\/yaracreatyque.fr\/?s={search_term_string}"},"query-input":{"@type":"PropertyValueSpecification","valueRequired":true,"valueName":"search_term_string"}}],"inLanguage":"fr-FR"},{"@type":"Organization","@id":"https:\/\/yaracreatyque.fr\/#organization","name":"Yara Creatyque","url":"https:\/\/yaracreatyque.fr\/","logo":{"@type":"ImageObject","inLanguage":"fr-FR","@id":"https:\/\/yaracreatyque.fr\/#\/schema\/logo\/image\/","url":"https:\/\/i0.wp.com\/yaracreatyque.fr\/wp-content\/uploads\/2025\/04\/cropped-logo-yara-creatyque.png?fit=760%2C100&ssl=1","contentUrl":"https:\/\/i0.wp.com\/yaracreatyque.fr\/wp-content\/uploads\/2025\/04\/cropped-logo-yara-creatyque.png?fit=760%2C100&ssl=1","width":760,"height":100,"caption":"Yara Creatyque"},"image":{"@id":"https:\/\/yaracreatyque.fr\/#\/schema\/logo\/image\/"}},{"@type":"Person","@id":"https:\/\/yaracreatyque.fr\/#\/schema\/person\/eb6b12b5443042def80bb9efe0d0b3b1","name":"Yara","image":{"@type":"ImageObject","inLanguage":"fr-FR","@id":"https:\/\/secure.gravatar.com\/avatar\/efd2cac8022c1412d4c307ac3673692a775ca432d7ec66f29449f6befb6dc021?s=96&d=identicon&r=g","url":"https:\/\/secure.gravatar.com\/avatar\/efd2cac8022c1412d4c307ac3673692a775ca432d7ec66f29449f6befb6dc021?s=96&d=identicon&r=g","contentUrl":"https:\/\/secure.gravatar.com\/avatar\/efd2cac8022c1412d4c307ac3673692a775ca432d7ec66f29449f6befb6dc021?s=96&d=identicon&r=g","caption":"Yara"},"description":"Artiste d'illustrations g\u00e9om\u00e9triques et auteure de livres auto-\u00e9dit\u00e9s","sameAs":["http:\/\/yaracreatyque.fr"],"url":"https:\/\/yaracreatyque.fr\/?author=263724410"}]}},"jetpack_publicize_connections":[],"jetpack_featured_media_url":"https:\/\/i0.wp.com\/yaracreatyque.fr\/wp-content\/uploads\/2025\/03\/Coloriage-bienfaits-science-geometrie.png?fit=1200%2C628&ssl=1","jetpack_likes_enabled":true,"jetpack_sharing_enabled":true,"jetpack_shortlink":"https:\/\/wp.me\/pgr1n1-9w","jetpack-related-posts":[],"_links":{"self":[{"href":"https:\/\/yaracreatyque.fr\/index.php?rest_route=\/wp\/v2\/posts\/590","targetHints":{"allow":["GET"]}}],"collection":[{"href":"https:\/\/yaracreatyque.fr\/index.php?rest_route=\/wp\/v2\/posts"}],"about":[{"href":"https:\/\/yaracreatyque.fr\/index.php?rest_route=\/wp\/v2\/types\/post"}],"author":[{"embeddable":true,"href":"https:\/\/yaracreatyque.fr\/index.php?rest_route=\/wp\/v2\/users\/263724410"}],"replies":[{"embeddable":true,"href":"https:\/\/yaracreatyque.fr\/index.php?rest_route=%2Fwp%2Fv2%2Fcomments&post=590"}],"version-history":[{"count":40,"href":"https:\/\/yaracreatyque.fr\/index.php?rest_route=\/wp\/v2\/posts\/590\/revisions"}],"predecessor-version":[{"id":2211,"href":"https:\/\/yaracreatyque.fr\/index.php?rest_route=\/wp\/v2\/posts\/590\/revisions\/2211"}],"wp:featuredmedia":[{"embeddable":true,"href":"https:\/\/yaracreatyque.fr\/index.php?rest_route=\/wp\/v2\/media\/2171"}],"wp:attachment":[{"href":"https:\/\/yaracreatyque.fr\/index.php?rest_route=%2Fwp%2Fv2%2Fmedia&parent=590"}],"wp:term":[{"taxonomy":"category","embeddable":true,"href":"https:\/\/yaracreatyque.fr\/index.php?rest_route=%2Fwp%2Fv2%2Fcategories&post=590"},{"taxonomy":"post_tag","embeddable":true,"href":"https:\/\/yaracreatyque.fr\/index.php?rest_route=%2Fwp%2Fv2%2Ftags&post=590"}],"curies":[{"name":"wp","href":"https:\/\/api.w.org\/{rel}","templated":true}]}}