{"id":775,"date":"2025-04-12T15:11:37","date_gmt":"2025-04-12T13:11:37","guid":{"rendered":"https:\/\/yaracreatyque.fr\/?p=775"},"modified":"2025-04-14T00:30:34","modified_gmt":"2025-04-13T22:30:34","slug":"significations-de-yara-creatyque","status":"publish","type":"post","link":"https:\/\/yaracreatyque.fr\/?p=775","title":{"rendered":"\u00c0 la D\u00e9couverte des Significations Profondes du Nom Yara Creatyque"},"content":{"rendered":"\n<div style=\"height:33px\" aria-hidden=\"true\" class=\"wp-block-spacer\"><\/div>\n\n\n\n<p class=\"has-text-align-center wp-block-paragraph\">Significations de Yara Creatyque, symboles et sens cach\u00e9s.<\/p>\n\n\n\n<div style=\"height:33px\" aria-hidden=\"true\" class=\"wp-block-spacer\"><\/div>\n\n\n\n<p class=\"has-text-align-center wp-block-paragraph\"><strong>Et si un nom portait en lui les traces d\u2019un voyage int\u00e9rieur ?<\/strong><br>Celui-ci n\u2019est pas simplement un pseudonyme artistique, mais une porte ouverte sur une qu\u00eate d&rsquo;identit\u00e9, de sens et de vibration.<\/p>\n\n\n\n<p class=\"has-text-align-center wp-block-paragraph\"><br>Dans cet article, je t\u2019invite \u00e0 d\u00e9couvrir comment j\u2019ai explor\u00e9 les symboliques, les sonorit\u00e9s, les racines et les r\u00e9sonances de ce nom pour y d\u00e9couvrir et y ancrer mon identit\u00e9 ainsi qu&rsquo;y reconnaitre mes intentions profondes.<\/p>\n\n\n\n<p class=\"has-text-align-center wp-block-paragraph\"><br>Peut-\u00eatre que cette d\u00e9marche te donnera aussi des cl\u00e9s pour explorer ton propre pr\u00e9nom, ou celui de ton projet, comme un miroir de ce que tu portes et souhaites partager.<\/p>\n\n\n\n<div style=\"height:33px\" aria-hidden=\"true\" class=\"wp-block-spacer\"><\/div>\n\n\n<div class=\"wp-block-post-time-to-read\">22\u201333 minutes<\/div>\n\n\n<div style=\"height:33px\" aria-hidden=\"true\" class=\"wp-block-spacer\"><\/div>\n\n\n\n<h3 class=\"wp-block-heading has-text-align-center\"><strong>Voyage \u00e0 Travers le Nom \u00ab\u00a0Yara Creatyque\u00a0\u00bb<\/strong><\/h3>\n\n\n\n<div style=\"height:33px\" aria-hidden=\"true\" class=\"wp-block-spacer\"><\/div>\n\n\n\n<p class=\"has-text-align-center wp-block-paragraph\">Le nom <strong>Yara Creatyque<\/strong> n\u2019est pas simplement une combinaison de mots, mais un reflet de mon parcours, de mes influences, et de mon approche artistique. <\/p>\n\n\n\n<p class=\"has-text-align-center wp-block-paragraph\">Il incarne \u00e0 la fois ma g\u00e9n\u00e9ration, mes racines, et ma qu\u00eate constante de cr\u00e9ation et d\u2019expression. <\/p>\n\n\n\n<p class=\"has-text-align-center wp-block-paragraph\">Chaque \u00e9l\u00e9ment de ce nom a \u00e9t\u00e9 choisi avec soin, charg\u00e9 de significations profondes et personnelles, que je souhaite aujourd\u2019hui partager avec vous.<\/p>\n\n\n\n<div style=\"height:33px\" aria-hidden=\"true\" class=\"wp-block-spacer\"><\/div>\n\n\n\n<h4 class=\"wp-block-heading has-text-align-center\"><strong>YARA : Une Exploration des Symboles et des Cultures<\/strong><\/h4>\n\n\n\n<div style=\"height:33px\" aria-hidden=\"true\" class=\"wp-block-spacer\"><\/div>\n\n\n\n<p class=\"has-text-align-center wp-block-paragraph\">Le choix du nom <strong>Yara<\/strong> est avant tout un clin d&rsquo;\u0153il \u00e0 ma propre appartenance \u00e0 la g\u00e9n\u00e9ration <strong>Y<\/strong>, souvent appel\u00e9e la \u00ab\u00a0g\u00e9n\u00e9ration mill\u00e9naire\u00a0\u00bb. <\/p>\n\n\n\n<p class=\"has-text-align-center wp-block-paragraph\">Ce terme, qui d\u00e9signe une p\u00e9riode particuli\u00e8re de l\u2019histoire, est aussi un symbole de la cr\u00e9ativit\u00e9 et de l\u2019\u00e9volution qui marquent notre \u00e9poque.<\/p>\n\n\n\n<div style=\"height:33px\" aria-hidden=\"true\" class=\"wp-block-spacer\"><\/div>\n\n\n\n<p class=\"has-text-align-center wp-block-paragraph\">Le son <strong>ARA<\/strong> dans <strong>Yara<\/strong> m\u2019\u00e9voque plusieurs choses. <\/p>\n\n\n\n<p class=\"has-text-align-center wp-block-paragraph\">En premier lieu, il me rappelle le <strong>perroquet Ara<\/strong>, un oiseau vibrant, connu pour ses plumes color\u00e9es et sa capacit\u00e9 \u00e0 r\u00e9p\u00e9ter ce qu\u2019il entend. <\/p>\n\n\n\n<p class=\"has-text-align-center wp-block-paragraph\">Cela fait \u00e9cho \u00e0 ma propre d\u00e9marche artistique, qui consiste \u00e0 reformuler, \u00e0 copier, \u00e0 adapter et \u00e0 partager le monde \u00e0 travers mon propre prisme, en utilisant des couleurs et des formes pour exprimer des id\u00e9es. <\/p>\n\n\n\n<p class=\"has-text-align-center wp-block-paragraph\"><strong>Ara<\/strong> signifie aussi \u00ab\u00a0opinions\u00a0\u00bb en arabe, ce qui, pour moi, fait \u00e9cho \u00e0 l\u2019id\u00e9e de donner la parole, de partager des id\u00e9es et d\u2019offrir des perspectives personnelles \u00e0 travers l\u2019art.<\/p>\n\n\n\n<p class=\"has-text-align-center wp-block-paragraph\">Dans une autre perspective, <strong>ARA<\/strong> en persan signifie \u00ab\u00a0orner\u00a0\u00bb ou \u00ab\u00a0d\u00e9corer\u00a0\u00bb, ce qui trouve un \u00e9cho dans ma volont\u00e9 de parer chaque cr\u00e9ation d\u2019une beaut\u00e9 visuelle unique, tout en offrant une interpr\u00e9tation personnelle et subjective des formes. <\/p>\n\n\n\n<p class=\"has-text-align-center wp-block-paragraph\">Enfin, <strong>ARA<\/strong> peut faire r\u00e9f\u00e9rence \u00e0 l\u2019acronyme <strong>Audience de R\u00e8glement Amiable (ARA)<\/strong>, qui repr\u00e9sente un processus de r\u00e9solution pacifique des conflits. Cette id\u00e9e d\u2019\u00e9quilibre et d\u2019harmonie s&rsquo;int\u00e8gre parfaitement dans ma philosophie artistique. L&rsquo;interpr\u00e9tation de conflits internes cach\u00e9s derri\u00e8re la conscience et la pratique comme un processus de mise en \u00e9vidence et de \u00ab\u00a0r\u00e9solution\u00a0\u00bb.<\/p>\n\n\n\n<p class=\"has-text-align-center wp-block-paragraph\">Enfin, le pr\u00e9nom <strong>Ara<\/strong> en h\u00e9breu signifie \u00ab\u00a0lumi\u00e8re\u00a0\u00bb, une m\u00e9taphore \u00e9vidente pour l&rsquo;inspiration, l\u2019\u00e9clat cr\u00e9atif et l&rsquo;illumination int\u00e9rieure que je cherche \u00e0 partager \u00e0 travers mes cr\u00e9ations.<\/p>\n\n\n\n<div style=\"height:33px\" aria-hidden=\"true\" class=\"wp-block-spacer\"><\/div>\n\n\n\n<figure data-wp-context=\"{&quot;imageId&quot;:&quot;69f489a1dcd19&quot;}\" data-wp-interactive=\"core\/image\" data-wp-key=\"69f489a1dcd19\" class=\"wp-block-image size-large wp-lightbox-container\"><img data-recalc-dims=\"1\" loading=\"lazy\" decoding=\"async\" width=\"1024\" height=\"576\" data-attachment-id=\"2060\" data-permalink=\"https:\/\/yaracreatyque.fr\/?attachment_id=2060\" data-orig-file=\"https:\/\/i0.wp.com\/yaracreatyque.fr\/wp-content\/uploads\/2025\/03\/illustration-femme-paisible-style-geometrique-artistique-papillons.jpg?fit=1920%2C1080&amp;ssl=1\" data-orig-size=\"1920,1080\" data-comments-opened=\"1\" data-image-meta=\"{&quot;aperture&quot;:&quot;0&quot;,&quot;credit&quot;:&quot;&quot;,&quot;camera&quot;:&quot;&quot;,&quot;caption&quot;:&quot;&quot;,&quot;created_timestamp&quot;:&quot;0&quot;,&quot;copyright&quot;:&quot;&quot;,&quot;focal_length&quot;:&quot;0&quot;,&quot;iso&quot;:&quot;0&quot;,&quot;shutter_speed&quot;:&quot;0&quot;,&quot;title&quot;:&quot;&quot;,&quot;orientation&quot;:&quot;1&quot;}\" data-image-title=\"illustration femme paisible style ge\u0301ome\u0301trique artistique papillons\" data-image-description=\"&lt;p&gt;illustration inspiration yara creatyque&lt;\/p&gt;\n\" data-image-caption=\"&lt;p&gt;illustration inspiration yara creatyque&lt;\/p&gt;\n\" data-large-file=\"https:\/\/i0.wp.com\/yaracreatyque.fr\/wp-content\/uploads\/2025\/03\/illustration-femme-paisible-style-geometrique-artistique-papillons.jpg?fit=1024%2C576&amp;ssl=1\" data-wp-class--hide=\"state.isContentHidden\" data-wp-class--show=\"state.isContentVisible\" data-wp-init=\"callbacks.setButtonStyles\" data-wp-on--click=\"actions.showLightbox\" data-wp-on--load=\"callbacks.setButtonStyles\" data-wp-on--pointerdown=\"actions.preloadImage\" data-wp-on--pointerenter=\"actions.preloadImageWithDelay\" data-wp-on--pointerleave=\"actions.cancelPreload\" data-wp-on-window--resize=\"callbacks.setButtonStyles\" src=\"https:\/\/i0.wp.com\/yaracreatyque.fr\/wp-content\/uploads\/2025\/03\/illustration-femme-paisible-style-geometrique-artistique-papillons.jpg?resize=1024%2C576&#038;ssl=1\" alt=\"illustration inspiration yara creatyque\" class=\"wp-image-2060\" srcset=\"https:\/\/i0.wp.com\/yaracreatyque.fr\/wp-content\/uploads\/2025\/03\/illustration-femme-paisible-style-geometrique-artistique-papillons.jpg?resize=1024%2C576&amp;ssl=1 1024w, https:\/\/i0.wp.com\/yaracreatyque.fr\/wp-content\/uploads\/2025\/03\/illustration-femme-paisible-style-geometrique-artistique-papillons.jpg?resize=300%2C169&amp;ssl=1 300w, https:\/\/i0.wp.com\/yaracreatyque.fr\/wp-content\/uploads\/2025\/03\/illustration-femme-paisible-style-geometrique-artistique-papillons.jpg?resize=768%2C432&amp;ssl=1 768w, https:\/\/i0.wp.com\/yaracreatyque.fr\/wp-content\/uploads\/2025\/03\/illustration-femme-paisible-style-geometrique-artistique-papillons.jpg?resize=1536%2C864&amp;ssl=1 1536w, https:\/\/i0.wp.com\/yaracreatyque.fr\/wp-content\/uploads\/2025\/03\/illustration-femme-paisible-style-geometrique-artistique-papillons.jpg?resize=18%2C10&amp;ssl=1 18w, https:\/\/i0.wp.com\/yaracreatyque.fr\/wp-content\/uploads\/2025\/03\/illustration-femme-paisible-style-geometrique-artistique-papillons.jpg?resize=600%2C338&amp;ssl=1 600w, https:\/\/i0.wp.com\/yaracreatyque.fr\/wp-content\/uploads\/2025\/03\/illustration-femme-paisible-style-geometrique-artistique-papillons.jpg?w=1920&amp;ssl=1 1920w\" sizes=\"auto, (max-width: 1000px) 100vw, 1000px\" \/><button\n\t\t\tclass=\"lightbox-trigger\"\n\t\t\ttype=\"button\"\n\t\t\taria-haspopup=\"dialog\"\n\t\t\tdata-wp-bind--aria-label=\"state.thisImage.triggerButtonAriaLabel\"\n\t\t\tdata-wp-init=\"callbacks.initTriggerButton\"\n\t\t\tdata-wp-on--click=\"actions.showLightbox\"\n\t\t\tdata-wp-style--right=\"state.thisImage.buttonRight\"\n\t\t\tdata-wp-style--top=\"state.thisImage.buttonTop\"\n\t\t>\n\t\t\t<svg xmlns=\"http:\/\/www.w3.org\/2000\/svg\" width=\"12\" height=\"12\" fill=\"none\" viewBox=\"0 0 12 12\">\n\t\t\t\t<path fill=\"#fff\" d=\"M2 0a2 2 0 0 0-2 2v2h1.5V2a.5.5 0 0 1 .5-.5h2V0H2Zm2 10.5H2a.5.5 0 0 1-.5-.5V8H0v2a2 2 0 0 0 2 2h2v-1.5ZM8 12v-1.5h2a.5.5 0 0 0 .5-.5V8H12v2a2 2 0 0 1-2 2H8Zm2-12a2 2 0 0 1 2 2v2h-1.5V2a.5.5 0 0 0-.5-.5H8V0h2Z\" \/>\n\t\t\t<\/svg>\n\t\t<\/button><\/figure>\n\n\n\n<div style=\"height:33px\" aria-hidden=\"true\" class=\"wp-block-spacer\"><\/div>\n\n\n\n<h4 class=\"wp-block-heading\"> <strong>CREATYQUE : Fusion de Cr\u00e9ation et d\u2019Expression<\/strong><\/h4>\n\n\n\n<p class=\"has-text-align-center wp-block-paragraph\">Le suffixe <strong>Creatyque<\/strong> fait \u00e9cho \u00e0 mon intention de mettre l\u2019accent sur la <strong>cr\u00e9ation<\/strong> et l\u2019exploration des moyens de stimuler la <strong>cr\u00e9ativit\u00e9<\/strong>. <\/p>\n\n\n\n<p class=\"has-text-align-center wp-block-paragraph\">Il est un amalgame de <strong>cr\u00e9atif<\/strong> et de <strong>cr\u00e9ation<\/strong>, un terme invent\u00e9 pour souligner l&rsquo;id\u00e9e d\u2019un processus continu d\u2019imagination, de production artistique et de d\u00e9veloppement personnel.<\/p>\n\n\n\n<p class=\"has-text-align-center wp-block-paragraph\">Je suis particuli\u00e8rement attach\u00e9e \u00e0 l\u2019id\u00e9e de la <strong>g\u00e9n\u00e9ration Y<\/strong> \u2014 d\u2019o\u00f9 le rappel de la lettre <strong>Y<\/strong> dans <strong>Creatyque<\/strong>. <\/p>\n\n\n\n<p class=\"has-text-align-center wp-block-paragraph\">Elle symbolise, pour moi, le moment de la vie o\u00f9 l\u2019on se trouve \u00e0 la crois\u00e9e des chemins, entre le pass\u00e9 et le futur, o\u00f9 l\u2019on cr\u00e9e et forge son propre chemin. <\/p>\n\n\n\n<p class=\"has-text-align-center wp-block-paragraph\">La lettre <strong>Y<\/strong> est aussi celle de la bifurcation : c\u2019est l&rsquo;endroit o\u00f9 l\u2019on doit faire des choix, tout en \u00e9tant ouvert aux possibilit\u00e9s infinies.<\/p>\n\n\n\n<p class=\"has-text-align-center wp-block-paragraph\">Le suffixe <strong>-tique<\/strong>, comme dans <strong>\u00ab\u00a0cr\u00e9atique\u00a0\u00bb<\/strong>, est un terme qui \u00e9voque les techniques, les m\u00e9thodes et les processus li\u00e9s \u00e0 l\u2019art et \u00e0 la cr\u00e9ation. <\/p>\n\n\n\n<p class=\"has-text-align-center wp-block-paragraph\">Il repr\u00e9sente \u00e9galement la capacit\u00e9 \u00e0 fa\u00e7onner, \u00e0 imaginer, \u00e0 donner naissance \u00e0 quelque chose de nouveau et de significatif. <\/p>\n\n\n\n<p class=\"has-text-align-center wp-block-paragraph\">C\u2019est un terme qui fait \u00e9cho \u00e0 l\u2019id\u00e9e de transformer des pens\u00e9es abstraites en cr\u00e9ations concr\u00e8tes, que ce soit sous forme de dessins, d\u2019\u0153uvres ou d\u2019exp\u00e9riences.<\/p>\n\n\n\n<div style=\"height:33px\" aria-hidden=\"true\" class=\"wp-block-spacer\"><\/div>\n\n\n\n<figure data-wp-context=\"{&quot;imageId&quot;:&quot;69f489a1dd81f&quot;}\" data-wp-interactive=\"core\/image\" data-wp-key=\"69f489a1dd81f\" class=\"wp-block-image size-large wp-lightbox-container\"><img data-recalc-dims=\"1\" loading=\"lazy\" decoding=\"async\" width=\"1024\" height=\"576\" data-attachment-id=\"2059\" data-permalink=\"https:\/\/yaracreatyque.fr\/?attachment_id=2059\" data-orig-file=\"https:\/\/i0.wp.com\/yaracreatyque.fr\/wp-content\/uploads\/2025\/03\/attrape-reve-geometrique-style-futuriste-artistique.jpg?fit=1920%2C1080&amp;ssl=1\" data-orig-size=\"1920,1080\" data-comments-opened=\"1\" data-image-meta=\"{&quot;aperture&quot;:&quot;0&quot;,&quot;credit&quot;:&quot;&quot;,&quot;camera&quot;:&quot;&quot;,&quot;caption&quot;:&quot;&quot;,&quot;created_timestamp&quot;:&quot;0&quot;,&quot;copyright&quot;:&quot;&quot;,&quot;focal_length&quot;:&quot;0&quot;,&quot;iso&quot;:&quot;0&quot;,&quot;shutter_speed&quot;:&quot;0&quot;,&quot;title&quot;:&quot;&quot;,&quot;orientation&quot;:&quot;1&quot;}\" data-image-title=\"attrape re\u0302ve ge\u0301ome\u0301trique style futuriste artistique\" data-image-description=\"&lt;p&gt;attrape r\u00eave g\u00e9om\u00e9trique creatyque&lt;\/p&gt;\n\" data-image-caption=\"\" data-large-file=\"https:\/\/i0.wp.com\/yaracreatyque.fr\/wp-content\/uploads\/2025\/03\/attrape-reve-geometrique-style-futuriste-artistique.jpg?fit=1024%2C576&amp;ssl=1\" data-wp-class--hide=\"state.isContentHidden\" data-wp-class--show=\"state.isContentVisible\" data-wp-init=\"callbacks.setButtonStyles\" data-wp-on--click=\"actions.showLightbox\" data-wp-on--load=\"callbacks.setButtonStyles\" data-wp-on--pointerdown=\"actions.preloadImage\" data-wp-on--pointerenter=\"actions.preloadImageWithDelay\" data-wp-on--pointerleave=\"actions.cancelPreload\" data-wp-on-window--resize=\"callbacks.setButtonStyles\" src=\"https:\/\/i0.wp.com\/yaracreatyque.fr\/wp-content\/uploads\/2025\/03\/attrape-reve-geometrique-style-futuriste-artistique.jpg?resize=1024%2C576&#038;ssl=1\" alt=\"attrape r\u00eave creatyque\" class=\"wp-image-2059\" srcset=\"https:\/\/i0.wp.com\/yaracreatyque.fr\/wp-content\/uploads\/2025\/03\/attrape-reve-geometrique-style-futuriste-artistique.jpg?resize=1024%2C576&amp;ssl=1 1024w, https:\/\/i0.wp.com\/yaracreatyque.fr\/wp-content\/uploads\/2025\/03\/attrape-reve-geometrique-style-futuriste-artistique.jpg?resize=300%2C169&amp;ssl=1 300w, https:\/\/i0.wp.com\/yaracreatyque.fr\/wp-content\/uploads\/2025\/03\/attrape-reve-geometrique-style-futuriste-artistique.jpg?resize=768%2C432&amp;ssl=1 768w, https:\/\/i0.wp.com\/yaracreatyque.fr\/wp-content\/uploads\/2025\/03\/attrape-reve-geometrique-style-futuriste-artistique.jpg?resize=1536%2C864&amp;ssl=1 1536w, https:\/\/i0.wp.com\/yaracreatyque.fr\/wp-content\/uploads\/2025\/03\/attrape-reve-geometrique-style-futuriste-artistique.jpg?resize=18%2C10&amp;ssl=1 18w, https:\/\/i0.wp.com\/yaracreatyque.fr\/wp-content\/uploads\/2025\/03\/attrape-reve-geometrique-style-futuriste-artistique.jpg?resize=600%2C338&amp;ssl=1 600w, https:\/\/i0.wp.com\/yaracreatyque.fr\/wp-content\/uploads\/2025\/03\/attrape-reve-geometrique-style-futuriste-artistique.jpg?w=1920&amp;ssl=1 1920w\" sizes=\"auto, (max-width: 1000px) 100vw, 1000px\" \/><button\n\t\t\tclass=\"lightbox-trigger\"\n\t\t\ttype=\"button\"\n\t\t\taria-haspopup=\"dialog\"\n\t\t\tdata-wp-bind--aria-label=\"state.thisImage.triggerButtonAriaLabel\"\n\t\t\tdata-wp-init=\"callbacks.initTriggerButton\"\n\t\t\tdata-wp-on--click=\"actions.showLightbox\"\n\t\t\tdata-wp-style--right=\"state.thisImage.buttonRight\"\n\t\t\tdata-wp-style--top=\"state.thisImage.buttonTop\"\n\t\t>\n\t\t\t<svg xmlns=\"http:\/\/www.w3.org\/2000\/svg\" width=\"12\" height=\"12\" fill=\"none\" viewBox=\"0 0 12 12\">\n\t\t\t\t<path fill=\"#fff\" d=\"M2 0a2 2 0 0 0-2 2v2h1.5V2a.5.5 0 0 1 .5-.5h2V0H2Zm2 10.5H2a.5.5 0 0 1-.5-.5V8H0v2a2 2 0 0 0 2 2h2v-1.5ZM8 12v-1.5h2a.5.5 0 0 0 .5-.5V8H12v2a2 2 0 0 1-2 2H8Zm2-12a2 2 0 0 1 2 2v2h-1.5V2a.5.5 0 0 0-.5-.5H8V0h2Z\" \/>\n\t\t\t<\/svg>\n\t\t<\/button><\/figure>\n\n\n\n<div style=\"height:33px\" aria-hidden=\"true\" class=\"wp-block-spacer\"><\/div>\n\n\n\n<h4 class=\"wp-block-heading has-text-align-center\"><strong>Un Voyage Personnel et Universel \u00e0 Travers le Nom<\/strong><\/h4>\n\n\n\n<p class=\"has-text-align-center wp-block-paragraph\">Ainsi, <strong>Yara Creatyque<\/strong> incarne une fusion de significations diverses : une exploration personnelle de la cr\u00e9ativit\u00e9, un appel \u00e0 la r\u00e9flexion et \u00e0 l\u2019expression de soi, une qu\u00eate d\u2019\u00e9quilibre et de beaut\u00e9 visuelle, mais aussi un hommage \u00e0 ma g\u00e9n\u00e9ration et \u00e0 la mani\u00e8re dont nous cr\u00e9ons et nous connectons aujourd\u2019hui.<\/p>\n\n\n\n<div style=\"height:44px\" aria-hidden=\"true\" class=\"wp-block-spacer\"><\/div>\n\n\n\n<p class=\"has-text-align-center wp-block-paragraph\">D\u2019un point de vue spirituel, <strong>\u00ab\u00a0Yara Creatyque\u00a0\u00bb<\/strong> peut \u00e9galement avoir une dimension profonde et significative. Voici quelques \u00e9l\u00e9ments \u00e0 consid\u00e9rer :<\/p>\n\n\n\n<div style=\"height:33px\" aria-hidden=\"true\" class=\"wp-block-spacer\"><\/div>\n\n\n\n<h3 class=\"wp-block-heading\"><strong>1. Yara :<\/strong><\/h3>\n\n\n\n<div style=\"height:33px\" aria-hidden=\"true\" class=\"wp-block-spacer\"><\/div>\n\n\n\n<ul class=\"wp-block-list\">\n<li><strong>Origine et signification :<\/strong> Le pr\u00e9nom \u00ab\u00a0Yara\u00a0\u00bb a plusieurs significations et origines possibles. En fonction de la culture, il peut \u00e9voquer des \u00e9l\u00e9ments tr\u00e8s spirituels :\n<ul class=\"wp-block-list\">\n<li>Dans certaines cultures am\u00e9rindiennes, \u00ab\u00a0Yara\u00a0\u00bb signifie \u00ab\u00a0petit papillon\u00a0\u00bb, qui est un symbole de transformation, de l\u00e9g\u00e8ret\u00e9 et de beaut\u00e9 dans de nombreuses traditions spirituelles. Le papillon est \u00e9galement un symbole de m\u00e9tamorphose et d&rsquo;\u00e9volution personnelle, ce qui peut faire \u00e9cho \u00e0 un voyage int\u00e9rieur ou un processus d&rsquo;auto-d\u00e9couverte.<\/li>\n\n\n\n<li>En arabe, \u00ab\u00a0Yara\u00a0\u00bb peut \u00eatre associ\u00e9 \u00e0 l&rsquo;id\u00e9e de \u00ab\u00a0regarder avec amour\u00a0\u00bb ou de \u00ab\u00a0trouver\u00a0\u00bb, ce qui r\u00e9sonne avec des concepts spirituels comme la recherche de la v\u00e9rit\u00e9, de la paix int\u00e9rieure ou de l&rsquo;amour universel.<\/li>\n\n\n\n<li>En tant que nom f\u00e9minin, \u00ab\u00a0Yara\u00a0\u00bb pourrait \u00e9galement \u00e9voquer des arch\u00e9types f\u00e9minins de la sagesse, de la cr\u00e9ativit\u00e9 et de la maternit\u00e9, et repr\u00e9senter une connexion avec l&rsquo;\u00e9nergie f\u00e9minine ou le principe de cr\u00e9ation universelle.<\/li>\n<\/ul>\n<\/li>\n<\/ul>\n\n\n\n<div style=\"height:33px\" aria-hidden=\"true\" class=\"wp-block-spacer\"><\/div>\n\n\n\n<h3 class=\"wp-block-heading\"><strong>2. Creatyque :<\/strong><\/h3>\n\n\n\n<div style=\"height:33px\" aria-hidden=\"true\" class=\"wp-block-spacer\"><\/div>\n\n\n\n<ul class=\"wp-block-list\">\n<li><strong>Cr\u00e9ation divine et manifestation :<\/strong> Le mot \u00ab\u00a0Creatyque\u00a0\u00bb, qui \u00e9voque la cr\u00e9ativit\u00e9, a une forte connotation spirituelle. Dans de nombreuses traditions spirituelles et philosophiques, la cr\u00e9ation est consid\u00e9r\u00e9e comme un acte divin, un reflet de la force cosmique ou universelle.<\/li>\n\n\n\n<li><strong>\u00c9nergie cr\u00e9ative :<\/strong> Sur un plan spirituel, \u00ab\u00a0Creatyque\u00a0\u00bb pourrait symboliser l&rsquo;\u00e9nergie cr\u00e9ative pr\u00e9sente en chacun de nous. Cela renvoie \u00e0 la capacit\u00e9 de chaque individu \u00e0 se connecter \u00e0 sa propre essence divine et \u00e0 manifester ses id\u00e9es, ses \u00e9motions et ses visions dans le monde mat\u00e9riel.<\/li>\n\n\n\n<li><strong>L&rsquo;art comme voie spirituelle :<\/strong> Le mot \u00ab\u00a0Creatyque\u00a0\u00bb pourrait aussi faire r\u00e9f\u00e9rence \u00e0 la pratique de l\u2019art comme un outil de gu\u00e9rison et de transformation spirituelle, une mani\u00e8re d\u2019exprimer l&rsquo;\u00e2me et d&rsquo;atteindre un \u00e9tat de pleine conscience ou de m\u00e9ditation cr\u00e9ative.<\/li>\n<\/ul>\n\n\n\n<div style=\"height:33px\" aria-hidden=\"true\" class=\"wp-block-spacer\"><\/div>\n\n\n\n<h3 class=\"wp-block-heading\"><strong>3.<\/strong> <strong>Association globale (Yara Creatyque) :<\/strong><\/h3>\n\n\n\n<div style=\"height:33px\" aria-hidden=\"true\" class=\"wp-block-spacer\"><\/div>\n\n\n\n<ul class=\"wp-block-list\">\n<li><strong>Connexion \u00e0 l&rsquo;\u00e2me et \u00e0 l\u2019univers :<\/strong> En combinant \u00ab\u00a0Yara\u00a0\u00bb et \u00ab\u00a0Creatyque\u00a0\u00bb, le nom pourrait symboliser une connexion entre l\u2019individu et l\u2019univers cr\u00e9atif. Il \u00e9voque l&rsquo;id\u00e9e d&rsquo;un voyage int\u00e9rieur vers l&rsquo;exploration de soi et de la r\u00e9alit\u00e9 spirituelle \u00e0 travers la cr\u00e9ativit\u00e9 et l\u2019expression artistique. Cela pourrait aussi signifier l\u2019alignement avec son propre chemin spirituel, \u00e0 travers l\u2019intuition, l\u2019\u00e9motion et l\u2019art.<\/li>\n\n\n\n<li><strong>Harmonie et \u00e9quilibre :<\/strong> Le m\u00e9lange de \u00ab\u00a0Yara\u00a0\u00bb et \u00ab\u00a0Creatyque\u00a0\u00bb peut \u00e9galement sugg\u00e9rer un \u00e9quilibre entre l\u2019inspiration personnelle et l\u2019expression cr\u00e9ative. Cela pourrait rappeler un principe spirituel d&rsquo;harmonie entre le soi int\u00e9rieur et l&rsquo;univers ext\u00e9rieur.<\/li>\n<\/ul>\n\n\n\n<div style=\"height:33px\" aria-hidden=\"true\" class=\"wp-block-spacer\"><\/div>\n\n\n\n<h3 class=\"wp-block-heading\"><strong>4.<\/strong> <strong>R\u00e9sonance \u00e9nerg\u00e9tique et symbolisme :<\/strong><\/h3>\n\n\n\n<div style=\"height:33px\" aria-hidden=\"true\" class=\"wp-block-spacer\"><\/div>\n\n\n\n<ul class=\"wp-block-list\">\n<li>Le fait que \u00ab\u00a0Yara Creatyque\u00a0\u00bb soit un nom unique et inspir\u00e9 pourrait \u00e9galement avoir une forte r\u00e9sonance vibratoire. La r\u00e9p\u00e9tition des sons et la fluidit\u00e9 du nom donnent une impression de calme et d\u2019harmonie. Dans une perspective spirituelle, des sons fluides et harmonieux sont souvent associ\u00e9s \u00e0 des \u00e9nergies positives et \u00e9quilibr\u00e9es.<\/li>\n\n\n\n<li>L\u2019aspect cr\u00e9atif et personnel de \u00ab\u00a0Creatyque\u00a0\u00bb r\u00e9sonne \u00e9galement avec l\u2019id\u00e9e que chaque \u00eatre humain est un cr\u00e9ateur de son propre destin, et que l&rsquo;art peut \u00eatre un moyen puissant d&rsquo;entrer en contact avec son essence profonde.<\/li>\n<\/ul>\n\n\n\n<div style=\"height:44px\" aria-hidden=\"true\" class=\"wp-block-spacer\"><\/div>\n\n\n\n<h3 class=\"wp-block-heading\">Conclusion :<\/h3>\n\n\n\n<p class=\"has-text-align-center wp-block-paragraph\">D&rsquo;un point de vue spirituel, <strong>\u00ab\u00a0Yara Creatyque\u00a0\u00bb<\/strong> porte en lui un potentiel d\u2019expression de l\u2019\u00e2me \u00e0 travers l&rsquo;art. Il symbolise la connexion \u00e0 l\u2019\u00e9nergie cr\u00e9ative universelle, \u00e0 l\u2019intuition, et \u00e0 un voyage int\u00e9rieur de transformation. <\/p>\n\n\n\n<p class=\"has-text-align-center wp-block-paragraph\">Le nom sugg\u00e8re une invitation \u00e0 s&rsquo;engager dans un processus cr\u00e9atif qui nourrit l\u2019esprit, favorise l\u2019auto-d\u00e9couverte et l\u2019\u00e9quilibre int\u00e9rieur.<\/p>\n\n\n\n<div style=\"height:44px\" aria-hidden=\"true\" class=\"wp-block-spacer\"><\/div>\n\n\n\n<figure data-wp-context=\"{&quot;imageId&quot;:&quot;69f489a1de7b9&quot;}\" data-wp-interactive=\"core\/image\" data-wp-key=\"69f489a1de7b9\" class=\"wp-block-image size-large wp-lightbox-container\"><img data-recalc-dims=\"1\" loading=\"lazy\" decoding=\"async\" width=\"1024\" height=\"576\" data-attachment-id=\"2066\" data-permalink=\"https:\/\/yaracreatyque.fr\/?attachment_id=2066\" data-orig-file=\"https:\/\/i0.wp.com\/yaracreatyque.fr\/wp-content\/uploads\/2025\/03\/Sculpture-doree-femme-geometrique-visage.jpg?fit=1920%2C1080&amp;ssl=1\" data-orig-size=\"1920,1080\" data-comments-opened=\"1\" data-image-meta=\"{&quot;aperture&quot;:&quot;0&quot;,&quot;credit&quot;:&quot;&quot;,&quot;camera&quot;:&quot;&quot;,&quot;caption&quot;:&quot;&quot;,&quot;created_timestamp&quot;:&quot;0&quot;,&quot;copyright&quot;:&quot;&quot;,&quot;focal_length&quot;:&quot;0&quot;,&quot;iso&quot;:&quot;0&quot;,&quot;shutter_speed&quot;:&quot;0&quot;,&quot;title&quot;:&quot;&quot;,&quot;orientation&quot;:&quot;1&quot;}\" data-image-title=\"Sculpture dore\u0301e femme ge\u0301ome\u0301trique visage\" data-image-description=\"&lt;p&gt;sculpture repr\u00e9sentative yara creatyque &amp;#8211; symboles et significations&lt;\/p&gt;\n\" data-image-caption=\"\" data-large-file=\"https:\/\/i0.wp.com\/yaracreatyque.fr\/wp-content\/uploads\/2025\/03\/Sculpture-doree-femme-geometrique-visage.jpg?fit=1024%2C576&amp;ssl=1\" data-wp-class--hide=\"state.isContentHidden\" data-wp-class--show=\"state.isContentVisible\" data-wp-init=\"callbacks.setButtonStyles\" data-wp-on--click=\"actions.showLightbox\" data-wp-on--load=\"callbacks.setButtonStyles\" data-wp-on--pointerdown=\"actions.preloadImage\" data-wp-on--pointerenter=\"actions.preloadImageWithDelay\" data-wp-on--pointerleave=\"actions.cancelPreload\" data-wp-on-window--resize=\"callbacks.setButtonStyles\" src=\"https:\/\/i0.wp.com\/yaracreatyque.fr\/wp-content\/uploads\/2025\/03\/Sculpture-doree-femme-geometrique-visage.jpg?resize=1024%2C576&#038;ssl=1\" alt=\"sculpture repr\u00e9sentative yara creatyque - symboles et significations\" class=\"wp-image-2066\" srcset=\"https:\/\/i0.wp.com\/yaracreatyque.fr\/wp-content\/uploads\/2025\/03\/Sculpture-doree-femme-geometrique-visage.jpg?resize=1024%2C576&amp;ssl=1 1024w, https:\/\/i0.wp.com\/yaracreatyque.fr\/wp-content\/uploads\/2025\/03\/Sculpture-doree-femme-geometrique-visage.jpg?resize=300%2C169&amp;ssl=1 300w, https:\/\/i0.wp.com\/yaracreatyque.fr\/wp-content\/uploads\/2025\/03\/Sculpture-doree-femme-geometrique-visage.jpg?resize=768%2C432&amp;ssl=1 768w, https:\/\/i0.wp.com\/yaracreatyque.fr\/wp-content\/uploads\/2025\/03\/Sculpture-doree-femme-geometrique-visage.jpg?resize=1536%2C864&amp;ssl=1 1536w, https:\/\/i0.wp.com\/yaracreatyque.fr\/wp-content\/uploads\/2025\/03\/Sculpture-doree-femme-geometrique-visage.jpg?resize=18%2C10&amp;ssl=1 18w, https:\/\/i0.wp.com\/yaracreatyque.fr\/wp-content\/uploads\/2025\/03\/Sculpture-doree-femme-geometrique-visage.jpg?resize=600%2C338&amp;ssl=1 600w, https:\/\/i0.wp.com\/yaracreatyque.fr\/wp-content\/uploads\/2025\/03\/Sculpture-doree-femme-geometrique-visage.jpg?w=1920&amp;ssl=1 1920w\" sizes=\"auto, (max-width: 1000px) 100vw, 1000px\" \/><button\n\t\t\tclass=\"lightbox-trigger\"\n\t\t\ttype=\"button\"\n\t\t\taria-haspopup=\"dialog\"\n\t\t\tdata-wp-bind--aria-label=\"state.thisImage.triggerButtonAriaLabel\"\n\t\t\tdata-wp-init=\"callbacks.initTriggerButton\"\n\t\t\tdata-wp-on--click=\"actions.showLightbox\"\n\t\t\tdata-wp-style--right=\"state.thisImage.buttonRight\"\n\t\t\tdata-wp-style--top=\"state.thisImage.buttonTop\"\n\t\t>\n\t\t\t<svg xmlns=\"http:\/\/www.w3.org\/2000\/svg\" width=\"12\" height=\"12\" fill=\"none\" viewBox=\"0 0 12 12\">\n\t\t\t\t<path fill=\"#fff\" d=\"M2 0a2 2 0 0 0-2 2v2h1.5V2a.5.5 0 0 1 .5-.5h2V0H2Zm2 10.5H2a.5.5 0 0 1-.5-.5V8H0v2a2 2 0 0 0 2 2h2v-1.5ZM8 12v-1.5h2a.5.5 0 0 0 .5-.5V8H12v2a2 2 0 0 1-2 2H8Zm2-12a2 2 0 0 1 2 2v2h-1.5V2a.5.5 0 0 0-.5-.5H8V0h2Z\" \/>\n\t\t\t<\/svg>\n\t\t<\/button><\/figure>\n\n\n\n<div style=\"height:44px\" aria-hidden=\"true\" class=\"wp-block-spacer\"><\/div>\n\n\n\n<h4 class=\"wp-block-heading has-text-align-center\"><strong>Creatyque : L&rsquo;Art de Cr\u00e9er Consciencieusement<\/strong><\/h4>\n\n\n\n<p class=\"has-text-align-center wp-block-paragraph\"><strong>Creatyque<\/strong>, au-del\u00e0 de son aspect li\u00e9 \u00e0 la cr\u00e9ation artistique, fait \u00e9cho \u00e0 une <strong>cr\u00e9ation consciente<\/strong>. <\/p>\n\n\n\n<p class=\"has-text-align-center wp-block-paragraph\">C\u2019est l\u2019id\u00e9e de cr\u00e9er non seulement pour produire une \u0153uvre, mais pour nourrir une qu\u00eate int\u00e9rieure, pour \u00e9veiller l\u2019intuition et la cr\u00e9ativit\u00e9 comme des outils d\u2019auto-exploration. <\/p>\n\n\n\n<p class=\"has-text-align-center wp-block-paragraph\">L\u2019acte de cr\u00e9ation devient alors un <strong>acte spirituel<\/strong>, un acte de <strong>lib\u00e9ration<\/strong>, o\u00f9 l\u2019artiste, \u00e0 travers son travail, se connecte \u00e0 son propre \u00eatre int\u00e9rieur, \u00e0 son essence. <\/p>\n\n\n\n<p class=\"has-text-align-center wp-block-paragraph\"><strong>Creatyque<\/strong> renvoie donc \u00e0 cette notion de <strong>cr\u00e9ation<\/strong> comme un vecteur de d\u00e9veloppement personnel, comme un outil pour comprendre nos \u00e9motions, nos pens\u00e9es et nos intentions profondes.<\/p>\n\n\n\n<p class=\"has-text-align-center wp-block-paragraph\">L\u2019<strong>intuition<\/strong>, qui est au c\u0153ur de ma pratique cr\u00e9ative, repr\u00e9sente cette capacit\u00e9 \u00e0 aller au-del\u00e0 de la pens\u00e9e logique et \u00e0 se connecter \u00e0 des \u00e9nergies plus subtiles. <\/p>\n\n\n\n<p class=\"has-text-align-center wp-block-paragraph\">Dans chaque forme g\u00e9om\u00e9trique, chaque couleur pos\u00e9e, il y a un \u00e9quilibre entre la rationalit\u00e9 et l\u2019intuition, un m\u00e9lange de structure et de libert\u00e9. <\/p>\n\n\n\n<p class=\"has-text-align-center wp-block-paragraph\">En agissant ainsi, je me rapproche de l&rsquo;id\u00e9e que l&rsquo;art, dans sa forme la plus pure, peut \u00eatre une source de <strong>gu\u00e9rison int\u00e9rieure<\/strong>, d&rsquo;<strong>\u00e9panouissement spirituel<\/strong> et de <strong>connexion \u00e0 soi<\/strong>.<\/p>\n\n\n\n<div style=\"height:44px\" aria-hidden=\"true\" class=\"wp-block-spacer\"><\/div>\n\n\n\n<figure data-wp-context=\"{&quot;imageId&quot;:&quot;69f489a1df0cf&quot;}\" data-wp-interactive=\"core\/image\" data-wp-key=\"69f489a1df0cf\" class=\"wp-block-image size-large wp-lightbox-container\"><img data-recalc-dims=\"1\" loading=\"lazy\" decoding=\"async\" width=\"1024\" height=\"576\" data-attachment-id=\"2061\" data-permalink=\"https:\/\/yaracreatyque.fr\/?attachment_id=2061\" data-orig-file=\"https:\/\/i0.wp.com\/yaracreatyque.fr\/wp-content\/uploads\/2025\/03\/illustration-femme-paisible-style-geometrique-artistique-pyramide.jpg?fit=1920%2C1080&amp;ssl=1\" data-orig-size=\"1920,1080\" data-comments-opened=\"1\" data-image-meta=\"{&quot;aperture&quot;:&quot;0&quot;,&quot;credit&quot;:&quot;&quot;,&quot;camera&quot;:&quot;&quot;,&quot;caption&quot;:&quot;&quot;,&quot;created_timestamp&quot;:&quot;0&quot;,&quot;copyright&quot;:&quot;&quot;,&quot;focal_length&quot;:&quot;0&quot;,&quot;iso&quot;:&quot;0&quot;,&quot;shutter_speed&quot;:&quot;0&quot;,&quot;title&quot;:&quot;&quot;,&quot;orientation&quot;:&quot;1&quot;}\" data-image-title=\"illustration femme paisible style ge\u0301ome\u0301trique artistique pyramide\" data-image-description=\"&lt;p&gt;conaissance de soi yara creatyque&lt;\/p&gt;\n\" data-image-caption=\"\" data-large-file=\"https:\/\/i0.wp.com\/yaracreatyque.fr\/wp-content\/uploads\/2025\/03\/illustration-femme-paisible-style-geometrique-artistique-pyramide.jpg?fit=1024%2C576&amp;ssl=1\" data-wp-class--hide=\"state.isContentHidden\" data-wp-class--show=\"state.isContentVisible\" data-wp-init=\"callbacks.setButtonStyles\" data-wp-on--click=\"actions.showLightbox\" data-wp-on--load=\"callbacks.setButtonStyles\" data-wp-on--pointerdown=\"actions.preloadImage\" data-wp-on--pointerenter=\"actions.preloadImageWithDelay\" data-wp-on--pointerleave=\"actions.cancelPreload\" data-wp-on-window--resize=\"callbacks.setButtonStyles\" src=\"https:\/\/i0.wp.com\/yaracreatyque.fr\/wp-content\/uploads\/2025\/03\/illustration-femme-paisible-style-geometrique-artistique-pyramide.jpg?resize=1024%2C576&#038;ssl=1\" alt=\"conaissance de soi yara creatyque\" class=\"wp-image-2061\" srcset=\"https:\/\/i0.wp.com\/yaracreatyque.fr\/wp-content\/uploads\/2025\/03\/illustration-femme-paisible-style-geometrique-artistique-pyramide.jpg?resize=1024%2C576&amp;ssl=1 1024w, https:\/\/i0.wp.com\/yaracreatyque.fr\/wp-content\/uploads\/2025\/03\/illustration-femme-paisible-style-geometrique-artistique-pyramide.jpg?resize=300%2C169&amp;ssl=1 300w, https:\/\/i0.wp.com\/yaracreatyque.fr\/wp-content\/uploads\/2025\/03\/illustration-femme-paisible-style-geometrique-artistique-pyramide.jpg?resize=768%2C432&amp;ssl=1 768w, https:\/\/i0.wp.com\/yaracreatyque.fr\/wp-content\/uploads\/2025\/03\/illustration-femme-paisible-style-geometrique-artistique-pyramide.jpg?resize=1536%2C864&amp;ssl=1 1536w, https:\/\/i0.wp.com\/yaracreatyque.fr\/wp-content\/uploads\/2025\/03\/illustration-femme-paisible-style-geometrique-artistique-pyramide.jpg?resize=18%2C10&amp;ssl=1 18w, https:\/\/i0.wp.com\/yaracreatyque.fr\/wp-content\/uploads\/2025\/03\/illustration-femme-paisible-style-geometrique-artistique-pyramide.jpg?resize=600%2C338&amp;ssl=1 600w, https:\/\/i0.wp.com\/yaracreatyque.fr\/wp-content\/uploads\/2025\/03\/illustration-femme-paisible-style-geometrique-artistique-pyramide.jpg?w=1920&amp;ssl=1 1920w\" sizes=\"auto, (max-width: 1000px) 100vw, 1000px\" \/><button\n\t\t\tclass=\"lightbox-trigger\"\n\t\t\ttype=\"button\"\n\t\t\taria-haspopup=\"dialog\"\n\t\t\tdata-wp-bind--aria-label=\"state.thisImage.triggerButtonAriaLabel\"\n\t\t\tdata-wp-init=\"callbacks.initTriggerButton\"\n\t\t\tdata-wp-on--click=\"actions.showLightbox\"\n\t\t\tdata-wp-style--right=\"state.thisImage.buttonRight\"\n\t\t\tdata-wp-style--top=\"state.thisImage.buttonTop\"\n\t\t>\n\t\t\t<svg xmlns=\"http:\/\/www.w3.org\/2000\/svg\" width=\"12\" height=\"12\" fill=\"none\" viewBox=\"0 0 12 12\">\n\t\t\t\t<path fill=\"#fff\" d=\"M2 0a2 2 0 0 0-2 2v2h1.5V2a.5.5 0 0 1 .5-.5h2V0H2Zm2 10.5H2a.5.5 0 0 1-.5-.5V8H0v2a2 2 0 0 0 2 2h2v-1.5ZM8 12v-1.5h2a.5.5 0 0 0 .5-.5V8H12v2a2 2 0 0 1-2 2H8Zm2-12a2 2 0 0 1 2 2v2h-1.5V2a.5.5 0 0 0-.5-.5H8V0h2Z\" \/>\n\t\t\t<\/svg>\n\t\t<\/button><\/figure>\n\n\n\n<div style=\"height:44px\" aria-hidden=\"true\" class=\"wp-block-spacer\"><\/div>\n\n\n\n<h4 class=\"wp-block-heading has-text-align-center\"><strong>\u00c9quilibre et Harmonie : Une Philosophie de Vie<\/strong><\/h4>\n\n\n\n<p class=\"has-text-align-center wp-block-paragraph\">Enfin, le nom <strong>Yara Creatyque<\/strong> \u00e9voque une qu\u00eate d\u2019<strong>\u00e9quilibre<\/strong> et d\u2019<strong>harmonie<\/strong>, des valeurs centrales dans ma vision de l\u2019art. <\/p>\n\n\n\n<p class=\"has-text-align-center wp-block-paragraph\">Les formes g\u00e9om\u00e9triques, qui sont au c\u0153ur de mes cr\u00e9ations, sont particuli\u00e8rement symboliques \u00e0 cet \u00e9gard. <\/p>\n\n\n\n<p class=\"has-text-align-center wp-block-paragraph\">La <strong>sym\u00e9trie<\/strong> et les <strong>motifs r\u00e9p\u00e9t\u00e9s<\/strong> g\u00e9n\u00e8rent une sensation d&rsquo;ordre et de calme, ce qui favorise un \u00e9tat de <strong>paix int\u00e9rieure<\/strong>.<\/p>\n\n\n\n<p class=\"has-text-align-center wp-block-paragraph\"> Le cerveau humain est instinctivement attir\u00e9 par la sym\u00e9trie, et les motifs r\u00e9guliers ont un impact psychologique puissant, cr\u00e9ant des sensations de s\u00e9curit\u00e9 et d\u2019harmonie.<\/p>\n\n\n\n<p class=\"has-text-align-center wp-block-paragraph\"> \u00c0 travers <strong>Yara Creatyque<\/strong>, je cherche \u00e0 offrir cette <strong>harmonie visuelle<\/strong>, tout en invitant les spectateurs \u00e0 la retrouver en eux-m\u00eames.<\/p>\n\n\n\n<p class=\"has-text-align-center wp-block-paragraph\">L\u2019\u00e9quilibre que l\u2019on retrouve dans les dessins g\u00e9om\u00e9triques est \u00e9galement un miroir de l\u2019\u00e9quilibre int\u00e9rieur. <\/p>\n\n\n\n<p class=\"has-text-align-center wp-block-paragraph\">L\u2019art devient alors une <strong>m\u00e9ditation visuelle<\/strong>, un moyen de trouver sa propre tranquillit\u00e9 et de se reconnecter \u00e0 des sensations profondes, primordiales. <\/p>\n\n\n\n<p class=\"has-text-align-center wp-block-paragraph\"><strong>Creatyque<\/strong> fait ainsi r\u00e9f\u00e9rence \u00e0 un <strong>processus cr\u00e9atif<\/strong> qui, tout en \u00e9tant profond\u00e9ment personnel, est \u00e9galement un moyen d\u2019acc\u00e9der \u00e0 un <strong>\u00e9quilibre universel<\/strong> : un \u00e9quilibre entre le corps, l\u2019esprit et l\u2019\u00e2me.<\/p>\n\n\n\n<div style=\"height:33px\" aria-hidden=\"true\" class=\"wp-block-spacer\"><\/div>\n\n\n\n<figure data-wp-context=\"{&quot;imageId&quot;:&quot;69f489a1dfa1b&quot;}\" data-wp-interactive=\"core\/image\" data-wp-key=\"69f489a1dfa1b\" class=\"wp-block-image size-large wp-lightbox-container\"><img data-recalc-dims=\"1\" loading=\"lazy\" decoding=\"async\" width=\"1024\" height=\"576\" data-attachment-id=\"2056\" data-permalink=\"https:\/\/yaracreatyque.fr\/?attachment_id=2056\" data-orig-file=\"https:\/\/i0.wp.com\/yaracreatyque.fr\/wp-content\/uploads\/2025\/03\/attrape-reve-geometrique-style-futuriste-artistique-flotant.jpg?fit=1920%2C1080&amp;ssl=1\" data-orig-size=\"1920,1080\" data-comments-opened=\"1\" data-image-meta=\"{&quot;aperture&quot;:&quot;0&quot;,&quot;credit&quot;:&quot;&quot;,&quot;camera&quot;:&quot;&quot;,&quot;caption&quot;:&quot;&quot;,&quot;created_timestamp&quot;:&quot;0&quot;,&quot;copyright&quot;:&quot;&quot;,&quot;focal_length&quot;:&quot;0&quot;,&quot;iso&quot;:&quot;0&quot;,&quot;shutter_speed&quot;:&quot;0&quot;,&quot;title&quot;:&quot;&quot;,&quot;orientation&quot;:&quot;1&quot;}\" data-image-title=\"attrape re\u0302ve ge\u0301ome\u0301trique style futuriste artistique flotant\" data-image-description=\"&lt;p&gt;\u00e9quilibre corps esprit et \u00e2me yara creatyque&lt;\/p&gt;\n\" data-image-caption=\"\" data-large-file=\"https:\/\/i0.wp.com\/yaracreatyque.fr\/wp-content\/uploads\/2025\/03\/attrape-reve-geometrique-style-futuriste-artistique-flotant.jpg?fit=1024%2C576&amp;ssl=1\" data-wp-class--hide=\"state.isContentHidden\" data-wp-class--show=\"state.isContentVisible\" data-wp-init=\"callbacks.setButtonStyles\" data-wp-on--click=\"actions.showLightbox\" data-wp-on--load=\"callbacks.setButtonStyles\" data-wp-on--pointerdown=\"actions.preloadImage\" data-wp-on--pointerenter=\"actions.preloadImageWithDelay\" data-wp-on--pointerleave=\"actions.cancelPreload\" data-wp-on-window--resize=\"callbacks.setButtonStyles\" src=\"https:\/\/i0.wp.com\/yaracreatyque.fr\/wp-content\/uploads\/2025\/03\/attrape-reve-geometrique-style-futuriste-artistique-flotant.jpg?resize=1024%2C576&#038;ssl=1\" alt=\"\u00e9quilibre corps esprit et \u00e2me yara creatyque\" class=\"wp-image-2056\" srcset=\"https:\/\/i0.wp.com\/yaracreatyque.fr\/wp-content\/uploads\/2025\/03\/attrape-reve-geometrique-style-futuriste-artistique-flotant.jpg?resize=1024%2C576&amp;ssl=1 1024w, https:\/\/i0.wp.com\/yaracreatyque.fr\/wp-content\/uploads\/2025\/03\/attrape-reve-geometrique-style-futuriste-artistique-flotant.jpg?resize=300%2C169&amp;ssl=1 300w, https:\/\/i0.wp.com\/yaracreatyque.fr\/wp-content\/uploads\/2025\/03\/attrape-reve-geometrique-style-futuriste-artistique-flotant.jpg?resize=768%2C432&amp;ssl=1 768w, https:\/\/i0.wp.com\/yaracreatyque.fr\/wp-content\/uploads\/2025\/03\/attrape-reve-geometrique-style-futuriste-artistique-flotant.jpg?resize=1536%2C864&amp;ssl=1 1536w, https:\/\/i0.wp.com\/yaracreatyque.fr\/wp-content\/uploads\/2025\/03\/attrape-reve-geometrique-style-futuriste-artistique-flotant.jpg?resize=18%2C10&amp;ssl=1 18w, https:\/\/i0.wp.com\/yaracreatyque.fr\/wp-content\/uploads\/2025\/03\/attrape-reve-geometrique-style-futuriste-artistique-flotant.jpg?resize=600%2C338&amp;ssl=1 600w, https:\/\/i0.wp.com\/yaracreatyque.fr\/wp-content\/uploads\/2025\/03\/attrape-reve-geometrique-style-futuriste-artistique-flotant.jpg?w=1920&amp;ssl=1 1920w\" sizes=\"auto, (max-width: 1000px) 100vw, 1000px\" \/><button\n\t\t\tclass=\"lightbox-trigger\"\n\t\t\ttype=\"button\"\n\t\t\taria-haspopup=\"dialog\"\n\t\t\tdata-wp-bind--aria-label=\"state.thisImage.triggerButtonAriaLabel\"\n\t\t\tdata-wp-init=\"callbacks.initTriggerButton\"\n\t\t\tdata-wp-on--click=\"actions.showLightbox\"\n\t\t\tdata-wp-style--right=\"state.thisImage.buttonRight\"\n\t\t\tdata-wp-style--top=\"state.thisImage.buttonTop\"\n\t\t>\n\t\t\t<svg xmlns=\"http:\/\/www.w3.org\/2000\/svg\" width=\"12\" height=\"12\" fill=\"none\" viewBox=\"0 0 12 12\">\n\t\t\t\t<path fill=\"#fff\" d=\"M2 0a2 2 0 0 0-2 2v2h1.5V2a.5.5 0 0 1 .5-.5h2V0H2Zm2 10.5H2a.5.5 0 0 1-.5-.5V8H0v2a2 2 0 0 0 2 2h2v-1.5ZM8 12v-1.5h2a.5.5 0 0 0 .5-.5V8H12v2a2 2 0 0 1-2 2H8Zm2-12a2 2 0 0 1 2 2v2h-1.5V2a.5.5 0 0 0-.5-.5H8V0h2Z\" \/>\n\t\t\t<\/svg>\n\t\t<\/button><\/figure>\n\n\n\n<div style=\"height:33px\" aria-hidden=\"true\" class=\"wp-block-spacer\"><\/div>\n\n\n\n<h4 class=\"wp-block-heading has-text-align-center\"><strong>Conclusion : L\u2019Art Comme Chemin de Transformation<\/strong><\/h4>\n\n\n\n<p class=\"has-text-align-center wp-block-paragraph\">En somme, <strong>Yara Creatyque<\/strong> repr\u00e9sente un espace o\u00f9 l\u2019art et la spiritualit\u00e9 se rencontrent, o\u00f9 la cr\u00e9ation devient un moyen d\u2019explorer, de comprendre et de transformer son propre \u00eatre.<\/p>\n\n\n\n<p class=\"has-text-align-center wp-block-paragraph\"> Il est plus qu\u2019une simple pratique artistique : c\u2019est une voie vers l&rsquo;\u00e9veil, l\u2019\u00e9quilibre et la pleine conscience. <\/p>\n\n\n\n<p class=\"has-text-align-center wp-block-paragraph\">\u00c0 travers chaque \u0153uvre, chaque forme g\u00e9om\u00e9trique, chaque jeu de couleurs, je propose une exploration, une invitation \u00e0 connecter le spectateur \u00e0 son propre monde int\u00e9rieur. <\/p>\n\n\n\n<p class=\"has-text-align-center wp-block-paragraph\">Ainsi, <strong>Yara Creatyque<\/strong> incarne un <strong>chemin de transformation personnelle<\/strong> o\u00f9 l\u2019art devient un v\u00e9hicule de lumi\u00e8re, de s\u00e9r\u00e9nit\u00e9 et de conscience.<\/p>\n\n\n\n<div style=\"height:100px\" aria-hidden=\"true\" class=\"wp-block-spacer\"><\/div>\n\n\n\n<figure data-wp-context=\"{&quot;imageId&quot;:&quot;69f489a1e0217&quot;}\" data-wp-interactive=\"core\/image\" data-wp-key=\"69f489a1e0217\" class=\"wp-block-image size-large wp-lightbox-container\"><img data-recalc-dims=\"1\" loading=\"lazy\" decoding=\"async\" width=\"1024\" height=\"576\" data-attachment-id=\"2065\" data-permalink=\"https:\/\/yaracreatyque.fr\/?attachment_id=2065\" data-orig-file=\"https:\/\/i0.wp.com\/yaracreatyque.fr\/wp-content\/uploads\/2025\/03\/Sculpture-doree-femme-geometrique-regard.jpg?fit=1920%2C1080&amp;ssl=1\" data-orig-size=\"1920,1080\" data-comments-opened=\"1\" data-image-meta=\"{&quot;aperture&quot;:&quot;0&quot;,&quot;credit&quot;:&quot;&quot;,&quot;camera&quot;:&quot;&quot;,&quot;caption&quot;:&quot;&quot;,&quot;created_timestamp&quot;:&quot;0&quot;,&quot;copyright&quot;:&quot;&quot;,&quot;focal_length&quot;:&quot;0&quot;,&quot;iso&quot;:&quot;0&quot;,&quot;shutter_speed&quot;:&quot;0&quot;,&quot;title&quot;:&quot;&quot;,&quot;orientation&quot;:&quot;1&quot;}\" data-image-title=\"Sculpture dore\u0301e femme ge\u0301ome\u0301trique regard\" data-image-description=\"&lt;p&gt;art comme processus personnel et universel yara creatyque&lt;\/p&gt;\n\" data-image-caption=\"\" data-large-file=\"https:\/\/i0.wp.com\/yaracreatyque.fr\/wp-content\/uploads\/2025\/03\/Sculpture-doree-femme-geometrique-regard.jpg?fit=1024%2C576&amp;ssl=1\" data-wp-class--hide=\"state.isContentHidden\" data-wp-class--show=\"state.isContentVisible\" data-wp-init=\"callbacks.setButtonStyles\" data-wp-on--click=\"actions.showLightbox\" data-wp-on--load=\"callbacks.setButtonStyles\" data-wp-on--pointerdown=\"actions.preloadImage\" data-wp-on--pointerenter=\"actions.preloadImageWithDelay\" data-wp-on--pointerleave=\"actions.cancelPreload\" data-wp-on-window--resize=\"callbacks.setButtonStyles\" src=\"https:\/\/i0.wp.com\/yaracreatyque.fr\/wp-content\/uploads\/2025\/03\/Sculpture-doree-femme-geometrique-regard.jpg?resize=1024%2C576&#038;ssl=1\" alt=\"art comme processus personnel et universel yara creatyque\" class=\"wp-image-2065\" srcset=\"https:\/\/i0.wp.com\/yaracreatyque.fr\/wp-content\/uploads\/2025\/03\/Sculpture-doree-femme-geometrique-regard.jpg?resize=1024%2C576&amp;ssl=1 1024w, https:\/\/i0.wp.com\/yaracreatyque.fr\/wp-content\/uploads\/2025\/03\/Sculpture-doree-femme-geometrique-regard.jpg?resize=300%2C169&amp;ssl=1 300w, https:\/\/i0.wp.com\/yaracreatyque.fr\/wp-content\/uploads\/2025\/03\/Sculpture-doree-femme-geometrique-regard.jpg?resize=768%2C432&amp;ssl=1 768w, https:\/\/i0.wp.com\/yaracreatyque.fr\/wp-content\/uploads\/2025\/03\/Sculpture-doree-femme-geometrique-regard.jpg?resize=1536%2C864&amp;ssl=1 1536w, https:\/\/i0.wp.com\/yaracreatyque.fr\/wp-content\/uploads\/2025\/03\/Sculpture-doree-femme-geometrique-regard.jpg?resize=18%2C10&amp;ssl=1 18w, https:\/\/i0.wp.com\/yaracreatyque.fr\/wp-content\/uploads\/2025\/03\/Sculpture-doree-femme-geometrique-regard.jpg?resize=600%2C338&amp;ssl=1 600w, https:\/\/i0.wp.com\/yaracreatyque.fr\/wp-content\/uploads\/2025\/03\/Sculpture-doree-femme-geometrique-regard.jpg?w=1920&amp;ssl=1 1920w\" sizes=\"auto, (max-width: 1000px) 100vw, 1000px\" \/><button\n\t\t\tclass=\"lightbox-trigger\"\n\t\t\ttype=\"button\"\n\t\t\taria-haspopup=\"dialog\"\n\t\t\tdata-wp-bind--aria-label=\"state.thisImage.triggerButtonAriaLabel\"\n\t\t\tdata-wp-init=\"callbacks.initTriggerButton\"\n\t\t\tdata-wp-on--click=\"actions.showLightbox\"\n\t\t\tdata-wp-style--right=\"state.thisImage.buttonRight\"\n\t\t\tdata-wp-style--top=\"state.thisImage.buttonTop\"\n\t\t>\n\t\t\t<svg xmlns=\"http:\/\/www.w3.org\/2000\/svg\" width=\"12\" height=\"12\" fill=\"none\" viewBox=\"0 0 12 12\">\n\t\t\t\t<path fill=\"#fff\" d=\"M2 0a2 2 0 0 0-2 2v2h1.5V2a.5.5 0 0 1 .5-.5h2V0H2Zm2 10.5H2a.5.5 0 0 1-.5-.5V8H0v2a2 2 0 0 0 2 2h2v-1.5ZM8 12v-1.5h2a.5.5 0 0 0 .5-.5V8H12v2a2 2 0 0 1-2 2H8Zm2-12a2 2 0 0 1 2 2v2h-1.5V2a.5.5 0 0 0-.5-.5H8V0h2Z\" \/>\n\t\t\t<\/svg>\n\t\t<\/button><\/figure>\n\n\n\n<div style=\"height:100px\" aria-hidden=\"true\" class=\"wp-block-spacer\"><\/div>\n\n\n\n<h3 class=\"wp-block-heading has-text-align-center\"><strong>L&rsquo;Art Comme Processus Personnel et Universel<\/strong><\/h3>\n\n\n\n<p class=\"has-text-align-center wp-block-paragraph\">Le nom <strong>Yara Creatyque<\/strong> est bien plus qu&rsquo;une simple signature artistique ; il incarne un processus personnel de cr\u00e9ation tout en s&rsquo;ouvrant \u00e0 une dimension universelle qui invite chaque individu \u00e0 explorer, r\u00e9fl\u00e9chir et s&rsquo;approprier cette exp\u00e9rience artistique. <\/p>\n\n\n\n<p class=\"has-text-align-center wp-block-paragraph\">\u00c0 travers ce nom, j&rsquo;exprime une vision de l&rsquo;art comme un voyage, un dialogue constant entre l&rsquo;artiste et son \u0153uvre, mais aussi entre l&rsquo;art et son spectateur.<\/p>\n\n\n\n<div style=\"height:33px\" aria-hidden=\"true\" class=\"wp-block-spacer\"><\/div>\n\n\n\n<h4 class=\"wp-block-heading has-text-align-center\"><strong>Un R\u00e9flexe de l&rsquo;Approche Personnelle de l&rsquo;Artiste<\/strong><\/h4>\n\n\n\n<p class=\"has-text-align-center wp-block-paragraph\">Chaque cr\u00e9ation que je propose sous le nom de <strong>Yara Creatyque<\/strong> est le reflet d\u2019une <strong>approche personnelle<\/strong> de l\u2019art.<\/p>\n\n\n\n<p class=\"has-text-align-center wp-block-paragraph\"> Ce processus artistique est un cheminement intime, un acte de <strong>recherche<\/strong> et de <strong>transformation<\/strong>. <\/p>\n\n\n\n<p class=\"has-text-align-center wp-block-paragraph\">Pour moi, la cr\u00e9ation ne se limite pas simplement \u00e0 l\u2019ex\u00e9cution d\u2019une id\u00e9e pr\u00e9con\u00e7ue : elle est une exploration constante de mes \u00e9motions, de mes pens\u00e9es et de mes perceptions du monde. <\/p>\n\n\n\n<p class=\"has-text-align-center wp-block-paragraph\">Chaque forme g\u00e9om\u00e9trique, chaque ligne et chaque couleur sont le fruit de cette qu\u00eate de sens et d&rsquo;harmonie. <\/p>\n\n\n\n<p class=\"has-text-align-center wp-block-paragraph\">Le nom <strong>Creatyque<\/strong>, d\u2019ailleurs, \u00e9voque cette recherche constante de <strong>cr\u00e9ation<\/strong> consciente, de mani\u00e8re r\u00e9fl\u00e9chie, mais surtout intuitive.<\/p>\n\n\n\n<p class=\"has-text-align-center wp-block-paragraph\">Cet aspect personnel de la cr\u00e9ation est enrichi par une pratique quotidienne, un besoin d\u2019exprimer ce que je ressens \u00e0 travers des formes et des couleurs, mais aussi un d\u00e9sir d\u2019<strong>\u00e9volution<\/strong>. <\/p>\n\n\n\n<p class=\"has-text-align-center wp-block-paragraph\">Ainsi, <strong>Yara Creatyque<\/strong> devient une extension de moi-m\u00eame, un espace o\u00f9 je peux explorer sans contrainte ni limitation. <\/p>\n\n\n\n<p class=\"has-text-align-center wp-block-paragraph\">Et bien que mon travail soit avant tout un acte personnel, il est aussi con\u00e7u pour \u00eatre per\u00e7u, ressenti et interpr\u00e9t\u00e9 par autrui.<\/p>\n\n\n\n<div style=\"height:44px\" aria-hidden=\"true\" class=\"wp-block-spacer\"><\/div>\n\n\n\n<h4 class=\"wp-block-heading\"><strong>Une Invitation Universelle \u00e0 la R\u00e9flexion et \u00e0 l&rsquo;Appropriation<\/strong><\/h4>\n\n\n\n<p class=\"has-text-align-center wp-block-paragraph\">Bien que profond\u00e9ment personnel, <strong>Yara Creatyque<\/strong> est \u00e9galement un concept <strong>universel<\/strong>. \u00c0 travers ce nom, je cherche \u00e0 cr\u00e9er un espace o\u00f9 <strong>chaque individu<\/strong> peut se retrouver, r\u00e9fl\u00e9chir et s\u2019approprier les concepts que j\u2019explore. <\/p>\n\n\n\n<p class=\"has-text-align-center wp-block-paragraph\">L&rsquo;art, comme je le per\u00e7ois, ne se limite pas \u00e0 l&rsquo;expression de l&rsquo;artiste, mais devient une <strong>passerelle<\/strong> entre l&rsquo;artiste et le spectateur. Il est un moyen d&rsquo;entrer en r\u00e9sonance avec les autres, de toucher un point sensible qui va bien au-del\u00e0 de la simple esth\u00e9tique.<\/p>\n\n\n\n<p class=\"has-text-align-center wp-block-paragraph\">Cette <strong>universalit\u00e9<\/strong> se trouve dans la <strong>libert\u00e9 d&rsquo;interpr\u00e9tation<\/strong> que les cr\u00e9ations offrent : ce que chaque personne y voit ou ressent peut \u00eatre tr\u00e8s diff\u00e9rent. <\/p>\n\n\n\n<p class=\"has-text-align-center wp-block-paragraph\">Ce qui pour certains peut \u00eatre une <strong>recherche de s\u00e9r\u00e9nit\u00e9<\/strong>, pour d\u2019autres pourrait devenir un chemin vers l\u2019<strong>expression personnelle<\/strong>, ou encore un moyen d\u2019<strong>explorer<\/strong> des \u00e9motions enfouies. Chaque cr\u00e9ation, bien que fa\u00e7onn\u00e9e par ma main, trouve ainsi son propre sens dans le regard de celui qui l\u2019observe.<\/p>\n\n\n\n<div style=\"height:33px\" aria-hidden=\"true\" class=\"wp-block-spacer\"><\/div>\n\n\n\n<figure data-wp-context=\"{&quot;imageId&quot;:&quot;69f489a1e0e8c&quot;}\" data-wp-interactive=\"core\/image\" data-wp-key=\"69f489a1e0e8c\" class=\"wp-block-image size-large wp-lightbox-container\"><img data-recalc-dims=\"1\" loading=\"lazy\" decoding=\"async\" width=\"1024\" height=\"576\" data-attachment-id=\"2058\" data-permalink=\"https:\/\/yaracreatyque.fr\/?attachment_id=2058\" data-orig-file=\"https:\/\/i0.wp.com\/yaracreatyque.fr\/wp-content\/uploads\/2025\/03\/attrape-reve-geometrique-style-futuriste-artistique-triangulaire.jpg?fit=1920%2C1080&amp;ssl=1\" data-orig-size=\"1920,1080\" data-comments-opened=\"1\" data-image-meta=\"{&quot;aperture&quot;:&quot;0&quot;,&quot;credit&quot;:&quot;&quot;,&quot;camera&quot;:&quot;&quot;,&quot;caption&quot;:&quot;&quot;,&quot;created_timestamp&quot;:&quot;0&quot;,&quot;copyright&quot;:&quot;&quot;,&quot;focal_length&quot;:&quot;0&quot;,&quot;iso&quot;:&quot;0&quot;,&quot;shutter_speed&quot;:&quot;0&quot;,&quot;title&quot;:&quot;&quot;,&quot;orientation&quot;:&quot;1&quot;}\" data-image-title=\"attrape re\u0302ve ge\u0301ome\u0301trique style futuriste artistique triangulaire\" data-image-description=\"&lt;p&gt;triangle inspiration cr\u00e9ation yara creatyque&lt;\/p&gt;\n\" data-image-caption=\"\" data-large-file=\"https:\/\/i0.wp.com\/yaracreatyque.fr\/wp-content\/uploads\/2025\/03\/attrape-reve-geometrique-style-futuriste-artistique-triangulaire.jpg?fit=1024%2C576&amp;ssl=1\" data-wp-class--hide=\"state.isContentHidden\" data-wp-class--show=\"state.isContentVisible\" data-wp-init=\"callbacks.setButtonStyles\" data-wp-on--click=\"actions.showLightbox\" data-wp-on--load=\"callbacks.setButtonStyles\" data-wp-on--pointerdown=\"actions.preloadImage\" data-wp-on--pointerenter=\"actions.preloadImageWithDelay\" data-wp-on--pointerleave=\"actions.cancelPreload\" data-wp-on-window--resize=\"callbacks.setButtonStyles\" src=\"https:\/\/i0.wp.com\/yaracreatyque.fr\/wp-content\/uploads\/2025\/03\/attrape-reve-geometrique-style-futuriste-artistique-triangulaire.jpg?resize=1024%2C576&#038;ssl=1\" alt=\"triangle inspiration cr\u00e9ation yara creatyque\" class=\"wp-image-2058\" srcset=\"https:\/\/i0.wp.com\/yaracreatyque.fr\/wp-content\/uploads\/2025\/03\/attrape-reve-geometrique-style-futuriste-artistique-triangulaire.jpg?resize=1024%2C576&amp;ssl=1 1024w, https:\/\/i0.wp.com\/yaracreatyque.fr\/wp-content\/uploads\/2025\/03\/attrape-reve-geometrique-style-futuriste-artistique-triangulaire.jpg?resize=300%2C169&amp;ssl=1 300w, https:\/\/i0.wp.com\/yaracreatyque.fr\/wp-content\/uploads\/2025\/03\/attrape-reve-geometrique-style-futuriste-artistique-triangulaire.jpg?resize=768%2C432&amp;ssl=1 768w, https:\/\/i0.wp.com\/yaracreatyque.fr\/wp-content\/uploads\/2025\/03\/attrape-reve-geometrique-style-futuriste-artistique-triangulaire.jpg?resize=1536%2C864&amp;ssl=1 1536w, https:\/\/i0.wp.com\/yaracreatyque.fr\/wp-content\/uploads\/2025\/03\/attrape-reve-geometrique-style-futuriste-artistique-triangulaire.jpg?resize=18%2C10&amp;ssl=1 18w, https:\/\/i0.wp.com\/yaracreatyque.fr\/wp-content\/uploads\/2025\/03\/attrape-reve-geometrique-style-futuriste-artistique-triangulaire.jpg?resize=600%2C338&amp;ssl=1 600w, https:\/\/i0.wp.com\/yaracreatyque.fr\/wp-content\/uploads\/2025\/03\/attrape-reve-geometrique-style-futuriste-artistique-triangulaire.jpg?w=1920&amp;ssl=1 1920w\" sizes=\"auto, (max-width: 1000px) 100vw, 1000px\" \/><button\n\t\t\tclass=\"lightbox-trigger\"\n\t\t\ttype=\"button\"\n\t\t\taria-haspopup=\"dialog\"\n\t\t\tdata-wp-bind--aria-label=\"state.thisImage.triggerButtonAriaLabel\"\n\t\t\tdata-wp-init=\"callbacks.initTriggerButton\"\n\t\t\tdata-wp-on--click=\"actions.showLightbox\"\n\t\t\tdata-wp-style--right=\"state.thisImage.buttonRight\"\n\t\t\tdata-wp-style--top=\"state.thisImage.buttonTop\"\n\t\t>\n\t\t\t<svg xmlns=\"http:\/\/www.w3.org\/2000\/svg\" width=\"12\" height=\"12\" fill=\"none\" viewBox=\"0 0 12 12\">\n\t\t\t\t<path fill=\"#fff\" d=\"M2 0a2 2 0 0 0-2 2v2h1.5V2a.5.5 0 0 1 .5-.5h2V0H2Zm2 10.5H2a.5.5 0 0 1-.5-.5V8H0v2a2 2 0 0 0 2 2h2v-1.5ZM8 12v-1.5h2a.5.5 0 0 0 .5-.5V8H12v2a2 2 0 0 1-2 2H8Zm2-12a2 2 0 0 1 2 2v2h-1.5V2a.5.5 0 0 0-.5-.5H8V0h2Z\" \/>\n\t\t\t<\/svg>\n\t\t<\/button><\/figure>\n\n\n\n<div style=\"height:33px\" aria-hidden=\"true\" class=\"wp-block-spacer\"><\/div>\n\n\n\n<h4 class=\"wp-block-heading has-text-align-center\"><strong>L&rsquo;Art Comme Processus de R\u00e9flexion et de Transformation<\/strong><\/h4>\n\n\n\n<p class=\"has-text-align-center wp-block-paragraph\"><strong>Yara Creatyque<\/strong>, \u00e0 travers ses formes g\u00e9om\u00e9triques et ses cr\u00e9ations, est aussi une invitation \u00e0 la <strong>transformation<\/strong>. <\/p>\n\n\n\n<p class=\"has-text-align-center wp-block-paragraph\">L\u2019art, tel que je le con\u00e7ois, est un processus de <strong>r\u00e9flexion<\/strong> continue, \u00e0 la fois personnel et collectif. <\/p>\n\n\n\n<p class=\"has-text-align-center wp-block-paragraph\">Il nous pousse \u00e0 poser des questions, \u00e0 remettre en question nos perceptions, \u00e0 rechercher des r\u00e9ponses \u00e0 travers la contemplation des \u0153uvres. <\/p>\n\n\n\n<p class=\"has-text-align-center wp-block-paragraph\">Pour chaque spectateur, ce processus peut prendre des formes diff\u00e9rentes : il peut \u00eatre une mani\u00e8re de trouver un <strong>\u00e9quilibre int\u00e9rieur<\/strong>, une fa\u00e7on de <strong>laisser parler son intuition<\/strong>, ou encore un appel \u00e0 la <strong>cr\u00e9ation<\/strong>.<\/p>\n\n\n\n<p class=\"has-text-align-center wp-block-paragraph\">L\u2019art est donc bien plus qu\u2019un produit fini. C&rsquo;est un <strong>mouvement<\/strong>, un <strong>chemin<\/strong>, une r\u00e9flexion partag\u00e9e et une exp\u00e9rience de transformation personnelle. Chaque cr\u00e9ation est une invitation \u00e0 <strong>l\u2019introspection<\/strong>, une possibilit\u00e9 d&rsquo;explorer de nouvelles dimensions de soi, de d\u00e9couvrir des aspects cach\u00e9s ou encore de vivre un moment de calme et de s\u00e9r\u00e9nit\u00e9.<\/p>\n\n\n\n<div style=\"height:33px\" aria-hidden=\"true\" class=\"wp-block-spacer\"><\/div>\n\n\n\n<h4 class=\"wp-block-heading has-text-align-center\"><strong>Une R\u00e9sonance Diff\u00e9rente pour Chaque Cr\u00e9ateur<\/strong><\/h4>\n\n\n\n<p class=\"has-text-align-center wp-block-paragraph\">Ce processus personnel et universel se manifeste aussi dans l&rsquo;interaction entre l&rsquo;artiste et l&rsquo;\u0153uvre. \u00c0 travers le nom <strong>Yara Creatyque<\/strong>, je souhaite que chaque individu puisse voir son propre reflet dans les cr\u00e9ations. <\/p>\n\n\n\n<p class=\"has-text-align-center wp-block-paragraph\">Cela va au-del\u00e0 de la simple observation esth\u00e9tique. Le but est de permettre \u00e0 chaque cr\u00e9ateur, chaque spectateur, de s&rsquo;approprier l\u2019\u0153uvre \u00e0 sa mani\u00e8re, en fonction de ses propres \u00e9motions et exp\u00e9riences. <\/p>\n\n\n\n<p class=\"has-text-align-center wp-block-paragraph\">Le processus de cr\u00e9ation devient alors un \u00e9change, une conversation entre l&rsquo;artiste et celui qui regarde, une exp\u00e9rience de <strong>connexion<\/strong> et de <strong>partage<\/strong>.<\/p>\n\n\n\n<p class=\"has-text-align-center wp-block-paragraph\"><strong>Yara Creatyque<\/strong> devient ainsi plus qu\u2019une signature artistique : il devient un lieu d\u2019\u00e9change, une invitation \u00e0 la <strong>r\u00e9flexion<\/strong> et \u00e0 l\u2019<strong>exploration<\/strong> personnelle. <\/p>\n\n\n\n<p class=\"has-text-align-center wp-block-paragraph\">\u00c0 travers l\u2019\u0153uvre, je souhaite offrir \u00e0 chacun un espace o\u00f9 il peut se d\u00e9couvrir, se r\u00e9inventer et se reconnecter \u00e0 l\u2019<strong>essence m\u00eame de la cr\u00e9ation<\/strong>.<\/p>\n\n\n\n<div style=\"height:44px\" aria-hidden=\"true\" class=\"wp-block-spacer\"><\/div>\n\n\n\n<h4 class=\"wp-block-heading\"><strong>Conclusion<\/strong><\/h4>\n\n\n\n<p class=\"has-text-align-center wp-block-paragraph\">En somme, <strong>Yara Creatyque<\/strong> est un espace o\u00f9 l\u2019art devient un <strong>processus vivant<\/strong> et <strong>interactif<\/strong>, o\u00f9 chaque cr\u00e9ation ouvre la porte \u00e0 une r\u00e9flexion personnelle, mais aussi universelle. <\/p>\n\n\n\n<p class=\"has-text-align-center wp-block-paragraph\">Il invite \u00e0 une exploration de soi-m\u00eame, un appel \u00e0 la transformation \u00e0 travers la cr\u00e9ativit\u00e9. <\/p>\n\n\n\n<p class=\"has-text-align-center wp-block-paragraph\">\u00c0 chaque nouvelle \u0153uvre, je propose non seulement une extension de ma vision personnelle, mais aussi un <strong>pont<\/strong> vers le spectateur, un \u00e9change qui se tisse entre l\u2019artiste et l\u2019observateur.<\/p>\n\n\n\n<div style=\"height:33px\" aria-hidden=\"true\" class=\"wp-block-spacer\"><\/div>\n\n\n\n<figure data-wp-context=\"{&quot;imageId&quot;:&quot;69f489a1e1a97&quot;}\" data-wp-interactive=\"core\/image\" data-wp-key=\"69f489a1e1a97\" class=\"wp-block-image size-large wp-lightbox-container\"><img data-recalc-dims=\"1\" loading=\"lazy\" decoding=\"async\" width=\"1024\" height=\"576\" data-attachment-id=\"2064\" data-permalink=\"https:\/\/yaracreatyque.fr\/?attachment_id=2064\" data-orig-file=\"https:\/\/i0.wp.com\/yaracreatyque.fr\/wp-content\/uploads\/2025\/03\/Sculpture-doree-femme-geometrique-papillons.jpg?fit=1920%2C1080&amp;ssl=1\" data-orig-size=\"1920,1080\" data-comments-opened=\"1\" data-image-meta=\"{&quot;aperture&quot;:&quot;0&quot;,&quot;credit&quot;:&quot;&quot;,&quot;camera&quot;:&quot;&quot;,&quot;caption&quot;:&quot;&quot;,&quot;created_timestamp&quot;:&quot;0&quot;,&quot;copyright&quot;:&quot;&quot;,&quot;focal_length&quot;:&quot;0&quot;,&quot;iso&quot;:&quot;0&quot;,&quot;shutter_speed&quot;:&quot;0&quot;,&quot;title&quot;:&quot;&quot;,&quot;orientation&quot;:&quot;1&quot;}\" data-image-title=\"Sculpture dore\u0301e femme ge\u0301ome\u0301trique papillons\" data-image-description=\"&lt;p&gt;cr\u00e9atrice et spectateur qui devient refl\u00e9teur yara creatyque&lt;\/p&gt;\n\" data-image-caption=\"\" data-large-file=\"https:\/\/i0.wp.com\/yaracreatyque.fr\/wp-content\/uploads\/2025\/03\/Sculpture-doree-femme-geometrique-papillons.jpg?fit=1024%2C576&amp;ssl=1\" data-wp-class--hide=\"state.isContentHidden\" data-wp-class--show=\"state.isContentVisible\" data-wp-init=\"callbacks.setButtonStyles\" data-wp-on--click=\"actions.showLightbox\" data-wp-on--load=\"callbacks.setButtonStyles\" data-wp-on--pointerdown=\"actions.preloadImage\" data-wp-on--pointerenter=\"actions.preloadImageWithDelay\" data-wp-on--pointerleave=\"actions.cancelPreload\" data-wp-on-window--resize=\"callbacks.setButtonStyles\" src=\"https:\/\/i0.wp.com\/yaracreatyque.fr\/wp-content\/uploads\/2025\/03\/Sculpture-doree-femme-geometrique-papillons.jpg?resize=1024%2C576&#038;ssl=1\" alt=\"cr\u00e9atrice et spectateur yara creatyque\" class=\"wp-image-2064\" srcset=\"https:\/\/i0.wp.com\/yaracreatyque.fr\/wp-content\/uploads\/2025\/03\/Sculpture-doree-femme-geometrique-papillons.jpg?resize=1024%2C576&amp;ssl=1 1024w, https:\/\/i0.wp.com\/yaracreatyque.fr\/wp-content\/uploads\/2025\/03\/Sculpture-doree-femme-geometrique-papillons.jpg?resize=300%2C169&amp;ssl=1 300w, https:\/\/i0.wp.com\/yaracreatyque.fr\/wp-content\/uploads\/2025\/03\/Sculpture-doree-femme-geometrique-papillons.jpg?resize=768%2C432&amp;ssl=1 768w, https:\/\/i0.wp.com\/yaracreatyque.fr\/wp-content\/uploads\/2025\/03\/Sculpture-doree-femme-geometrique-papillons.jpg?resize=1536%2C864&amp;ssl=1 1536w, https:\/\/i0.wp.com\/yaracreatyque.fr\/wp-content\/uploads\/2025\/03\/Sculpture-doree-femme-geometrique-papillons.jpg?resize=18%2C10&amp;ssl=1 18w, https:\/\/i0.wp.com\/yaracreatyque.fr\/wp-content\/uploads\/2025\/03\/Sculpture-doree-femme-geometrique-papillons.jpg?resize=600%2C338&amp;ssl=1 600w, https:\/\/i0.wp.com\/yaracreatyque.fr\/wp-content\/uploads\/2025\/03\/Sculpture-doree-femme-geometrique-papillons.jpg?w=1920&amp;ssl=1 1920w\" sizes=\"auto, (max-width: 1000px) 100vw, 1000px\" \/><button\n\t\t\tclass=\"lightbox-trigger\"\n\t\t\ttype=\"button\"\n\t\t\taria-haspopup=\"dialog\"\n\t\t\tdata-wp-bind--aria-label=\"state.thisImage.triggerButtonAriaLabel\"\n\t\t\tdata-wp-init=\"callbacks.initTriggerButton\"\n\t\t\tdata-wp-on--click=\"actions.showLightbox\"\n\t\t\tdata-wp-style--right=\"state.thisImage.buttonRight\"\n\t\t\tdata-wp-style--top=\"state.thisImage.buttonTop\"\n\t\t>\n\t\t\t<svg xmlns=\"http:\/\/www.w3.org\/2000\/svg\" width=\"12\" height=\"12\" fill=\"none\" viewBox=\"0 0 12 12\">\n\t\t\t\t<path fill=\"#fff\" d=\"M2 0a2 2 0 0 0-2 2v2h1.5V2a.5.5 0 0 1 .5-.5h2V0H2Zm2 10.5H2a.5.5 0 0 1-.5-.5V8H0v2a2 2 0 0 0 2 2h2v-1.5ZM8 12v-1.5h2a.5.5 0 0 0 .5-.5V8H12v2a2 2 0 0 1-2 2H8Zm2-12a2 2 0 0 1 2 2v2h-1.5V2a.5.5 0 0 0-.5-.5H8V0h2Z\" \/>\n\t\t\t<\/svg>\n\t\t<\/button><\/figure>\n\n\n\n<div style=\"height:33px\" aria-hidden=\"true\" class=\"wp-block-spacer\"><\/div>\n\n\n\n<h3 class=\"wp-block-heading has-text-align-center\"><strong>Les Interpr\u00e9tations Subjectives et Libres<\/strong><\/h3>\n\n\n\n<p class=\"has-text-align-center wp-block-paragraph\">Le nom <strong>Yara Creatyque<\/strong>, tout comme l&rsquo;ensemble de mon travail, invite \u00e0 une <strong>interpr\u00e9tation libre<\/strong> et <strong>personnelle<\/strong>. <\/p>\n\n\n\n<p class=\"has-text-align-center wp-block-paragraph\">Chacun de nous, en fonction de son propre v\u00e9cu, de ses croyances et de ses \u00e9motions, peut se connecter \u00e0 ce nom et \u00e0 son univers d&rsquo;une mani\u00e8re unique. Il n&rsquo;existe pas une seule v\u00e9rit\u00e9, mais une multitude de significations possibles. Ce nom et ce que j\u2019en fais sont <strong>ouverts \u00e0 l\u2019interpr\u00e9tation<\/strong> de celui ou celle qui le rencontre.<\/p>\n\n\n\n<div style=\"height:33px\" aria-hidden=\"true\" class=\"wp-block-spacer\"><\/div>\n\n\n\n<h4 class=\"wp-block-heading has-text-align-center\"><strong>Un Nom qui \u00c9volue avec l&rsquo;Exp\u00e9rience<\/strong><\/h4>\n\n\n\n<p class=\"has-text-align-center wp-block-paragraph\">Le <strong>nom \u00ab\u00a0Yara Creatyque\u00a0\u00bb<\/strong> est con\u00e7u pour <strong>grandir avec son porteur<\/strong> et avec ceux qui l&rsquo;interpr\u00e8tent. <\/p>\n\n\n\n<p class=\"has-text-align-center wp-block-paragraph\">Comme toute \u0153uvre d\u2019art, il peut changer, \u00e9voluer et prendre des significations nouvelles au fur et \u00e0 mesure que les exp\u00e9riences personnelles se tissent autour de lui. Ce qui pouvait d\u2019abord sembler une simple cr\u00e9ation artistique pourrait, avec le temps, devenir un <strong>symbole<\/strong> plus profond pour celui qui l\u2019examine, un <strong>r\u00e9ceptacle<\/strong> d\u2019id\u00e9es, de r\u00e9flexions et d\u2019\u00e9motions.<\/p>\n\n\n\n<div style=\"height:33px\" aria-hidden=\"true\" class=\"wp-block-spacer\"><\/div>\n\n\n\n<p class=\"has-text-align-center wp-block-paragraph\">Chaque personne qui entre en contact avec ce nom et ce concept peut y voir ce qu\u2019il d\u00e9sire y trouver, y associer ce qu\u2019il veut, \u00e0 sa mani\u00e8re. <\/p>\n\n\n\n<p class=\"has-text-align-center wp-block-paragraph\">Peut-\u00eatre que pour certains, <strong>Yara Creatyque<\/strong> repr\u00e9sente l\u2019id\u00e9e de la <strong>cr\u00e9ation consciente<\/strong>, un espace de cr\u00e9ativit\u00e9 purement intuitif. Pour d\u2019autres, cela pourrait \u00e9voquer une qu\u00eate de <strong>bien-\u00eatre<\/strong>, d\u2019<strong>\u00e9quilibre<\/strong> ou de <strong>transformation personnelle<\/strong> \u00e0 travers l\u2019art. Peut-\u00eatre m\u00eame qu\u2019il inspirera un tout autre chemin de r\u00e9flexion que celui que j\u2019ai moi-m\u00eame envisag\u00e9.<\/p>\n\n\n\n<div style=\"height:33px\" aria-hidden=\"true\" class=\"wp-block-spacer\"><\/div>\n\n\n\n<h4 class=\"wp-block-heading has-text-align-center\"><strong>La Libert\u00e9 d&rsquo;Interpr\u00e9tation : Une Dimension Essentielle de l&rsquo;Art<\/strong><\/h4>\n\n\n\n<p class=\"has-text-align-center wp-block-paragraph\">Dans le cadre de la <strong>cr\u00e9ation artistique<\/strong>, cette libert\u00e9 d\u2019interpr\u00e9tation est essentielle. <\/p>\n\n\n\n<p class=\"has-text-align-center wp-block-paragraph\">Les \u0153uvres, tout comme les concepts qui les sous-tendent, doivent pouvoir \u00eatre vues sous diff\u00e9rents angles, offrir des portes ouvertes \u00e0 des visions diverses et permettre \u00e0 chacun de projeter ses propres perceptions. <\/p>\n\n\n\n<p class=\"has-text-align-center wp-block-paragraph\"><strong>Yara Creatyque<\/strong>, en tant que nom, n&rsquo;est pas un mot fig\u00e9 mais une <strong>invitation<\/strong> \u00e0 red\u00e9couvrir sans cesse. Son <strong>univers<\/strong> peut s\u2019enrichir avec chaque regard pos\u00e9 dessus, avec chaque exp\u00e9rience v\u00e9cue par ceux qui le rencontrent.<\/p>\n\n\n\n<p class=\"has-text-align-center wp-block-paragraph\">C\u2019est dans cette <strong>libert\u00e9 d\u2019interpr\u00e9tation<\/strong> que r\u00e9side la v\u00e9ritable beaut\u00e9 de l\u2019art et de son pouvoir : il offre une possibilit\u00e9 infinie de significations, de connexions et de transformations. <\/p>\n\n\n\n<p class=\"has-text-align-center wp-block-paragraph\">Le nom <strong>Yara Creatyque<\/strong> ne cherche pas \u00e0 d\u00e9finir une seule v\u00e9rit\u00e9, mais \u00e0 <strong>inspirer<\/strong> une multitude de parcours et de d\u00e9couvertes.<\/p>\n\n\n\n<div style=\"height:44px\" aria-hidden=\"true\" class=\"wp-block-spacer\"><\/div>\n\n\n\n<h4 class=\"wp-block-heading has-text-align-center\"><strong>Un Voyage Personnel \u00e0 Travers le Temps<\/strong><\/h4>\n\n\n\n<p class=\"has-text-align-center wp-block-paragraph\">De plus, au fil du temps, comme tout voyage artistique, le nom <strong>Yara Creatyque<\/strong> peut \u00e9voluer, s&rsquo;adapter et se red\u00e9finir. <\/p>\n\n\n\n<p class=\"has-text-align-center wp-block-paragraph\">Ce n&rsquo;est pas un concept rigide, mais une <strong>entit\u00e9 vivante<\/strong>, qui se nourrit des exp\u00e9riences collectives et personnelles.<\/p>\n\n\n\n<p class=\"has-text-align-center wp-block-paragraph\"> Il peut ainsi offrir une nouvelle perspective, une r\u00e9sonance diff\u00e9rente \u00e0 chaque \u00e9tape de la vie ou au gr\u00e9 des transformations personnelles. C\u2019est cette <strong>plasticit\u00e9<\/strong> qui lui conf\u00e8re sa richesse : un concept ouvert \u00e0 l\u2019\u00e9volution, \u00e0 l\u2019expansion et \u00e0 l\u2019exploration infinie.<\/p>\n\n\n\n<div style=\"height:33px\" aria-hidden=\"true\" class=\"wp-block-spacer\"><\/div>\n\n\n\n<h4 class=\"wp-block-heading\"><strong>Conclusion<\/strong><\/h4>\n\n\n\n<p class=\"has-text-align-center wp-block-paragraph\">Ainsi, le nom <strong>Yara Creatyque<\/strong>, tout comme chaque cr\u00e9ation qui y est associ\u00e9e, <strong>\u00e9chappe \u00e0 toute interpr\u00e9tation d\u00e9finitive<\/strong>. <\/p>\n\n\n\n<p class=\"has-text-align-center wp-block-paragraph\">Il est une <strong>invitation \u00e0 la r\u00e9flexion personnelle<\/strong>, \u00e0 l\u2019interpr\u00e9tation subjective, et \u00e0 l\u2019exploration d\u2019une multitude de significations. <\/p>\n\n\n\n<p class=\"has-text-align-center wp-block-paragraph\">Je vous invite donc \u00e0 explorer ce nom \u00e0 votre mani\u00e8re, \u00e0 voir en lui ce que vous y percevez, et \u00e0 lui donner les significations qui r\u00e9sonnent avec votre propre exp\u00e9rience. <\/p>\n\n\n\n<p class=\"has-text-align-center wp-block-paragraph\">Le nom et l\u2019univers qu\u2019il porte sont appel\u00e9s \u00e0 <strong>\u00e9voluer<\/strong> et \u00e0 se <strong>transformer<\/strong>, tout comme nous-m\u00eames.<\/p>\n\n\n\n<div style=\"height:100px\" aria-hidden=\"true\" class=\"wp-block-spacer\"><\/div>\n\n\n\n<figure data-wp-context=\"{&quot;imageId&quot;:&quot;69f489a1e29f1&quot;}\" data-wp-interactive=\"core\/image\" data-wp-key=\"69f489a1e29f1\" class=\"wp-block-image size-large wp-lightbox-container\"><img data-recalc-dims=\"1\" loading=\"lazy\" decoding=\"async\" width=\"1024\" height=\"576\" data-attachment-id=\"2067\" data-permalink=\"https:\/\/yaracreatyque.fr\/?attachment_id=2067\" data-orig-file=\"https:\/\/i0.wp.com\/yaracreatyque.fr\/wp-content\/uploads\/2025\/03\/Sculpture-doree-femme-geometrique.jpg?fit=1920%2C1080&amp;ssl=1\" data-orig-size=\"1920,1080\" data-comments-opened=\"1\" data-image-meta=\"{&quot;aperture&quot;:&quot;0&quot;,&quot;credit&quot;:&quot;&quot;,&quot;camera&quot;:&quot;&quot;,&quot;caption&quot;:&quot;&quot;,&quot;created_timestamp&quot;:&quot;0&quot;,&quot;copyright&quot;:&quot;&quot;,&quot;focal_length&quot;:&quot;0&quot;,&quot;iso&quot;:&quot;0&quot;,&quot;shutter_speed&quot;:&quot;0&quot;,&quot;title&quot;:&quot;&quot;,&quot;orientation&quot;:&quot;1&quot;}\" data-image-title=\"Sculpture dore\u0301e femme ge\u0301ome\u0301trique\" data-image-description=\"&lt;p&gt;transformation int\u00e9rieure universelle &amp;#8211; yara creatyque&lt;\/p&gt;\n\" data-image-caption=\"\" data-large-file=\"https:\/\/i0.wp.com\/yaracreatyque.fr\/wp-content\/uploads\/2025\/03\/Sculpture-doree-femme-geometrique.jpg?fit=1024%2C576&amp;ssl=1\" data-wp-class--hide=\"state.isContentHidden\" data-wp-class--show=\"state.isContentVisible\" data-wp-init=\"callbacks.setButtonStyles\" data-wp-on--click=\"actions.showLightbox\" data-wp-on--load=\"callbacks.setButtonStyles\" data-wp-on--pointerdown=\"actions.preloadImage\" data-wp-on--pointerenter=\"actions.preloadImageWithDelay\" data-wp-on--pointerleave=\"actions.cancelPreload\" data-wp-on-window--resize=\"callbacks.setButtonStyles\" src=\"https:\/\/i0.wp.com\/yaracreatyque.fr\/wp-content\/uploads\/2025\/03\/Sculpture-doree-femme-geometrique.jpg?resize=1024%2C576&#038;ssl=1\" alt=\"transformation int\u00e9rieure universelle - yara creatyque\" class=\"wp-image-2067\" srcset=\"https:\/\/i0.wp.com\/yaracreatyque.fr\/wp-content\/uploads\/2025\/03\/Sculpture-doree-femme-geometrique.jpg?resize=1024%2C576&amp;ssl=1 1024w, https:\/\/i0.wp.com\/yaracreatyque.fr\/wp-content\/uploads\/2025\/03\/Sculpture-doree-femme-geometrique.jpg?resize=300%2C169&amp;ssl=1 300w, https:\/\/i0.wp.com\/yaracreatyque.fr\/wp-content\/uploads\/2025\/03\/Sculpture-doree-femme-geometrique.jpg?resize=768%2C432&amp;ssl=1 768w, https:\/\/i0.wp.com\/yaracreatyque.fr\/wp-content\/uploads\/2025\/03\/Sculpture-doree-femme-geometrique.jpg?resize=1536%2C864&amp;ssl=1 1536w, https:\/\/i0.wp.com\/yaracreatyque.fr\/wp-content\/uploads\/2025\/03\/Sculpture-doree-femme-geometrique.jpg?resize=18%2C10&amp;ssl=1 18w, https:\/\/i0.wp.com\/yaracreatyque.fr\/wp-content\/uploads\/2025\/03\/Sculpture-doree-femme-geometrique.jpg?resize=600%2C338&amp;ssl=1 600w, https:\/\/i0.wp.com\/yaracreatyque.fr\/wp-content\/uploads\/2025\/03\/Sculpture-doree-femme-geometrique.jpg?w=1920&amp;ssl=1 1920w\" sizes=\"auto, (max-width: 1000px) 100vw, 1000px\" \/><button\n\t\t\tclass=\"lightbox-trigger\"\n\t\t\ttype=\"button\"\n\t\t\taria-haspopup=\"dialog\"\n\t\t\tdata-wp-bind--aria-label=\"state.thisImage.triggerButtonAriaLabel\"\n\t\t\tdata-wp-init=\"callbacks.initTriggerButton\"\n\t\t\tdata-wp-on--click=\"actions.showLightbox\"\n\t\t\tdata-wp-style--right=\"state.thisImage.buttonRight\"\n\t\t\tdata-wp-style--top=\"state.thisImage.buttonTop\"\n\t\t>\n\t\t\t<svg xmlns=\"http:\/\/www.w3.org\/2000\/svg\" width=\"12\" height=\"12\" fill=\"none\" viewBox=\"0 0 12 12\">\n\t\t\t\t<path fill=\"#fff\" d=\"M2 0a2 2 0 0 0-2 2v2h1.5V2a.5.5 0 0 1 .5-.5h2V0H2Zm2 10.5H2a.5.5 0 0 1-.5-.5V8H0v2a2 2 0 0 0 2 2h2v-1.5ZM8 12v-1.5h2a.5.5 0 0 0 .5-.5V8H12v2a2 2 0 0 1-2 2H8Zm2-12a2 2 0 0 1 2 2v2h-1.5V2a.5.5 0 0 0-.5-.5H8V0h2Z\" \/>\n\t\t\t<\/svg>\n\t\t<\/button><\/figure>\n\n\n\n<div style=\"height:100px\" aria-hidden=\"true\" class=\"wp-block-spacer\"><\/div>\n\n\n\n<h3 class=\"wp-block-heading\"><strong>Conclusion<\/strong><\/h3>\n\n\n\n<p class=\"has-text-align-center wp-block-paragraph\">En explorant les diff\u00e9rentes dimensions de <strong>\u00ab\u00a0Yara Creatyque\u00a0\u00bb<\/strong>, nous avons vu comment ce nom, \u00e0 la fois personnel et universel, est porteur de multiples significations. <\/p>\n\n\n\n<p class=\"has-text-align-center wp-block-paragraph\">Il s\u2019ancre dans une qu\u00eate de <strong>cr\u00e9ation consciente<\/strong>, de <strong>r\u00e9flexion personnelle<\/strong>, et s\u2019inscrit dans une approche artistique et spirituelle ouverte \u00e0 l\u2019interpr\u00e9tation. <\/p>\n\n\n\n<p class=\"has-text-align-center wp-block-paragraph\">\u00c0 travers son origine, ses influences et ses symboliques, nous avons d\u00e9couvert un nom qui va bien au-del\u00e0 d\u2019une simple identit\u00e9 \u2013 il invite \u00e0 un <strong>voyage int\u00e9rieur<\/strong>, \u00e0 une <strong>exploration cr\u00e9ative<\/strong> et \u00e0 une <strong>connexion \u00e0 soi-m\u00eame<\/strong>.<\/p>\n\n\n\n<p class=\"has-text-align-center wp-block-paragraph\">Ce parcours nous rappelle que l\u2019art et la cr\u00e9ativit\u00e9 sont des chemins d\u2019expression libres, sans limites. <\/p>\n\n\n\n<p class=\"has-text-align-center wp-block-paragraph\">Que vous choisissiez d\u2019interpr\u00e9ter <strong>\u00ab\u00a0Yara Creatyque\u00a0\u00bb<\/strong> \u00e0 travers votre propre v\u00e9cu, vos \u00e9motions ou vos aspirations, vous \u00eates invit\u00e9s \u00e0 faire de cette exploration un <strong>chemin personnel<\/strong>, un espace de transformation. <\/p>\n\n\n\n<p class=\"has-text-align-center wp-block-paragraph\">Le nom, tout comme l\u2019art, est fluide, vivant, et ouvert \u00e0 toutes les perceptions.<\/p>\n\n\n\n<p class=\"has-text-align-center wp-block-paragraph\">Je vous encourage \u00e0 suivre votre propre voie, \u00e0 laisser <strong>\u00ab\u00a0Yara Creatyque\u00a0\u00bb<\/strong> \u00eatre le point de d\u00e9part de votre propre exploration \u2013 que ce soit \u00e0 travers l\u2019art, la spiritualit\u00e9 ou une recherche plus profonde de vous-m\u00eame. <\/p>\n\n\n\n<p class=\"has-text-align-center wp-block-paragraph\">Chaque r\u00e9flexion, chaque cr\u00e9ation, chaque rencontre avec ce nom peut \u00eatre une nouvelle occasion de grandir, d\u2019\u00e9voluer, et d\u2019explorer de nouveaux horizons.<\/p>\n\n\n\n<p class=\"has-text-align-center wp-block-paragraph\">L\u2019histoire de <strong>\u00ab\u00a0Yara Creatyque\u00a0\u00bb<\/strong> ne fait que commencer. Elle est l\u00e0, \u00e0 la fois <strong>ouverte<\/strong> et <strong>en constante \u00e9volution<\/strong>, pr\u00eate \u00e0 \u00eatre \u00e9crite \u00e0 travers vos propres exp\u00e9riences et perceptions. Le voyage est entre vos mains.<\/p>\n\n\n\n<div style=\"height:100px\" aria-hidden=\"true\" class=\"wp-block-spacer\"><\/div>\n\n\n\n<h3 class=\"wp-block-heading\">Encore plus d&rsquo;informations sur les significations de Yara Creatyque ?<\/h3>\n\n\n\n<div style=\"height:100px\" aria-hidden=\"true\" class=\"wp-block-spacer\"><\/div>\n\n\n\n<p class=\"has-text-align-center wp-block-paragraph\"><strong>Yara Creatyque<\/strong> est un nom fascinant qui porte en lui une riche symbolique et une profonde connexion avec la cr\u00e9ativit\u00e9, l&rsquo;art et la transformation personnelle. En tant que concept, il \u00e9voque bien plus qu\u2019une simple marque ou identit\u00e9. Il incarne une approche artistique qui est ouverte \u00e0 l\u2019interpr\u00e9tation, qui invite \u00e0 la r\u00e9flexion et qui se nourrit de l\u2019interconnexion entre l&rsquo;art, la spiritualit\u00e9 et l\u2019individualit\u00e9. <\/p>\n\n\n\n<div style=\"height:33px\" aria-hidden=\"true\" class=\"wp-block-spacer\"><\/div>\n\n\n\n<figure class=\"wp-block-image size-large\"><a href=\"https:\/\/yaracreatyque.fr\/accueil-yara-creatyque-expace-creatif-d-introspection-et-art-geometrique\/\"><img data-recalc-dims=\"1\" loading=\"lazy\" decoding=\"async\" width=\"1024\" height=\"576\" data-attachment-id=\"2063\" data-permalink=\"https:\/\/yaracreatyque.fr\/?attachment_id=2063\" data-orig-file=\"https:\/\/i0.wp.com\/yaracreatyque.fr\/wp-content\/uploads\/2025\/03\/illustration-femme-relaxee-style-geometrique-artistique.jpg?fit=1920%2C1080&amp;ssl=1\" data-orig-size=\"1920,1080\" data-comments-opened=\"1\" data-image-meta=\"{&quot;aperture&quot;:&quot;0&quot;,&quot;credit&quot;:&quot;&quot;,&quot;camera&quot;:&quot;&quot;,&quot;caption&quot;:&quot;&quot;,&quot;created_timestamp&quot;:&quot;0&quot;,&quot;copyright&quot;:&quot;&quot;,&quot;focal_length&quot;:&quot;0&quot;,&quot;iso&quot;:&quot;0&quot;,&quot;shutter_speed&quot;:&quot;0&quot;,&quot;title&quot;:&quot;&quot;,&quot;orientation&quot;:&quot;1&quot;}\" data-image-title=\"illustration femme relaxe\u0301e style ge\u0301ome\u0301trique artistique\" data-image-description=\"&lt;p&gt;yara creatyque artiste intuitive et introspective&lt;\/p&gt;\n\" data-image-caption=\"\" data-large-file=\"https:\/\/i0.wp.com\/yaracreatyque.fr\/wp-content\/uploads\/2025\/03\/illustration-femme-relaxee-style-geometrique-artistique.jpg?fit=1024%2C576&amp;ssl=1\" src=\"https:\/\/i0.wp.com\/yaracreatyque.fr\/wp-content\/uploads\/2025\/03\/illustration-femme-relaxee-style-geometrique-artistique.jpg?resize=1024%2C576&#038;ssl=1\" alt=\"yara creatyque artiste intuitive et introspective. rechercher la signification de yara creatyque pour s'ancrer dans son identit\u00e9 artistique et comprendre ses intentions cach\u00e9es\" class=\"wp-image-2063\" srcset=\"https:\/\/i0.wp.com\/yaracreatyque.fr\/wp-content\/uploads\/2025\/03\/illustration-femme-relaxee-style-geometrique-artistique.jpg?resize=1024%2C576&amp;ssl=1 1024w, https:\/\/i0.wp.com\/yaracreatyque.fr\/wp-content\/uploads\/2025\/03\/illustration-femme-relaxee-style-geometrique-artistique.jpg?resize=300%2C169&amp;ssl=1 300w, https:\/\/i0.wp.com\/yaracreatyque.fr\/wp-content\/uploads\/2025\/03\/illustration-femme-relaxee-style-geometrique-artistique.jpg?resize=768%2C432&amp;ssl=1 768w, https:\/\/i0.wp.com\/yaracreatyque.fr\/wp-content\/uploads\/2025\/03\/illustration-femme-relaxee-style-geometrique-artistique.jpg?resize=1536%2C864&amp;ssl=1 1536w, https:\/\/i0.wp.com\/yaracreatyque.fr\/wp-content\/uploads\/2025\/03\/illustration-femme-relaxee-style-geometrique-artistique.jpg?resize=18%2C10&amp;ssl=1 18w, https:\/\/i0.wp.com\/yaracreatyque.fr\/wp-content\/uploads\/2025\/03\/illustration-femme-relaxee-style-geometrique-artistique.jpg?resize=600%2C338&amp;ssl=1 600w, https:\/\/i0.wp.com\/yaracreatyque.fr\/wp-content\/uploads\/2025\/03\/illustration-femme-relaxee-style-geometrique-artistique.jpg?w=1920&amp;ssl=1 1920w\" sizes=\"auto, (max-width: 1000px) 100vw, 1000px\" \/><\/a><\/figure>\n\n\n\n<div style=\"height:33px\" aria-hidden=\"true\" class=\"wp-block-spacer\"><\/div>\n\n\n\n<p class=\"has-text-align-center wp-block-paragraph\">Voici quelques \u00e9l\u00e9ments suppl\u00e9mentaires qui enrichissent le potentiel d&rsquo;interpr\u00e9tations de <strong>Yara Creatyque<\/strong> :<\/p>\n\n\n\n<div style=\"height:33px\" aria-hidden=\"true\" class=\"wp-block-spacer\"><\/div>\n\n\n\n<h3 class=\"wp-block-heading has-text-align-center\"><strong>La Philosophie de la Cr\u00e9ation Consciente<\/strong><\/h3>\n\n\n\n<div style=\"height:22px\" aria-hidden=\"true\" class=\"wp-block-spacer\"><\/div>\n\n\n\n<p class=\"has-text-align-center wp-block-paragraph\">Le terme <strong>Creatyque<\/strong>, \u00e0 partir de \u00ab\u00a0cr\u00e9ation\u00a0\u00bb, \u00e9voque non seulement la <strong>cr\u00e9ativit\u00e9<\/strong> en tant que pratique artistique, mais aussi en tant qu\u2019approche de vie. Ce mot nous invite \u00e0 r\u00e9fl\u00e9chir \u00e0 la fa\u00e7on dont nous pouvons <strong>faire na\u00eetre<\/strong> nos id\u00e9es, nos projets et nos visions, tout en <strong>conscientisant le processus cr\u00e9atif<\/strong>. <\/p>\n\n\n\n<p class=\"has-text-align-center wp-block-paragraph\">Il symbolise un retour \u00e0 la <strong>profondeur int\u00e9rieure<\/strong>, \u00e0 l\u2019intuition, \u00e0 l\u2019instinct de cr\u00e9ation, et \u00e0 l\u2019importance de se connecter \u00e0 soi-m\u00eame pour amener au monde une version authentique de nos talents et de nos id\u00e9es.<\/p>\n\n\n\n<div style=\"height:22px\" aria-hidden=\"true\" class=\"wp-block-spacer\"><\/div>\n\n\n\n<h3 class=\"wp-block-heading has-text-align-center\"><strong>Un Voyage Int\u00e9rieur \u00e0 Travers l&rsquo;Art<\/strong><\/h3>\n\n\n\n<div style=\"height:22px\" aria-hidden=\"true\" class=\"wp-block-spacer\"><\/div>\n\n\n\n<p class=\"has-text-align-center wp-block-paragraph\"><strong>Yara Creatyque<\/strong> s\u2019inscrit dans une qu\u00eate plus spirituelle et introspective. <\/p>\n\n\n\n<p class=\"has-text-align-center wp-block-paragraph\">Il met en lumi\u00e8re l&rsquo;id\u00e9e que l&rsquo;art, loin d&rsquo;\u00eatre un simple produit esth\u00e9tique, est un <strong>outil de transformation personnelle<\/strong>. <\/p>\n\n\n\n<p class=\"has-text-align-center wp-block-paragraph\">Les cr\u00e9ations qui en d\u00e9coulent ne sont pas uniquement des objets ou des designs, elles sont le reflet d\u2019une <strong>exp\u00e9rience int\u00e9rieure<\/strong> profonde. <\/p>\n\n\n\n<p class=\"has-text-align-center wp-block-paragraph\">Chaque \u0153uvre, qu\u2019elle soit g\u00e9om\u00e9trique, color\u00e9e ou abstraite, porte en elle un potentiel th\u00e9rapeutique et spirituel, invitant les spectateurs et les cr\u00e9ateurs \u00e0 un voyage au plus profond d&rsquo;eux-m\u00eames.<\/p>\n\n\n\n<div style=\"height:22px\" aria-hidden=\"true\" class=\"wp-block-spacer\"><\/div>\n\n\n\n<h3 class=\"wp-block-heading has-text-align-center\"><strong>Un Dialogue entre l\u2019Art et l\u2019Intuition<\/strong><\/h3>\n\n\n\n<div style=\"height:22px\" aria-hidden=\"true\" class=\"wp-block-spacer\"><\/div>\n\n\n\n<p class=\"has-text-align-center wp-block-paragraph\">Le nom <strong>Yara Creatyque<\/strong> \u00e9voque \u00e9galement un lien avec l\u2019intuition, le ressenti personnel et le <strong>dialogue int\u00e9rieur<\/strong>. <\/p>\n\n\n\n<p class=\"has-text-align-center wp-block-paragraph\">Ce concept met l\u2019accent sur l&rsquo;importance de la <strong>connexion \u00e0 son propre esprit cr\u00e9atif<\/strong>. <\/p>\n\n\n\n<p class=\"has-text-align-center wp-block-paragraph\">Cela sugg\u00e8re que l\u2019art ne doit pas simplement \u00eatre appr\u00e9ci\u00e9 de mani\u00e8re intellectuelle ou esth\u00e9tique, mais qu\u2019il peut aussi \u00eatre <strong>ressenti et v\u00e9cu<\/strong> de mani\u00e8re intuitive. <\/p>\n\n\n\n<p class=\"has-text-align-center wp-block-paragraph\">L\u2019artiste devient ainsi un m\u00e9diateur entre le visible et l\u2019invisible, un cr\u00e9ateur qui guide les autres vers une <strong>exp\u00e9rience sensorielle et \u00e9motionnelle<\/strong>.<\/p>\n\n\n\n<div style=\"height:22px\" aria-hidden=\"true\" class=\"wp-block-spacer\"><\/div>\n\n\n\n<h3 class=\"wp-block-heading has-text-align-center\"><strong>La Libert\u00e9 et l\u2019\u00c9volution de l\u2019Interpr\u00e9tation<\/strong><\/h3>\n\n\n\n<div style=\"height:22px\" aria-hidden=\"true\" class=\"wp-block-spacer\"><\/div>\n\n\n\n<p class=\"has-text-align-center wp-block-paragraph\">Ce qui rend <strong>Yara Creatyque<\/strong> encore plus fascinant, c\u2019est sa capacit\u00e9 \u00e0 se r\u00e9inventer sans cesse. Le nom est <strong>ouvert<\/strong> et <strong>\u00e9volutif<\/strong>, ce qui permet une diversit\u00e9 d\u2019interpr\u00e9tations. Tout comme l\u2019art lui-m\u00eame, il invite les gens \u00e0 l\u2019aborder avec leur propre v\u00e9cu, leurs \u00e9motions et leurs pens\u00e9es. <\/p>\n\n\n\n<p class=\"has-text-align-center wp-block-paragraph\">C\u2019est un concept qui, loin de donner des r\u00e9ponses fig\u00e9es, <strong>ouvre des questions<\/strong>, <strong>propose des pistes<\/strong>, et invite chacun \u00e0 trouver son propre chemin.<\/p>\n\n\n\n<div style=\"height:22px\" aria-hidden=\"true\" class=\"wp-block-spacer\"><\/div>\n\n\n\n<h3 class=\"wp-block-heading has-text-align-center\"><strong>Un Impact Visuel et Symbolique<\/strong><\/h3>\n\n\n\n<div style=\"height:22px\" aria-hidden=\"true\" class=\"wp-block-spacer\"><\/div>\n\n\n\n<p class=\"has-text-align-center wp-block-paragraph\">Le c\u00f4t\u00e9 <strong>g\u00e9om\u00e9trique<\/strong> et <strong>sym\u00e9trique<\/strong> de certaines cr\u00e9ations sous le nom de <strong>Yara Creatyque<\/strong> peut aussi \u00eatre interpr\u00e9t\u00e9 \u00e0 travers une approche scientifique et psychologique. <\/p>\n\n\n\n<p class=\"has-text-align-center wp-block-paragraph\">La g\u00e9om\u00e9trie et la sym\u00e9trie ont un impact direct sur <strong>les r\u00e9actions du cerveau humain<\/strong>. Elles g\u00e9n\u00e8rent des <strong>r\u00e9actions \u00e9motionnelles<\/strong> et une <strong>sensation de bien-\u00eatre<\/strong>, favorisant un <strong>\u00e9quilibre mental<\/strong> et une <strong>harmonie int\u00e9rieure<\/strong>. <\/p>\n\n\n\n<p class=\"has-text-align-center wp-block-paragraph\">Cela rend <strong>Yara Creatyque<\/strong> encore plus puissant en tant qu\u2019outil pour la r\u00e9flexion et la transformation personnelle.<\/p>\n\n\n\n<div style=\"height:22px\" aria-hidden=\"true\" class=\"wp-block-spacer\"><\/div>\n\n\n\n<h3 class=\"wp-block-heading has-text-align-center\"><strong>Un Nom en \u00c9volution Permanente<\/strong><\/h3>\n\n\n\n<div style=\"height:22px\" aria-hidden=\"true\" class=\"wp-block-spacer\"><\/div>\n\n\n\n<p class=\"has-text-align-center wp-block-paragraph\">L\u2019un des aspects les plus int\u00e9ressants de <strong>Yara Creatyque<\/strong> est qu\u2019il peut \u00e9voluer avec le temps. Comme l&rsquo;art lui-m\u00eame, il se nourrit de nouvelles influences, de nouvelles inspirations et de nouveaux d\u00e9fis. Ce nom incarne la <strong>cr\u00e9ativit\u00e9 dynamique<\/strong> et <strong>en constante \u00e9volution<\/strong>. <\/p>\n\n\n\n<p class=\"has-text-align-center wp-block-paragraph\">\u00c0 chaque \u00e9tape de son parcours, <strong>Yara Creatyque<\/strong> pourra se red\u00e9finir, s\u2019enrichir et se d\u00e9velopper, tout en restant fid\u00e8le \u00e0 son essence profonde : <strong>l\u2019expression authentique<\/strong>, la <strong>connexion \u00e0 soi<\/strong>, et la <strong>recherche de sens \u00e0 travers l\u2019art<\/strong>.<\/p>\n\n\n\n<div style=\"height:33px\" aria-hidden=\"true\" class=\"wp-block-spacer\"><\/div>\n\n\n\n<h3 class=\"wp-block-heading has-text-align-center\"><strong>Invitation \u00e0 l\u2019Exploration<\/strong><\/h3>\n\n\n\n<div style=\"height:33px\" aria-hidden=\"true\" class=\"wp-block-spacer\"><\/div>\n\n\n\n<p class=\"has-text-align-center wp-block-paragraph\">En r\u00e9sum\u00e9, <strong>Yara Creatyque<\/strong> est un concept qui encourage chacun \u00e0 prendre part \u00e0 un <strong>voyage cr\u00e9atif<\/strong> et <strong>spirituel<\/strong> unique.<\/p>\n\n\n\n<p class=\"has-text-align-center wp-block-paragraph\"> Il offre un espace pour s&rsquo;exprimer, pour cr\u00e9er, mais aussi pour <strong>s&rsquo;explorer soi-m\u00eame<\/strong>. <\/p>\n\n\n\n<p class=\"has-text-align-center wp-block-paragraph\">C&rsquo;est un <strong>appel \u00e0 l\u2019introspection<\/strong>, une invitation \u00e0 <strong>laisser libre cours \u00e0 sa propre imagination<\/strong>, et \u00e0 <strong>r\u00e9fl\u00e9chir<\/strong> \u00e0 ce que l&rsquo;art, la couleur et la forme peuvent signifier dans nos vies. <\/p>\n\n\n\n<p class=\"has-text-align-center wp-block-paragraph\">\u00c0 travers ce nom, vous \u00eates invit\u00e9s \u00e0 <strong>explorer de nouvelles dimensions<\/strong>, \u00e0 <strong>trouver des r\u00e9ponses \u00e0 vos questions int\u00e9rieures<\/strong>, et \u00e0 <strong>laisser votre propre cr\u00e9ativit\u00e9 s&rsquo;\u00e9panouir<\/strong>.<\/p>\n\n\n\n<p class=\"has-text-align-center wp-block-paragraph\">En somme, <strong>Yara Creatyque<\/strong> n\u2019est pas qu\u2019un nom : c\u2019est une <strong>exploration<\/strong>, une <strong>invitation \u00e0 cr\u00e9er, \u00e0 se conna\u00eetre, et \u00e0 \u00e9voluer<\/strong>, tout en se connectant \u00e0 des concepts universels de beaut\u00e9, de sym\u00e9trie et d\u2019harmonie.<\/p>\n\n\n\n<p class=\"has-text-align-center wp-block-paragraph\">Le nom <strong>Yara Creatyque<\/strong> porte en lui une richesse symbolique qui d\u00e9passe les simples significations litt\u00e9rales. Il invite \u00e0 une exploration profonde de la <strong>cr\u00e9ativit\u00e9<\/strong>, de l&rsquo;<strong>intuition<\/strong> et de la <strong>spiritualit\u00e9<\/strong>. <\/p>\n\n\n\n<div style=\"height:33px\" aria-hidden=\"true\" class=\"wp-block-spacer\"><\/div>\n\n\n\n<figure class=\"wp-block-image size-large\"><a href=\"https:\/\/yaracreatyque.fr\/accueil-yara-creatyque-expace-creatif-d-introspection-et-art-geometrique\/\"><img data-recalc-dims=\"1\" loading=\"lazy\" decoding=\"async\" width=\"1024\" height=\"576\" data-attachment-id=\"2112\" data-permalink=\"https:\/\/yaracreatyque.fr\/?attachment_id=2112\" data-orig-file=\"https:\/\/i0.wp.com\/yaracreatyque.fr\/wp-content\/uploads\/2025\/04\/Yara-creatyque-fluide-inspirant-de-partage.jpg?fit=1920%2C1080&amp;ssl=1\" data-orig-size=\"1920,1080\" data-comments-opened=\"1\" data-image-meta=\"{&quot;aperture&quot;:&quot;0&quot;,&quot;credit&quot;:&quot;&quot;,&quot;camera&quot;:&quot;&quot;,&quot;caption&quot;:&quot;&quot;,&quot;created_timestamp&quot;:&quot;0&quot;,&quot;copyright&quot;:&quot;&quot;,&quot;focal_length&quot;:&quot;0&quot;,&quot;iso&quot;:&quot;0&quot;,&quot;shutter_speed&quot;:&quot;0&quot;,&quot;title&quot;:&quot;&quot;,&quot;orientation&quot;:&quot;1&quot;}\" data-image-title=\"Yara creatyque fluide inspirant de partage\" data-image-description=\"&lt;p&gt;illustration fluide inspirant de partage &amp;#8211; Yara Creatyque&lt;\/p&gt;\n\" data-image-caption=\"\" data-large-file=\"https:\/\/i0.wp.com\/yaracreatyque.fr\/wp-content\/uploads\/2025\/04\/Yara-creatyque-fluide-inspirant-de-partage.jpg?fit=1024%2C576&amp;ssl=1\" src=\"https:\/\/i0.wp.com\/yaracreatyque.fr\/wp-content\/uploads\/2025\/04\/Yara-creatyque-fluide-inspirant-de-partage.jpg?resize=1024%2C576&#038;ssl=1\" alt=\"rechercher la signification de yara creatyque pour s'ancrer dans son identit\u00e9 artistique et comprendre ses intentions cach\u00e9es\" class=\"wp-image-2112\" srcset=\"https:\/\/i0.wp.com\/yaracreatyque.fr\/wp-content\/uploads\/2025\/04\/Yara-creatyque-fluide-inspirant-de-partage.jpg?resize=1024%2C576&amp;ssl=1 1024w, https:\/\/i0.wp.com\/yaracreatyque.fr\/wp-content\/uploads\/2025\/04\/Yara-creatyque-fluide-inspirant-de-partage.jpg?resize=300%2C169&amp;ssl=1 300w, https:\/\/i0.wp.com\/yaracreatyque.fr\/wp-content\/uploads\/2025\/04\/Yara-creatyque-fluide-inspirant-de-partage.jpg?resize=768%2C432&amp;ssl=1 768w, https:\/\/i0.wp.com\/yaracreatyque.fr\/wp-content\/uploads\/2025\/04\/Yara-creatyque-fluide-inspirant-de-partage.jpg?resize=1536%2C864&amp;ssl=1 1536w, https:\/\/i0.wp.com\/yaracreatyque.fr\/wp-content\/uploads\/2025\/04\/Yara-creatyque-fluide-inspirant-de-partage.jpg?resize=18%2C10&amp;ssl=1 18w, https:\/\/i0.wp.com\/yaracreatyque.fr\/wp-content\/uploads\/2025\/04\/Yara-creatyque-fluide-inspirant-de-partage.jpg?resize=600%2C338&amp;ssl=1 600w, https:\/\/i0.wp.com\/yaracreatyque.fr\/wp-content\/uploads\/2025\/04\/Yara-creatyque-fluide-inspirant-de-partage.jpg?w=1920&amp;ssl=1 1920w\" sizes=\"auto, (max-width: 1000px) 100vw, 1000px\" \/><\/a><\/figure>\n\n\n\n<div style=\"height:33px\" aria-hidden=\"true\" class=\"wp-block-spacer\"><\/div>\n\n\n\n<p class=\"has-text-align-center wp-block-paragraph\">Voici quelques significations compl\u00e9mentaires et touchantes qui pourraient enrichir l&rsquo;interpr\u00e9tation du nom :<\/p>\n\n\n\n<div style=\"height:33px\" aria-hidden=\"true\" class=\"wp-block-spacer\"><\/div>\n\n\n\n<h3 class=\"wp-block-heading has-text-align-center\"><strong>Yara et la Connexion aux Racines Universelles<\/strong><\/h3>\n\n\n\n<div style=\"height:33px\" aria-hidden=\"true\" class=\"wp-block-spacer\"><\/div>\n\n\n\n<ul class=\"wp-block-list\">\n<li><strong>Yara<\/strong>, en plus de ses racines personnelles et culturelles, peut aussi \u00eatre per\u00e7u comme un symbole de <strong>connexion universelle<\/strong>. Il pourrait \u00eatre vu comme un <strong>pont entre l&rsquo;individuel et le collectif<\/strong>, entre l&rsquo;artiste et l&rsquo;audience, entre l&rsquo;humain et l&rsquo;univers. Le <strong>perroquet<\/strong> qui symbolise la communication et le <strong>partage des id\u00e9es<\/strong> peut aussi \u00eatre vu comme un rappel de la <strong>richesse des \u00e9changes<\/strong>, qui permet de construire un monde plus color\u00e9 et plus diversifi\u00e9.<\/li>\n\n\n\n<li>En tant qu&rsquo;<strong>ara<\/strong>, l&rsquo;oiseau peut aussi symboliser la <strong>libert\u00e9<\/strong>, la capacit\u00e9 de s&rsquo;exprimer sans contrainte, de se laisser porter par l&rsquo;instinct cr\u00e9atif et de se lib\u00e9rer des limitations impos\u00e9es par la soci\u00e9t\u00e9 ou les autres. Ce nom pourrait donc incarner une qu\u00eate personnelle de <strong>libert\u00e9 d\u2019expression<\/strong>, de trouver sa voie, son <strong>espace cr\u00e9atif unique<\/strong>.<\/li>\n<\/ul>\n\n\n\n<div style=\"height:33px\" aria-hidden=\"true\" class=\"wp-block-spacer\"><\/div>\n\n\n\n<h3 class=\"wp-block-heading has-text-align-center\"><strong>Le Mot \u00ab\u00a0Creatyque\u00a0\u00bb et la Naissance de l&rsquo;Art<\/strong><\/h3>\n\n\n\n<div style=\"height:33px\" aria-hidden=\"true\" class=\"wp-block-spacer\"><\/div>\n\n\n\n<ul class=\"wp-block-list\">\n<li>Le suffixe <strong>-tique<\/strong> dans \u00ab\u00a0Creatyque\u00a0\u00bb n&rsquo;\u00e9voque pas seulement un concept ou un style de cr\u00e9ation ; il fait r\u00e9f\u00e9rence \u00e0 un processus en <strong>mouvement constant<\/strong>. Il rappelle que <strong>la cr\u00e9ativit\u00e9<\/strong> n&rsquo;est pas une destination, mais <strong>un voyage continu<\/strong>. Ainsi, ce nom porte en lui l&rsquo;id\u00e9e que la cr\u00e9ativit\u00e9 est <strong>un processus vivant<\/strong> qui se nourrit constamment de l&rsquo;exp\u00e9rience, des apprentissages et des changements personnels.<\/li>\n\n\n\n<li>Le mot <strong>Creatyque<\/strong> pourrait aussi symboliser l\u2019id\u00e9e que la <strong>cr\u00e9ation<\/strong> va au-del\u00e0 de l\u2019\u0153uvre d&rsquo;art tangible. Elle englobe toutes les formes de <strong>cr\u00e9ation int\u00e9rieure<\/strong>, de <strong>pens\u00e9es<\/strong>, d\u2019<strong>id\u00e9es<\/strong>, de <strong>transformations personnelles<\/strong>. Cr\u00e9er n&rsquo;est pas seulement un acte artistique mais un acte <strong>d&rsquo;\u00e9panouissement personnel<\/strong>.<\/li>\n<\/ul>\n\n\n\n<div style=\"height:33px\" aria-hidden=\"true\" class=\"wp-block-spacer\"><\/div>\n\n\n\n<h3 class=\"wp-block-heading has-text-align-center\"><strong>La Sym\u00e9trie et l&rsquo;Impact \u00c9motionnel<\/strong><\/h3>\n\n\n\n<div style=\"height:33px\" aria-hidden=\"true\" class=\"wp-block-spacer\"><\/div>\n\n\n\n<ul class=\"wp-block-list\">\n<li>La <strong>sym\u00e9trie<\/strong> et les <strong>formes g\u00e9om\u00e9triques<\/strong> pr\u00e9sentes dans tes \u0153uvres, ainsi que leur lien avec le <strong>cerveau humain<\/strong>, sont des aspects profonds du nom \u00ab\u00a0Yara Creatyque\u00a0\u00bb. Le cerveau humain est naturellement <strong>attir\u00e9 par la sym\u00e9trie<\/strong>, elle \u00e9voque l\u2019<strong>harmonie<\/strong>, l\u2019<strong>\u00e9quilibre<\/strong>, et <strong>l\u2019ordre<\/strong>. Ce type de design ne se limite pas \u00e0 l\u2019aspect visuel : il touche \u00e0 l\u2019inconscient, en apportant une <strong>sensation de calme<\/strong> et de <strong>stabilit\u00e9<\/strong>. La <strong>r\u00e9action \u00e9motionnelle<\/strong> du spectateur face \u00e0 ces formes pourrait \u00eatre per\u00e7ue comme une invitation \u00e0 r\u00e9tablir <strong>l\u2019harmonie int\u00e9rieure<\/strong>.<\/li>\n\n\n\n<li>D\u2019un point de vue spirituel, la sym\u00e9trie peut symboliser la recherche de <strong>l\u2019unit\u00e9<\/strong> et de l\u2019<strong>\u00e9quilibre personnel<\/strong>, deux concepts chers \u00e0 de nombreuses traditions spirituelles. Le fait que mon travail joue avec la sym\u00e9trie et les formes peut \u00eatre vu comme une m\u00e9taphore de l\u2019<strong>\u00e9quilibre entre l\u2019esprit et la mati\u00e8re<\/strong>, un moyen de <strong>ramener l\u2019harmonie dans l\u2019exp\u00e9rience quotidienne<\/strong>.<\/li>\n<\/ul>\n\n\n\n<div style=\"height:33px\" aria-hidden=\"true\" class=\"wp-block-spacer\"><\/div>\n\n\n\n<h3 class=\"wp-block-heading has-text-align-center\"><strong>La Couleur comme Embl\u00e8me de la Transformation<\/strong><\/h3>\n\n\n\n<div style=\"height:33px\" aria-hidden=\"true\" class=\"wp-block-spacer\"><\/div>\n\n\n\n<ul class=\"wp-block-list\">\n<li>Dans un monde o\u00f9 les couleurs ont une signification particuli\u00e8re sur le plan \u00e9motionnel, <strong>les choix de couleurs dans tes cr\u00e9ations<\/strong> jouent un r\u00f4le fondamental dans la transformation de l\u2019\u00e9tat d\u2019esprit. Chaque couleur peut \u00eatre per\u00e7ue comme une <strong>\u00e9motion ou une sensation<\/strong> qui \u00e9merge en nous. Par exemple, le <strong>bleu<\/strong> est associ\u00e9 \u00e0 la <strong>calme<\/strong>, \u00e0 la <strong>s\u00e9r\u00e9nit\u00e9<\/strong> et \u00e0 l\u2019<strong>intuition<\/strong>, tandis que le <strong>rouge<\/strong> peut symboliser la <strong>passion<\/strong> et l&rsquo;<strong>\u00e9nergie<\/strong>. Le nom <strong>Yara Creatyque<\/strong> pourrait donc aussi \u00eatre per\u00e7u comme un appel \u00e0 <strong>explorer la puissance \u00e9motionnelle des couleurs<\/strong>, une invitation \u00e0 <strong>ressentir et \u00e0 se connecter<\/strong> \u00e0 ce que chaque couleur \u00e9voque dans notre exp\u00e9rience int\u00e9rieure.<\/li>\n<\/ul>\n\n\n\n<div style=\"height:33px\" aria-hidden=\"true\" class=\"wp-block-spacer\"><\/div>\n\n\n\n<h3 class=\"wp-block-heading has-text-align-center\"><strong>La Cr\u00e9ation et l&rsquo;Intuition : Un Voyage Personnel<\/strong><\/h3>\n\n\n\n<div style=\"height:33px\" aria-hidden=\"true\" class=\"wp-block-spacer\"><\/div>\n\n\n\n<ul class=\"wp-block-list\">\n<li>Le nom <strong>Yara Creatyque<\/strong> met en lumi\u00e8re l\u2019id\u00e9e que la <strong>cr\u00e9ation<\/strong> est \u00e0 la fois un acte ext\u00e9rieur et int\u00e9rieur, un acte de <strong>lib\u00e9ration personnelle<\/strong> et de <strong>connexion<\/strong> \u00e0 des dimensions plus profondes de soi-m\u00eame. La combinaison des formes g\u00e9om\u00e9triques et des couleurs des \u0153uvres pourrait \u00eatre per\u00e7ue comme une invitation \u00e0 <strong>\u00e9couter son intuition<\/strong>, \u00e0 <strong>exprimer son \u00eatre int\u00e9rieur<\/strong> et \u00e0 <strong>explorer sa propre voie cr\u00e9ative<\/strong>. Cela souligne le c\u00f4t\u00e9 <strong>personnel<\/strong> et <strong>singulier<\/strong> de l&rsquo;art, un chemin qui n&rsquo;est pas prescrit mais qui est plut\u00f4t <strong>choisi et v\u00e9cu<\/strong> individuellement.<\/li>\n\n\n\n<li>Dans cette optique, le nom <strong>Yara Creatyque<\/strong> pourrait \u00eatre vu comme un <strong>acte de transformation personnelle<\/strong>, une m\u00e9taphore de <strong>l&rsquo;\u00e9volution<\/strong> que chaque cr\u00e9ateur, chaque individu, peut vivre en interagissant avec l&rsquo;art, en s&rsquo;inspirant de ses propres cr\u00e9ations, ou en prenant un moment pour se connecter \u00e0 son <strong>int\u00e9rieur<\/strong>.<\/li>\n<\/ul>\n\n\n\n<div style=\"height:33px\" aria-hidden=\"true\" class=\"wp-block-spacer\"><\/div>\n\n\n\n<h3 class=\"wp-block-heading has-text-align-center\"><strong>Un Voyage Constant : De la Cr\u00e9ation \u00e0 la R\u00e9alisation<\/strong><\/h3>\n\n\n\n<div style=\"height:33px\" aria-hidden=\"true\" class=\"wp-block-spacer\"><\/div>\n\n\n\n<ul class=\"wp-block-list\">\n<li>Enfin, le nom <strong>Yara Creatyque<\/strong> pourrait aussi \u00eatre per\u00e7u comme un <strong>appel \u00e0 l\u2019action cr\u00e9ative<\/strong> qui se d\u00e9ploie tout au long de la vie. Il symbolise non seulement la <strong>cr\u00e9ation<\/strong> au sens large, mais aussi <strong>l\u2019\u00e9lan vers la concr\u00e9tisation<\/strong> de nos id\u00e9es et de nos aspirations. Tout comme une \u0153uvre d&rsquo;art n&rsquo;est jamais termin\u00e9e tant qu&rsquo;elle n&rsquo;est pas v\u00e9cue, chaque projet cr\u00e9atif, chaque r\u00e9flexion personnelle, est un <strong>processus en perp\u00e9tuelle \u00e9volution<\/strong>. Cela donne au nom une <strong>dimension ouverte<\/strong> et <strong>inviting<\/strong>, invitant \u00e0 <strong>commencer un voyage cr\u00e9atif<\/strong>, \u00e0 la fois personnel et universel.<\/li>\n<\/ul>\n\n\n\n<div style=\"height:33px\" aria-hidden=\"true\" class=\"wp-block-spacer\"><\/div>\n\n\n\n<p class=\"has-text-align-center wp-block-paragraph\">En r\u00e9sum\u00e9, <strong>Yara Creatyque<\/strong> n\u2019est pas seulement un nom, c&rsquo;est un <strong>concept dynamique<\/strong>, en constante \u00e9volution, une invitation \u00e0 explorer la <strong>cr\u00e9ativit\u00e9<\/strong>, \u00e0 se <strong>connecter \u00e0 soi-m\u00eame<\/strong>, et \u00e0 <strong>exprimer son univers int\u00e9rieur<\/strong> \u00e0 travers l\u2019art. <\/p>\n\n\n\n<p class=\"has-text-align-center wp-block-paragraph\">C&rsquo;est un <strong>voyage cr\u00e9atif<\/strong> qui nourrit \u00e0 la fois l&rsquo;\u00e2me et l&rsquo;esprit, un dialogue entre l&rsquo;individu et son environnement, tout en honorant l\u2019impact profond des formes, des couleurs et des symboles sur notre perception.<\/p>\n\n\n\n<div style=\"height:57px\" aria-hidden=\"true\" class=\"wp-block-spacer\"><\/div>\n\n\n\n<figure class=\"wp-block-image size-large\"><a href=\"https:\/\/yaracreatyque.fr\/accueil-yara-creatyque-expace-creatif-d-introspection-et-art-geometrique\/\"><img data-recalc-dims=\"1\" loading=\"lazy\" decoding=\"async\" width=\"1024\" height=\"576\" data-attachment-id=\"2113\" data-permalink=\"https:\/\/yaracreatyque.fr\/?attachment_id=2113\" data-orig-file=\"https:\/\/i0.wp.com\/yaracreatyque.fr\/wp-content\/uploads\/2025\/04\/Yara-creatyque-fluide-inspirant.jpg?fit=1920%2C1080&amp;ssl=1\" data-orig-size=\"1920,1080\" data-comments-opened=\"1\" data-image-meta=\"{&quot;aperture&quot;:&quot;0&quot;,&quot;credit&quot;:&quot;&quot;,&quot;camera&quot;:&quot;&quot;,&quot;caption&quot;:&quot;&quot;,&quot;created_timestamp&quot;:&quot;0&quot;,&quot;copyright&quot;:&quot;&quot;,&quot;focal_length&quot;:&quot;0&quot;,&quot;iso&quot;:&quot;0&quot;,&quot;shutter_speed&quot;:&quot;0&quot;,&quot;title&quot;:&quot;&quot;,&quot;orientation&quot;:&quot;1&quot;}\" data-image-title=\"Yara creatyque fluide inspirant\" data-image-description=\"&lt;p&gt;se reconnecter \u00e0 soi pour exister yara creatyque&lt;\/p&gt;\n\" data-image-caption=\"\" data-large-file=\"https:\/\/i0.wp.com\/yaracreatyque.fr\/wp-content\/uploads\/2025\/04\/Yara-creatyque-fluide-inspirant.jpg?fit=1024%2C576&amp;ssl=1\" src=\"https:\/\/i0.wp.com\/yaracreatyque.fr\/wp-content\/uploads\/2025\/04\/Yara-creatyque-fluide-inspirant.jpg?resize=1024%2C576&#038;ssl=1\" alt=\"se reconnecter \u00e0 soi pour exister, significations de yara creatyque\" class=\"wp-image-2113\" srcset=\"https:\/\/i0.wp.com\/yaracreatyque.fr\/wp-content\/uploads\/2025\/04\/Yara-creatyque-fluide-inspirant.jpg?resize=1024%2C576&amp;ssl=1 1024w, https:\/\/i0.wp.com\/yaracreatyque.fr\/wp-content\/uploads\/2025\/04\/Yara-creatyque-fluide-inspirant.jpg?resize=300%2C169&amp;ssl=1 300w, https:\/\/i0.wp.com\/yaracreatyque.fr\/wp-content\/uploads\/2025\/04\/Yara-creatyque-fluide-inspirant.jpg?resize=768%2C432&amp;ssl=1 768w, https:\/\/i0.wp.com\/yaracreatyque.fr\/wp-content\/uploads\/2025\/04\/Yara-creatyque-fluide-inspirant.jpg?resize=1536%2C864&amp;ssl=1 1536w, https:\/\/i0.wp.com\/yaracreatyque.fr\/wp-content\/uploads\/2025\/04\/Yara-creatyque-fluide-inspirant.jpg?resize=18%2C10&amp;ssl=1 18w, https:\/\/i0.wp.com\/yaracreatyque.fr\/wp-content\/uploads\/2025\/04\/Yara-creatyque-fluide-inspirant.jpg?resize=600%2C338&amp;ssl=1 600w, https:\/\/i0.wp.com\/yaracreatyque.fr\/wp-content\/uploads\/2025\/04\/Yara-creatyque-fluide-inspirant.jpg?w=1920&amp;ssl=1 1920w\" sizes=\"auto, (max-width: 1000px) 100vw, 1000px\" \/><\/a><\/figure>\n\n\n\n<div style=\"height:57px\" aria-hidden=\"true\" class=\"wp-block-spacer\"><\/div>\n\n\n\n<p class=\"has-text-align-center wp-block-paragraph\">Si tu es rest\u00e9(e) jusque l\u00e0, c&rsquo;est que la qu\u00eate de sens, d&rsquo;interpr\u00e9tations et de portes \u00e0 trouver et \u00e0 ouvrir t&rsquo;as appel\u00e9e. <\/p>\n\n\n\n<p class=\"has-text-align-center wp-block-paragraph\">Ceci est un exemple d&rsquo;approfondissement du nom port\u00e9 pour faire des liens et s&rsquo;ancrer dans sa s\u00e9curit\u00e9 int\u00e9rieure.<\/p>\n\n\n\n<p class=\"has-text-align-center wp-block-paragraph\">Et toi, as-tu fait ce travail de recherche avec ton propre nom et ce qu&rsquo;il a \u00e0 t&rsquo;apporter ?<\/p>\n\n\n\n<p class=\"has-text-align-center wp-block-paragraph\">Je t&rsquo;invite \u00e0 le r\u00e9aliser, tu y trouveras surement des \u00e9l\u00e9ments int\u00e9ressants et des validations d&rsquo;intuitions ou des id\u00e9es jusqu&rsquo;\u00e0 pr\u00e9sent ignor\u00e9es.<\/p>\n\n\n\n<div style=\"height:100px\" aria-hidden=\"true\" class=\"wp-block-spacer\"><\/div>\n\n\n\n<p class=\"has-text-align-center wp-block-paragraph\">\u2728 <strong>Envie d\u2019aller plus loin dans l\u2019exploration ?<\/strong><br>Si ce voyage au c\u0153ur du nom <em>Yara Creatyque<\/em> t\u2019a parl\u00e9, tu peux prolonger la d\u00e9couverte :<\/p>\n\n\n\n<p class=\"has-text-align-center wp-block-paragraph\"><br>Je t\u2019invite \u00e0 parcourir la <strong>visite guid\u00e9e compl\u00e8te<\/strong> de mon univers, ou \u00e0 en apprendre plus sur <strong>l\u2019artiste<\/strong> derri\u00e8re les cr\u00e9ations.<\/p>\n\n\n\n<div style=\"height:33px\" aria-hidden=\"true\" class=\"wp-block-spacer\"><\/div>\n\n\n\n<div style=\"display: flex; justify-content: center; gap: 20px; margin: 2rem 0;\">\n\n  <!-- Image 1 avec halo au survol -->\n  <div class=\"reactive-box\" style=\"position: relative; overflow: hidden; border-radius: 20px; max-width: 600px; flex: 1 1 300px;\">\n    <a href=\"https:\/\/yaracreatyque.fr\/accueil-yara-creatyque-expace-creatif-d-introspection-et-art-geometrique\/\" target=\"_blank\" style=\"display: block;\">\n      <img data-recalc-dims=\"1\" decoding=\"async\" src=\"https:\/\/i0.wp.com\/yaracreatyque.fr\/wp-content\/uploads\/2025\/04\/Visite-guidee-du-site-de-lexperience-trialogue-yara-creatyque.jpg?ssl=1\" alt=\"Commencer la visite guid\u00e9e\" style=\"width: 100%; height: auto; display: block; border-radius: 20px; transition: transform 0.3s ease;\">\n      <div class=\"hover-text-overlay\">Commencer la visite guid\u00e9e<\/div>\n    <\/a>\n  <\/div>\n\n  <!-- Image 2 sans halo au survol -->\n  <div class=\"reactive-box\" style=\"position: relative; overflow: hidden; border-radius: 20px; max-width: 600px; flex: 1 1 300px;\">\n    <a href=\"https:\/\/yaracreatyque.fr\/lartiste\/\" target=\"_blank\" style=\"display: block;\">\n      <img data-recalc-dims=\"1\" decoding=\"async\" src=\"https:\/\/i0.wp.com\/yaracreatyque.fr\/wp-content\/uploads\/2025\/04\/l-artiste-yara-creatyque.jpg?ssl=1\" alt=\"En savoir plus sur Yara\" style=\"width: 100%; height: auto; display: block; border-radius: 20px; transition: transform 0.3s ease;\">\n      <div class=\"hover-text-overlay\">En savoir plus sur Yara<\/div>\n    <\/a>\n  <\/div>\n\n<\/div>\n\n<style>\n  .reactive-box:hover img {\n    transform: scale(1.03);\n  }\n\n  .reactive-box:hover .hover-text-overlay {\n    opacity: 1;\n  }\n\n  .reactive-box img {\n    width: 100%;\n    height: auto;\n    display: block;\n    transition: transform 0.3s ease, box-shadow 0.3s ease;\n    border-radius: 20px;\n  }\n\n  .hover-text-overlay {\n    position: absolute;\n    bottom: 15px;\n    left: 50%;\n    transform: translateX(-50%);\n    background-color: rgba(255, 255, 255, 0.85);\n    padding: 10px 20px;\n    border-radius: 25px;\n    font-weight: bold;\n    font-size: 1rem;\n    color: #000;\n    opacity: 0;\n    transition: opacity 0.3s ease;\n    text-align: center;\n    font-family: 'Montserrat', sans-serif;\n  }\n\n  \/* Halo qui s'affiche au survol uniquement sur la premi\u00e8re image *\/\n  .reactive-box:first-child:hover {\n    box-shadow: 0 0 20px rgba(255, 215, 0, 0.2); \/* Halo l\u00e9ger sur la premi\u00e8re image *\/\n  }\n\n  \/* Pas de halo sur la deuxi\u00e8me image *\/\n  .reactive-box:nth-child(2):hover {\n    box-shadow: none; \/* Pas de halo sur la deuxi\u00e8me image *\/\n  }\n<\/style>\n\n\n\n\n<div style=\"height:33px\" aria-hidden=\"true\" class=\"wp-block-spacer\"><\/div>\n\n\n\n<div style=\"display: flex; justify-content: center; gap: 20px; margin: 2rem 0;\">\n\n  <!-- Image 1 avec halo au survol -->\n  <div class=\"reactive-box\" style=\"position: relative; overflow: hidden; border-radius: 20px; max-width: 600px; flex: 1 1 300px;\">\n    <a href=\"https:\/\/www.facebook.com\/profile.php?id=61574773347317\" target=\"_blank\" style=\"display: block;\">\n      <img data-recalc-dims=\"1\" decoding=\"async\" src=\"https:\/\/i0.wp.com\/yaracreatyque.fr\/wp-content\/uploads\/2025\/04\/Logo-yara-creatyque-presence-facebook-actualites-partages-darticles.jpg?ssl=1\" alt=\"Actualit\u00e9s &#038; Partage d'articles inspirants\" style=\"width: 100%; height: auto; display: block; border-radius: 20px; transition: transform 0.3s ease;\">\n      <div class=\"hover-text-overlay\">Actualit\u00e9s &#038; Partage d&rsquo;articles inspirants<\/div>\n    <\/a>\n  <\/div>\n\n  <!-- Image 2 avec halo au survol -->\n  <div class=\"reactive-box\" style=\"position: relative; overflow: hidden; border-radius: 20px; max-width: 600px; flex: 1 1 300px;\">\n    <a href=\"https:\/\/www.amazon.fr\/stores\/Yara-Creatyque\/author\/B0DNTC8F44?ref=ap_rdr&#038;isDramIntegrated=true&#038;shoppingPortalEnabled=true\" target=\"_blank\" style=\"display: block;\">\n      <img data-recalc-dims=\"1\" decoding=\"async\" src=\"https:\/\/i0.wp.com\/yaracreatyque.fr\/wp-content\/uploads\/2025\/04\/Logo-yara-creatyque-presence-amazon-livraison-prime-livres-de-coloriages.jpg?ssl=1\" alt=\"les supports imprim\u00e9s en livraison Prime\" style=\"width: 100%; height: auto; display: block; border-radius: 20px; transition: transform 0.3s ease;\">\n      <div class=\"hover-text-overlay\">Les supports imprim\u00e9s en livraison Prime<\/div>\n    <\/a>\n  <\/div>\n\n<\/div>\n\n<style>\n  .reactive-box:hover img {\n    transform: scale(1.03);\n  }\n\n  .reactive-box:hover .hover-text-overlay {\n    opacity: 1;\n  }\n\n  .reactive-box img {\n    width: 100%;\n    height: auto;\n    display: block;\n    transition: transform 0.3s ease, box-shadow 0.3s ease;\n    border-radius: 20px;\n  }\n\n  .hover-text-overlay {\n    position: absolute;\n    bottom: 15px;\n    left: 50%;\n    transform: translateX(-50%);\n    background-color: rgba(255, 255, 255, 0.85);\n    padding: 10px 20px;\n    border-radius: 25px;\n    font-weight: bold;\n    font-size: 1rem;\n    color: #000;\n    opacity: 0;\n    transition: opacity 0.3s ease;\n    text-align: center;\n    font-family: 'Montserrat', sans-serif;\n  }\n\n  \/* Halo qui s'affiche au survol *\/\n  .reactive-box:hover {\n    box-shadow: 0 0 20px rgba(255, 215, 0, 0.2); \/* Halo plus lumineux et subtil *\/\n  }\n<\/style>\n\n\n\n\n<div style=\"height:100px\" aria-hidden=\"true\" class=\"wp-block-spacer\"><\/div>\n\n\n\n<div style=\"display: flex; justify-content: center; gap: 20px; margin: 2rem 0;\">\n\n  <!-- Image sans halo -->\n  <div class=\"reactive-box\" style=\"position: relative; overflow: hidden; border-radius: 20px; max-width: 600px; flex: 1 1 300px;\">\n    <a href=\"https:\/\/yaracreatyque.fr\/2025\/04\/13\/coloriage-geometrique-art-et-detente\/\" target=\"_blank\" style=\"display: block;\">\n      <img data-recalc-dims=\"1\" decoding=\"async\" src=\"https:\/\/i0.wp.com\/yaracreatyque.fr\/wp-content\/uploads\/2025\/04\/Art-geometrique-et-detente-yara-creatyque.jpg?ssl=1\" alt=\"coup d\u2019\u0153il global\" style=\"width: 100%; height: auto; display: block; border-radius: 20px; transition: transform 0.3s ease;\">\n      <div class=\"hover-text-overlay\">coup d\u2019\u0153il global<\/div>\n    <\/a>\n  <\/div>\n\n<\/div>\n\n<style>\n  .reactive-box:hover img {\n    transform: scale(1.03);\n  }\n\n  .reactive-box:hover .hover-text-overlay {\n    opacity: 1;\n  }\n\n  .reactive-box img {\n    width: 100%;\n    height: auto;\n    display: block;\n    transition: transform 0.3s ease, box-shadow 0.3s ease;\n    border-radius: 20px;\n  }\n\n  .hover-text-overlay {\n    position: absolute;\n    bottom: 15px;\n    left: 50%;\n    transform: translateX(-50%);\n    background-color: rgba(255, 255, 255, 0.85);\n    padding: 10px 20px;\n    border-radius: 25px;\n    font-weight: bold;\n    font-size: 1rem;\n    color: #000;\n    opacity: 0;\n    transition: opacity 0.3s ease;\n    text-align: center;\n    font-family: 'Montserrat', sans-serif;\n  }\n\n  \/* Pas de halo sur cette image *\/\n  .reactive-box:hover {\n    box-shadow: none; \/* Pas de halo *\/\n  }\n<\/style>\n\n","protected":false},"excerpt":{"rendered":"<p>Significations de Yara Creatyque : un nom comme point de d\u00e9part pour explorer, comprendre et s&rsquo;ancrer.<br \/>\nDans cet article, je partage comment, sans savoir exactement ce que je faisais, j\u2019ai choisi un nom\u2026 puis me suis servie de lui comme d\u2019un miroir. Une exploration intuitive de ses symboliques, racines culturelles et sens cach\u00e9s \u2014 pour y puiser des messages, y ancrer mon identit\u00e9, et laisser \u00e9merger ce qui r\u00e9sonne profond\u00e9ment en moi.<\/p>\n","protected":false},"author":263724410,"featured_media":2062,"comment_status":"open","ping_status":"open","sticky":false,"template":"","format":"standard","meta":{"_crdt_document":"","_jetpack_newsletter_access":"","_jetpack_dont_email_post_to_subs":false,"_jetpack_newsletter_tier_id":0,"_jetpack_memberships_contains_paywalled_content":false,"_jetpack_memberships_contains_paid_content":false,"footnotes":"","jetpack_publicize_message":"","jetpack_publicize_feature_enabled":false,"jetpack_social_post_already_shared":false,"jetpack_social_options":{"image_generator_settings":{"template":"highway","enabled":false},"version":2},"_wpas_customize_per_network":false,"jetpack_post_was_ever_published":false},"categories":[779228484],"tags":[386775547],"class_list":["post-775","post","type-post","status-publish","format-standard","has-post-thumbnail","hentry","category-yara-creatyque","tag-introspection-creative"],"yoast_head":"<!-- This site is optimized with the Yoast SEO plugin v27.5 - https:\/\/yoast.com\/product\/yoast-seo-wordpress\/ -->\n<title>Significations de Yara Creatyque - Explorer pour ancrer son identit\u00e9<\/title>\n<meta name=\"description\" content=\"Significations de Yara Creatyque, interpr\u00e9tation d\u2019un nom : explorer ses intuitions \u00e0 travers les symboliques et sens cach\u00e9s.\" \/>\n<meta name=\"robots\" content=\"index, follow, max-snippet:-1, max-image-preview:large, max-video-preview:-1\" \/>\n<link rel=\"canonical\" href=\"https:\/\/yaracreatyque.fr\/?p=775\" \/>\n<meta property=\"og:locale\" content=\"fr_FR\" \/>\n<meta property=\"og:type\" content=\"article\" \/>\n<meta property=\"og:title\" content=\"Significations de Yara Creatyque - Explorer pour ancrer son identit\u00e9\" \/>\n<meta property=\"og:description\" content=\"Significations de Yara Creatyque, interpr\u00e9tation d\u2019un nom : explorer ses intuitions \u00e0 travers les symboliques et sens cach\u00e9s.\" \/>\n<meta property=\"og:url\" content=\"https:\/\/yaracreatyque.fr\/?p=775\" \/>\n<meta property=\"og:site_name\" content=\"Yara Creatyque\" \/>\n<meta property=\"article:published_time\" content=\"2025-04-12T13:11:37+00:00\" \/>\n<meta property=\"article:modified_time\" content=\"2025-04-13T22:30:34+00:00\" \/>\n<meta property=\"og:image\" content=\"https:\/\/yaracreatyque.fr\/wp-content\/uploads\/2025\/03\/illustration-femme-paisible-style-geometrique-artistique.jpg\" \/>\n\t<meta property=\"og:image:width\" content=\"1920\" \/>\n\t<meta property=\"og:image:height\" content=\"1080\" \/>\n\t<meta property=\"og:image:type\" content=\"image\/jpeg\" \/>\n<meta name=\"author\" content=\"Yara\" \/>\n<meta name=\"twitter:card\" content=\"summary_large_image\" \/>\n<meta name=\"twitter:label1\" content=\"\u00c9crit par\" \/>\n\t<meta name=\"twitter:data1\" content=\"Yara\" \/>\n\t<meta name=\"twitter:label2\" content=\"Dur\u00e9e de lecture estim\u00e9e\" \/>\n\t<meta name=\"twitter:data2\" content=\"30 minutes\" \/>\n<script type=\"application\/ld+json\" class=\"yoast-schema-graph\">{\"@context\":\"https:\\\/\\\/schema.org\",\"@graph\":[{\"@type\":\"Article\",\"@id\":\"https:\\\/\\\/yaracreatyque.fr\\\/?p=775#article\",\"isPartOf\":{\"@id\":\"https:\\\/\\\/yaracreatyque.fr\\\/?p=775\"},\"author\":{\"name\":\"Yara\",\"@id\":\"https:\\\/\\\/yaracreatyque.fr\\\/#\\\/schema\\\/person\\\/eb6b12b5443042def80bb9efe0d0b3b1\"},\"headline\":\"\u00c0 la D\u00e9couverte des Significations Profondes du Nom Yara Creatyque\",\"datePublished\":\"2025-04-12T13:11:37+00:00\",\"dateModified\":\"2025-04-13T22:30:34+00:00\",\"mainEntityOfPage\":{\"@id\":\"https:\\\/\\\/yaracreatyque.fr\\\/?p=775\"},\"wordCount\":5723,\"commentCount\":0,\"publisher\":{\"@id\":\"https:\\\/\\\/yaracreatyque.fr\\\/#organization\"},\"image\":{\"@id\":\"https:\\\/\\\/yaracreatyque.fr\\\/?p=775#primaryimage\"},\"thumbnailUrl\":\"https:\\\/\\\/i0.wp.com\\\/yaracreatyque.fr\\\/wp-content\\\/uploads\\\/2025\\\/03\\\/illustration-femme-paisible-style-geometrique-artistique.jpg?fit=1920%2C1080&ssl=1\",\"keywords\":[\"introspection cr\u00e9ative\"],\"articleSection\":[\"YARA CREATYQUE\"],\"inLanguage\":\"fr-FR\",\"potentialAction\":[{\"@type\":\"CommentAction\",\"name\":\"Comment\",\"target\":[\"https:\\\/\\\/yaracreatyque.fr\\\/?p=775#respond\"]}]},{\"@type\":\"WebPage\",\"@id\":\"https:\\\/\\\/yaracreatyque.fr\\\/?p=775\",\"url\":\"https:\\\/\\\/yaracreatyque.fr\\\/?p=775\",\"name\":\"Significations de Yara Creatyque - Explorer pour ancrer son identit\u00e9\",\"isPartOf\":{\"@id\":\"https:\\\/\\\/yaracreatyque.fr\\\/#website\"},\"primaryImageOfPage\":{\"@id\":\"https:\\\/\\\/yaracreatyque.fr\\\/?p=775#primaryimage\"},\"image\":{\"@id\":\"https:\\\/\\\/yaracreatyque.fr\\\/?p=775#primaryimage\"},\"thumbnailUrl\":\"https:\\\/\\\/i0.wp.com\\\/yaracreatyque.fr\\\/wp-content\\\/uploads\\\/2025\\\/03\\\/illustration-femme-paisible-style-geometrique-artistique.jpg?fit=1920%2C1080&ssl=1\",\"datePublished\":\"2025-04-12T13:11:37+00:00\",\"dateModified\":\"2025-04-13T22:30:34+00:00\",\"description\":\"Significations de Yara Creatyque, interpr\u00e9tation d\u2019un nom : explorer ses intuitions \u00e0 travers les symboliques et sens cach\u00e9s.\",\"breadcrumb\":{\"@id\":\"https:\\\/\\\/yaracreatyque.fr\\\/?p=775#breadcrumb\"},\"inLanguage\":\"fr-FR\",\"potentialAction\":[{\"@type\":\"ReadAction\",\"target\":[\"https:\\\/\\\/yaracreatyque.fr\\\/?p=775\"]}]},{\"@type\":\"ImageObject\",\"inLanguage\":\"fr-FR\",\"@id\":\"https:\\\/\\\/yaracreatyque.fr\\\/?p=775#primaryimage\",\"url\":\"https:\\\/\\\/i0.wp.com\\\/yaracreatyque.fr\\\/wp-content\\\/uploads\\\/2025\\\/03\\\/illustration-femme-paisible-style-geometrique-artistique.jpg?fit=1920%2C1080&ssl=1\",\"contentUrl\":\"https:\\\/\\\/i0.wp.com\\\/yaracreatyque.fr\\\/wp-content\\\/uploads\\\/2025\\\/03\\\/illustration-femme-paisible-style-geometrique-artistique.jpg?fit=1920%2C1080&ssl=1\",\"width\":1920,\"height\":1080,\"caption\":\"Les significations du pseudo Yara Creatyque\"},{\"@type\":\"BreadcrumbList\",\"@id\":\"https:\\\/\\\/yaracreatyque.fr\\\/?p=775#breadcrumb\",\"itemListElement\":[{\"@type\":\"ListItem\",\"position\":1,\"name\":\"Accueil\",\"item\":\"https:\\\/\\\/yaracreatyque.fr\\\/\"},{\"@type\":\"ListItem\",\"position\":2,\"name\":\"\u00c0 la D\u00e9couverte des Significations Profondes du Nom Yara Creatyque\"}]},{\"@type\":\"WebSite\",\"@id\":\"https:\\\/\\\/yaracreatyque.fr\\\/#website\",\"url\":\"https:\\\/\\\/yaracreatyque.fr\\\/\",\"name\":\"Yara Creatyque\",\"description\":\"Explorez l&#039;art du coloriage g\u00e9om\u00e9trique et introspectif \u00e0 travers un espace d\u00e9di\u00e9 \u00e0 la cr\u00e9ation et au bien-\u00eatre par le coloriage th\u00e9rapeutique. D\u00e9couvrez des livres de coloriages uniques alliant designs g\u00e9om\u00e9triques modernes et introspection, con\u00e7us pour stimuler la cr\u00e9ativit\u00e9, favoriser la relaxation et encourager l&#039;expression de soi.\",\"publisher\":{\"@id\":\"https:\\\/\\\/yaracreatyque.fr\\\/#organization\"},\"potentialAction\":[{\"@type\":\"SearchAction\",\"target\":{\"@type\":\"EntryPoint\",\"urlTemplate\":\"https:\\\/\\\/yaracreatyque.fr\\\/?s={search_term_string}\"},\"query-input\":{\"@type\":\"PropertyValueSpecification\",\"valueRequired\":true,\"valueName\":\"search_term_string\"}}],\"inLanguage\":\"fr-FR\"},{\"@type\":\"Organization\",\"@id\":\"https:\\\/\\\/yaracreatyque.fr\\\/#organization\",\"name\":\"Yara Creatyque\",\"url\":\"https:\\\/\\\/yaracreatyque.fr\\\/\",\"logo\":{\"@type\":\"ImageObject\",\"inLanguage\":\"fr-FR\",\"@id\":\"https:\\\/\\\/yaracreatyque.fr\\\/#\\\/schema\\\/logo\\\/image\\\/\",\"url\":\"https:\\\/\\\/i0.wp.com\\\/yaracreatyque.fr\\\/wp-content\\\/uploads\\\/2025\\\/04\\\/cropped-logo-yara-creatyque.png?fit=760%2C100&ssl=1\",\"contentUrl\":\"https:\\\/\\\/i0.wp.com\\\/yaracreatyque.fr\\\/wp-content\\\/uploads\\\/2025\\\/04\\\/cropped-logo-yara-creatyque.png?fit=760%2C100&ssl=1\",\"width\":760,\"height\":100,\"caption\":\"Yara Creatyque\"},\"image\":{\"@id\":\"https:\\\/\\\/yaracreatyque.fr\\\/#\\\/schema\\\/logo\\\/image\\\/\"}},{\"@type\":\"Person\",\"@id\":\"https:\\\/\\\/yaracreatyque.fr\\\/#\\\/schema\\\/person\\\/eb6b12b5443042def80bb9efe0d0b3b1\",\"name\":\"Yara\",\"image\":{\"@type\":\"ImageObject\",\"inLanguage\":\"fr-FR\",\"@id\":\"https:\\\/\\\/secure.gravatar.com\\\/avatar\\\/efd2cac8022c1412d4c307ac3673692a775ca432d7ec66f29449f6befb6dc021?s=96&d=identicon&r=g\",\"url\":\"https:\\\/\\\/secure.gravatar.com\\\/avatar\\\/efd2cac8022c1412d4c307ac3673692a775ca432d7ec66f29449f6befb6dc021?s=96&d=identicon&r=g\",\"contentUrl\":\"https:\\\/\\\/secure.gravatar.com\\\/avatar\\\/efd2cac8022c1412d4c307ac3673692a775ca432d7ec66f29449f6befb6dc021?s=96&d=identicon&r=g\",\"caption\":\"Yara\"},\"description\":\"Artiste d'illustrations g\u00e9om\u00e9triques et auteure de livres auto-\u00e9dit\u00e9s\",\"sameAs\":[\"http:\\\/\\\/yaracreatyque.fr\"],\"url\":\"https:\\\/\\\/yaracreatyque.fr\\\/?author=263724410\"}]}<\/script>\n<!-- \/ Yoast SEO plugin. -->","yoast_head_json":{"title":"Significations de Yara Creatyque - Explorer pour ancrer son identit\u00e9","description":"Significations de Yara Creatyque, interpr\u00e9tation d\u2019un nom : explorer ses intuitions \u00e0 travers les symboliques et sens cach\u00e9s.","robots":{"index":"index","follow":"follow","max-snippet":"max-snippet:-1","max-image-preview":"max-image-preview:large","max-video-preview":"max-video-preview:-1"},"canonical":"https:\/\/yaracreatyque.fr\/?p=775","og_locale":"fr_FR","og_type":"article","og_title":"Significations de Yara Creatyque - Explorer pour ancrer son identit\u00e9","og_description":"Significations de Yara Creatyque, interpr\u00e9tation d\u2019un nom : explorer ses intuitions \u00e0 travers les symboliques et sens cach\u00e9s.","og_url":"https:\/\/yaracreatyque.fr\/?p=775","og_site_name":"Yara Creatyque","article_published_time":"2025-04-12T13:11:37+00:00","article_modified_time":"2025-04-13T22:30:34+00:00","og_image":[{"width":1920,"height":1080,"url":"https:\/\/yaracreatyque.fr\/wp-content\/uploads\/2025\/03\/illustration-femme-paisible-style-geometrique-artistique.jpg","type":"image\/jpeg"}],"author":"Yara","twitter_card":"summary_large_image","twitter_misc":{"\u00c9crit par":"Yara","Dur\u00e9e de lecture estim\u00e9e":"30 minutes"},"schema":{"@context":"https:\/\/schema.org","@graph":[{"@type":"Article","@id":"https:\/\/yaracreatyque.fr\/?p=775#article","isPartOf":{"@id":"https:\/\/yaracreatyque.fr\/?p=775"},"author":{"name":"Yara","@id":"https:\/\/yaracreatyque.fr\/#\/schema\/person\/eb6b12b5443042def80bb9efe0d0b3b1"},"headline":"\u00c0 la D\u00e9couverte des Significations Profondes du Nom Yara Creatyque","datePublished":"2025-04-12T13:11:37+00:00","dateModified":"2025-04-13T22:30:34+00:00","mainEntityOfPage":{"@id":"https:\/\/yaracreatyque.fr\/?p=775"},"wordCount":5723,"commentCount":0,"publisher":{"@id":"https:\/\/yaracreatyque.fr\/#organization"},"image":{"@id":"https:\/\/yaracreatyque.fr\/?p=775#primaryimage"},"thumbnailUrl":"https:\/\/i0.wp.com\/yaracreatyque.fr\/wp-content\/uploads\/2025\/03\/illustration-femme-paisible-style-geometrique-artistique.jpg?fit=1920%2C1080&ssl=1","keywords":["introspection cr\u00e9ative"],"articleSection":["YARA CREATYQUE"],"inLanguage":"fr-FR","potentialAction":[{"@type":"CommentAction","name":"Comment","target":["https:\/\/yaracreatyque.fr\/?p=775#respond"]}]},{"@type":"WebPage","@id":"https:\/\/yaracreatyque.fr\/?p=775","url":"https:\/\/yaracreatyque.fr\/?p=775","name":"Significations de Yara Creatyque - Explorer pour ancrer son identit\u00e9","isPartOf":{"@id":"https:\/\/yaracreatyque.fr\/#website"},"primaryImageOfPage":{"@id":"https:\/\/yaracreatyque.fr\/?p=775#primaryimage"},"image":{"@id":"https:\/\/yaracreatyque.fr\/?p=775#primaryimage"},"thumbnailUrl":"https:\/\/i0.wp.com\/yaracreatyque.fr\/wp-content\/uploads\/2025\/03\/illustration-femme-paisible-style-geometrique-artistique.jpg?fit=1920%2C1080&ssl=1","datePublished":"2025-04-12T13:11:37+00:00","dateModified":"2025-04-13T22:30:34+00:00","description":"Significations de Yara Creatyque, interpr\u00e9tation d\u2019un nom : explorer ses intuitions \u00e0 travers les symboliques et sens cach\u00e9s.","breadcrumb":{"@id":"https:\/\/yaracreatyque.fr\/?p=775#breadcrumb"},"inLanguage":"fr-FR","potentialAction":[{"@type":"ReadAction","target":["https:\/\/yaracreatyque.fr\/?p=775"]}]},{"@type":"ImageObject","inLanguage":"fr-FR","@id":"https:\/\/yaracreatyque.fr\/?p=775#primaryimage","url":"https:\/\/i0.wp.com\/yaracreatyque.fr\/wp-content\/uploads\/2025\/03\/illustration-femme-paisible-style-geometrique-artistique.jpg?fit=1920%2C1080&ssl=1","contentUrl":"https:\/\/i0.wp.com\/yaracreatyque.fr\/wp-content\/uploads\/2025\/03\/illustration-femme-paisible-style-geometrique-artistique.jpg?fit=1920%2C1080&ssl=1","width":1920,"height":1080,"caption":"Les significations du pseudo Yara Creatyque"},{"@type":"BreadcrumbList","@id":"https:\/\/yaracreatyque.fr\/?p=775#breadcrumb","itemListElement":[{"@type":"ListItem","position":1,"name":"Accueil","item":"https:\/\/yaracreatyque.fr\/"},{"@type":"ListItem","position":2,"name":"\u00c0 la D\u00e9couverte des Significations Profondes du Nom Yara Creatyque"}]},{"@type":"WebSite","@id":"https:\/\/yaracreatyque.fr\/#website","url":"https:\/\/yaracreatyque.fr\/","name":"Yara Creatyque","description":"Explorez l&#039;art du coloriage g\u00e9om\u00e9trique et introspectif \u00e0 travers un espace d\u00e9di\u00e9 \u00e0 la cr\u00e9ation et au bien-\u00eatre par le coloriage th\u00e9rapeutique. D\u00e9couvrez des livres de coloriages uniques alliant designs g\u00e9om\u00e9triques modernes et introspection, con\u00e7us pour stimuler la cr\u00e9ativit\u00e9, favoriser la relaxation et encourager l&#039;expression de soi.","publisher":{"@id":"https:\/\/yaracreatyque.fr\/#organization"},"potentialAction":[{"@type":"SearchAction","target":{"@type":"EntryPoint","urlTemplate":"https:\/\/yaracreatyque.fr\/?s={search_term_string}"},"query-input":{"@type":"PropertyValueSpecification","valueRequired":true,"valueName":"search_term_string"}}],"inLanguage":"fr-FR"},{"@type":"Organization","@id":"https:\/\/yaracreatyque.fr\/#organization","name":"Yara Creatyque","url":"https:\/\/yaracreatyque.fr\/","logo":{"@type":"ImageObject","inLanguage":"fr-FR","@id":"https:\/\/yaracreatyque.fr\/#\/schema\/logo\/image\/","url":"https:\/\/i0.wp.com\/yaracreatyque.fr\/wp-content\/uploads\/2025\/04\/cropped-logo-yara-creatyque.png?fit=760%2C100&ssl=1","contentUrl":"https:\/\/i0.wp.com\/yaracreatyque.fr\/wp-content\/uploads\/2025\/04\/cropped-logo-yara-creatyque.png?fit=760%2C100&ssl=1","width":760,"height":100,"caption":"Yara Creatyque"},"image":{"@id":"https:\/\/yaracreatyque.fr\/#\/schema\/logo\/image\/"}},{"@type":"Person","@id":"https:\/\/yaracreatyque.fr\/#\/schema\/person\/eb6b12b5443042def80bb9efe0d0b3b1","name":"Yara","image":{"@type":"ImageObject","inLanguage":"fr-FR","@id":"https:\/\/secure.gravatar.com\/avatar\/efd2cac8022c1412d4c307ac3673692a775ca432d7ec66f29449f6befb6dc021?s=96&d=identicon&r=g","url":"https:\/\/secure.gravatar.com\/avatar\/efd2cac8022c1412d4c307ac3673692a775ca432d7ec66f29449f6befb6dc021?s=96&d=identicon&r=g","contentUrl":"https:\/\/secure.gravatar.com\/avatar\/efd2cac8022c1412d4c307ac3673692a775ca432d7ec66f29449f6befb6dc021?s=96&d=identicon&r=g","caption":"Yara"},"description":"Artiste d'illustrations g\u00e9om\u00e9triques et auteure de livres auto-\u00e9dit\u00e9s","sameAs":["http:\/\/yaracreatyque.fr"],"url":"https:\/\/yaracreatyque.fr\/?author=263724410"}]}},"jetpack_publicize_connections":[],"jetpack_featured_media_url":"https:\/\/i0.wp.com\/yaracreatyque.fr\/wp-content\/uploads\/2025\/03\/illustration-femme-paisible-style-geometrique-artistique.jpg?fit=1920%2C1080&ssl=1","jetpack_likes_enabled":true,"jetpack_sharing_enabled":true,"jetpack_shortlink":"https:\/\/wp.me\/pgr1n1-cv","jetpack-related-posts":[],"_links":{"self":[{"href":"https:\/\/yaracreatyque.fr\/index.php?rest_route=\/wp\/v2\/posts\/775","targetHints":{"allow":["GET"]}}],"collection":[{"href":"https:\/\/yaracreatyque.fr\/index.php?rest_route=\/wp\/v2\/posts"}],"about":[{"href":"https:\/\/yaracreatyque.fr\/index.php?rest_route=\/wp\/v2\/types\/post"}],"author":[{"embeddable":true,"href":"https:\/\/yaracreatyque.fr\/index.php?rest_route=\/wp\/v2\/users\/263724410"}],"replies":[{"embeddable":true,"href":"https:\/\/yaracreatyque.fr\/index.php?rest_route=%2Fwp%2Fv2%2Fcomments&post=775"}],"version-history":[{"count":101,"href":"https:\/\/yaracreatyque.fr\/index.php?rest_route=\/wp\/v2\/posts\/775\/revisions"}],"predecessor-version":[{"id":2407,"href":"https:\/\/yaracreatyque.fr\/index.php?rest_route=\/wp\/v2\/posts\/775\/revisions\/2407"}],"wp:featuredmedia":[{"embeddable":true,"href":"https:\/\/yaracreatyque.fr\/index.php?rest_route=\/wp\/v2\/media\/2062"}],"wp:attachment":[{"href":"https:\/\/yaracreatyque.fr\/index.php?rest_route=%2Fwp%2Fv2%2Fmedia&parent=775"}],"wp:term":[{"taxonomy":"category","embeddable":true,"href":"https:\/\/yaracreatyque.fr\/index.php?rest_route=%2Fwp%2Fv2%2Fcategories&post=775"},{"taxonomy":"post_tag","embeddable":true,"href":"https:\/\/yaracreatyque.fr\/index.php?rest_route=%2Fwp%2Fv2%2Ftags&post=775"}],"curies":[{"name":"wp","href":"https:\/\/api.w.org\/{rel}","templated":true}]}}